{"id":260170,"date":"2025-07-20T02:55:52","date_gmt":"2025-07-20T02:55:52","guid":{"rendered":"https:\/\/www.europesays.com\/fr\/260170\/"},"modified":"2025-07-20T02:55:52","modified_gmt":"2025-07-20T02:55:52","slug":"une-fresque-temporaire-a-40-000-euros-sur-la-maison-du-tourisme","status":"publish","type":"post","link":"https:\/\/www.europesays.com\/fr\/260170\/","title":{"rendered":"UNE FRESQUE TEMPORAIRE \u00c0 40 000 EUROS SUR LA MAISON DU TOURISME"},"content":{"rendered":"<p style=\"text-align: justify;\">La municipalit\u00e9 Piolle et la M\u00e9tropole s&rsquo;appr\u00eatent \u00e0 d\u00e9penser 40 000 \u20ac pour une fresque \u00e9ph\u00e9m\u00e8re sur la Maison du Tourisme.  Une \u00e9ni\u00e8me illustration de leur gestion dispendieuse quand on conna\u00eet l&rsquo;\u00e9tat des finances locales et le destin plus qu&rsquo;hypoth\u00e9tique de cette verrue.<\/p>\n<p><b>40 000\u20ac POUR UNE FRESQUE \u00c9PH\u00c9M\u00c8RE<\/b><\/p>\n<p style=\"text-align: justify;\">M\u00e9tropole et Ville vont ainsi cofinancer \u00e0 hauteur de 20 000 \u20ac chacune une fresque \u00ab\u00a0\u00e9ph\u00e9m\u00e8re\u00a0\u00bb sur une fa\u00e7ade de la Maison du Tourisme, ceci dans une d\u00e9marche \u00ab\u00a0d&#8217;embellissement urbain\u00a0\u00bb et de \u00ab\u00a0valorisation du centre-ville\u00a0\u00bb. Et bien s\u00fbr, on retrouve comme d&rsquo;habitude les crit\u00e8res des Verts\/LFI <a href=\"https:\/\/grenoble-le-changement.fr\/2025\/06\/30\/theatre-de-grenoble-la-municipalite-essaye-de-masquer-le-desastre-culturel\/\" rel=\"nofollow noopener\" target=\"_blank\">pour l&rsquo;encadrement de toute cr\u00e9ation artistique et la restriction de la libert\u00e9 de cr\u00e9ation<\/a>\u00a0avec l&rsquo;obligation pour l&rsquo;oeuvre de faire la part belle \u00e0 \u00ab\u00a0l\u2019\u00e9galit\u00e9 entre les femmes et les hommes, la d\u00e9mocratie, l\u2019inclusion ou la transition climatique\u00a0\u00bb.<\/p>\n<p><a href=\"https:\/\/i2.wp.com\/grenoble-le-changement.fr\/wp-content\/uploads\/2025\/07\/maison-du-tourisme-grenoble-1.png?ssl=1\" rel=\"lightbox[83349] nofollow noopener\" target=\"_blank\"><img loading=\"lazy\" decoding=\"async\" class=\"wp-image-83373 aligncenter jetpack-lazy-image\" src=\"https:\/\/i2.wp.com\/grenoble-le-changement.fr\/wp-content\/uploads\/2025\/07\/maison-du-tourisme-grenoble-1.png?resize=667%2C347&amp;ssl=1\" alt=\"\" width=\"667\" height=\"347\" data-recalc-dims=\"1\" data-lazy-src=\"https:\/\/www.europesays.com\/fr\/wp-content\/uploads\/2025\/07\/maison-du-tourisme-grenoble-1.png\" \/><\/a><\/p>\n<p><b>PEINDRE SUR UN B\u00c2TIMENT EN SURSIS<\/b><\/p>\n<p style=\"text-align: justify;\">Sauf que l&rsquo;avenir de cet \u00eelot que les \u00e9lus Piollistes veulent temporairement peindre \u00e0 grands frais est plus qu&rsquo;incertain. La municipalit\u00e9 a en effet lanc\u00e9 une \u00ab\u00a0r\u00e9sidence d&rsquo;architecte\u00a0\u00bb pour r\u00e9fl\u00e9chir \u00e0 sa transformation, qui doit aboutir en 2027. D\u00e9penser 40 000 \u20ac pour d\u00e9corer un b\u00e2timent dont on ne sait m\u00eame pas s&rsquo;il sera encore debout dans quelques ann\u00e9es est un gaspillage d&rsquo;argent public en bonne et due forme, <a href=\"https:\/\/grenoble-le-changement.fr\/2021\/05\/20\/lurbanisme-tactique-nouveau-nom-de-labandon-des-equipements\/\" rel=\"nofollow noopener\" target=\"_blank\">mais les Verts\/LFI appellent \u00e7a \u00ab\u00a0l&rsquo;urbanisme transitoire\u00a0\u00bb et \u00e7a ne leur pose aucun souci<\/a> : c&rsquo;est pas cher, c&rsquo;est le contribuable qui paye..<\/p>\n<p><b>LA \u00ab R\u00c9SIDENCE D&rsquo;ARCHITECTE \u00bb : L&rsquo;ART DE PAYER POUR NE PAS D\u00c9CIDER<\/b><\/p>\n<p style=\"text-align: justify;\">La r\u00e9sidence d&rsquo;architecte, lanc\u00e9e en 2023, a co\u00fbt\u00e9 \u00e0 la ville 35 000 euros, auxquels s&rsquo;ajoutent la mise \u00e0 disposition de locaux et d&rsquo;un logement aux architectes ! Une grosse d\u00e9pense pour une op\u00e9ration qui vise pour l&rsquo;\u00e9quipe municipale \u00e0 s&rsquo;acheter du temps et repousser les d\u00e9cisions au prochain mandat, tout en faisant mine d&rsquo;avoir d\u00e9j\u00e0 agi avant les \u00e9lections. Car la co\u00fbteuse \u00e9tude a abouti \u00e0 six sc\u00e9narios, allant de la r\u00e9novation \u00e0 la d\u00e9molition totale,  <a target=\"_blank\" href=\"https:\/\/www.grenobleencommun.fr\/grenoble-fin-de-la-residence-darchitecte-a-lilot-tresor\/\" rel=\"nofollow noopener\">sans qu&rsquo;aucune orientation ne soit d\u00e9cid\u00e9e<\/a>. C\u2019est la m\u00e9thode Piolle : payer pour brasser de l&rsquo;air et ainsi donner l&rsquo;illusion de l&rsquo;action alors qu&rsquo;il ne se passe rien.<\/p>\n<p><b>UNE VERRUE QUE L&rsquo;OPPOSITION PROPOSE DE RASER DEPUIS 2019<\/b><\/p>\n<p style=\"text-align: justify;\">Pourtant, une solution claire, logique et pl\u00e9biscit\u00e9e est sur la table depuis des ann\u00e9es. Depuis des ann\u00e9es, <a href=\"https:\/\/grenoble-le-changement.fr\/2019\/02\/05\/raser-la-maison-du-tourisme-une-nouvelle-place\/\" rel=\"nofollow noopener\" target=\"_blank\">l&rsquo;\u00e9quipe men\u00e9e par Alain Carignon propose de raser cet \u00e9difice hideux<\/a>. L&rsquo;objectif : cr\u00e9er une grande place v\u00e9g\u00e9talis\u00e9e pour que les Grenoblois puissent fl\u00e2ner, et surtout d\u00e9gager la perspective sur la magnifique fa\u00e7ade du lyc\u00e9e Stendhal, aujourd&rsquo;hui masqu\u00e9e.  Une proposition simple et de bon sens, partag\u00e9e par d&rsquo;autres \u00e9lus \u00e0 l&rsquo;instar d&rsquo;Emilie Chalas, et par de tr\u00e8s nombreux Grenoblois qui d\u00e9plorent cette verrue urbaine.<\/p>\n<p><a href=\"https:\/\/i0.wp.com\/grenoble-le-changement.fr\/wp-content\/uploads\/2025\/07\/la-france-moche-maison-du-tourisme-1.png?ssl=1\" rel=\"lightbox[83349] nofollow noopener\" target=\"_blank\"><img loading=\"lazy\" decoding=\"async\" class=\" wp-image-83370 jetpack-lazy-image\" src=\"https:\/\/i0.wp.com\/grenoble-le-changement.fr\/wp-content\/uploads\/2025\/07\/la-france-moche-maison-du-tourisme-1.png?resize=568%2C582&amp;ssl=1\" alt=\"\" width=\"568\" height=\"582\" data-recalc-dims=\"1\" data-lazy-src=\"https:\/\/www.europesays.com\/fr\/wp-content\/uploads\/2025\/07\/la-france-moche-maison-du-tourisme-1.png\" \/><\/a>La maison du tourisme, \u00e0 l&rsquo;architecture d&rsquo;un autre temps, est tr\u00e8s r\u00e9guli\u00e8rement d\u00e9cri\u00e9e<br \/>\n<b>40 000\u20ac JET\u00c9S PAR LES FEN\u00caTRES &#8230;<\/b><\/p>\n<p style=\"text-align: justify;\"><a target=\"_blank\" href=\"https:\/\/c.ledauphine.com\/societe\/2024\/01\/07\/isere-grenoble-demolir-l-ilot-republique-un-bassin-nordique-a-jean-bron-sept-projets-que-l-on-aimerait-en-2024\" rel=\"nofollow noopener\">M\u00eame le Dauphin\u00e9 Lib\u00e9r\u00e9, en d\u00e9but d&rsquo;ann\u00e9e 2024<\/a>, sous la plume d&rsquo;Albane Pommereau appelait de ses voeux \u00e0 la d\u00e9molition de l&rsquo;\u00e9difice. Et quoi qu&rsquo;il en soit, 5 des 6 sc\u00e9narios des architectes impliquent une d\u00e9molition totale ou partielle du b\u00e2timent. Ce sont donc bien 40 000 euros jet\u00e9s par les fen\u00eatres en connaissance de cause dans tous les cas. La fresque partira directement \u00e0 la benne sous forme de gravats, que les Grenoblois d\u00e9cident de reconduire l&rsquo;\u00e9quipe Verts\/LFI avec Laurence Ruffin, ou qu&rsquo;ils fassent le choix du changement incarn\u00e9 par Alain Carignon aux \u00e9lections de mars 2026.<\/p>\n<p><b>&#8230; PAR DES COLLECTIVIT\u00c9S EXSANGUES<\/b><\/p>\n<p style=\"text-align: justify;\">Cette d\u00e9pense totalement dispensable intervient dans un contexte financier tr\u00e8s contraint pour la Ville et la M\u00e9tropole qui, apr\u00e8s dix ans de gestion Piolle et de ses alli\u00e9s, <a href=\"https:\/\/grenoble-le-changement.fr\/2024\/11\/12\/budget-2025-ou-va-votre-argent\/\" rel=\"nofollow noopener\" target=\"_blank\">cumulent explosion des imp\u00f4ts, envol des d\u00e9penses de fonctionnement et dette qui se creuse ann\u00e9es apr\u00e8s ann\u00e9es<\/a>. Dans pareille situation, d\u00e9penser 40 000 \u20ac pour une fresque temporaire est une insulte aux contribuables et un m\u00e9pris des vraies priorit\u00e9s de la ville qu&rsquo;une telle somme aiderait \u00e0 traiter.<\/p>\n<p><a href=\"https:\/\/i2.wp.com\/grenoble-le-changement.fr\/wp-content\/uploads\/2023\/04\/Papothe\u0300que-6-2-scaled.jpg?ssl=1\" rel=\"lightbox[83349] nofollow noopener\" target=\"_blank\"><img loading=\"lazy\" decoding=\"async\" class=\" wp-image-61242 jetpack-lazy-image\" src=\"https:\/\/i2.wp.com\/grenoble-le-changement.fr\/wp-content\/uploads\/2023\/04\/Papothe\u0300que-6-2.jpg?resize=659%2C371&amp;ssl=1\" alt=\"\" width=\"659\" height=\"371\" data-recalc-dims=\"1\" data-lazy-src=\"https:\/\/i2.wp.com\/grenoble-le-changement.fr\/wp-content\/uploads\/2023\/04\/Papothe\u0300que-6-2.jpg?resize=659%2C371&amp;is-pending-load=1#038;ssl=1\" \/><\/a>La papoth\u00e8que, structure d&rsquo;\u00e9conomie sociale et solidaire au c\u0153ur du quartier Lys Rouge qui a \u00e9norm\u00e9ment fait pour la coh\u00e9sion sociale et le lien interg\u00e9n\u00e9rationnel dans le quartier a d\u00fb mettre la cl\u00e9 sous la porte. Pour moiti\u00e9 moins que le co\u00fbt de la fresque, elle aurait surv\u00e9cu<\/p>\n","protected":false},"excerpt":{"rendered":"La municipalit\u00e9 Piolle et la M\u00e9tropole s&rsquo;appr\u00eatent \u00e0 d\u00e9penser 40 000 \u20ac pour une fresque \u00e9ph\u00e9m\u00e8re sur la&hellip;\n","protected":false},"author":2,"featured_media":260171,"comment_status":"","ping_status":"","sticky":false,"template":"","format":"standard","meta":{"footnotes":""},"categories":[9566],"tags":[1111,11,9601,40027,23637,2430,15172,9605,9606,9607,1777,674,1011,27,2731,10136,40028,12,25],"class_list":{"0":"post-260170","1":"post","2":"type-post","3":"status-publish","4":"format-standard","5":"has-post-thumbnail","7":"category-grenoble","8":"tag-actu","9":"tag-actualites","10":"tag-alain-carignon","11":"tag-albane-pommereau","12":"tag-anne-roche","13":"tag-auvergne-rhone-alpes","14":"tag-brigitte-boer","15":"tag-dominique-escaron","16":"tag-emilie-chalas","17":"tag-eric-piolle","18":"tag-eu","19":"tag-europe","20":"tag-fr","21":"tag-france","22":"tag-grenoble","23":"tag-laurence-ruffin","24":"tag-melina-herenger","25":"tag-news","26":"tag-republique-francaise"},"share_on_mastodon":{"url":"https:\/\/pubeurope.com\/@fr\/114883315973091480","error":""},"_links":{"self":[{"href":"https:\/\/www.europesays.com\/fr\/wp-json\/wp\/v2\/posts\/260170","targetHints":{"allow":["GET"]}}],"collection":[{"href":"https:\/\/www.europesays.com\/fr\/wp-json\/wp\/v2\/posts"}],"about":[{"href":"https:\/\/www.europesays.com\/fr\/wp-json\/wp\/v2\/types\/post"}],"author":[{"embeddable":true,"href":"https:\/\/www.europesays.com\/fr\/wp-json\/wp\/v2\/users\/2"}],"replies":[{"embeddable":true,"href":"https:\/\/www.europesays.com\/fr\/wp-json\/wp\/v2\/comments?post=260170"}],"version-history":[{"count":0,"href":"https:\/\/www.europesays.com\/fr\/wp-json\/wp\/v2\/posts\/260170\/revisions"}],"wp:featuredmedia":[{"embeddable":true,"href":"https:\/\/www.europesays.com\/fr\/wp-json\/wp\/v2\/media\/260171"}],"wp:attachment":[{"href":"https:\/\/www.europesays.com\/fr\/wp-json\/wp\/v2\/media?parent=260170"}],"wp:term":[{"taxonomy":"category","embeddable":true,"href":"https:\/\/www.europesays.com\/fr\/wp-json\/wp\/v2\/categories?post=260170"},{"taxonomy":"post_tag","embeddable":true,"href":"https:\/\/www.europesays.com\/fr\/wp-json\/wp\/v2\/tags?post=260170"}],"curies":[{"name":"wp","href":"https:\/\/api.w.org\/{rel}","templated":true}]}}