{"id":260178,"date":"2025-07-20T03:02:10","date_gmt":"2025-07-20T03:02:10","guid":{"rendered":"https:\/\/www.europesays.com\/fr\/260178\/"},"modified":"2025-07-20T03:02:10","modified_gmt":"2025-07-20T03:02:10","slug":"un-nouveau-club-de-padel-en-construction-pres-du-stade-allianz-riviera-a-nice","status":"publish","type":"post","link":"https:\/\/www.europesays.com\/fr\/260178\/","title":{"rendered":"Un nouveau club de padel en construction pr\u00e8s du stade Allianz Riviera \u00e0 Nice"},"content":{"rendered":"<p>Amateurs de padel, vous serez ravis d\u2019apprendre qu\u2019un nouveau lieu d\u00e9di\u00e9 \u00e0 votre pratique va \u00eatre construit \u00e0 l\u2019ouest de Nice. Il sera situ\u00e9 juste devant le Mus\u00e9e national du Sport \u00e0 l\u2019Allianz Riviera. \u00c0 la man\u0153uvre de ce nouveau club: Nissa Padel, une soci\u00e9t\u00e9 cr\u00e9\u00e9e et pilot\u00e9e par Frank Garbarino avec une id\u00e9e: \u00ab\u00a0Combler la p\u00e9nurie de terrains sur Nice.\u00a0\u00bb<\/p>\n<p>Dix courts de padel, un de pickleball (\u00e9galement un jeu de raquettes) et un club house (avec douches, vestiaires, etc.) vont \u00eatre install\u00e9s \u00e0 l\u2019endroit o\u00f9 il y a actuellement un espace d\u00e9di\u00e9 aux activit\u00e9s en plein air. \u00ab Le terrain est dans le p\u00e9rim\u00e8tre que g\u00e8re Nice Eco Stadium, explique son directeur g\u00e9n\u00e9ral Patrick Florence. Il sera donc mis \u00e0 disposition du club en accord avec la Ville.<\/p>\n<p>Les travaux ont commenc\u00e9 le 16 juin avec la phase de terrassement et d\u2019excavation. \u00bb Les visiteurs du mus\u00e9e l\u2019ont probablement remarqu\u00e9. Pas de difficult\u00e9 particuli\u00e8re sur ce chantier, les choses pourront aller vite. L\u2019am\u00e9nagement des 5200m2 pourra ensuite commencer \u00ab\u00a0le mois prochain\u00a0\u00bb, selon Patrick Florence, soit vers le mois d\u2019ao\u00fbt. L\u2019ouverture quant \u00e0 elle, est pour l\u2019instant programm\u00e9 pour cet automne.<\/p>\n<p>Le directeur g\u00e9n\u00e9ral de Nice Eco Stadium ajoute: \u00ab\u00a0Cette zone de loisirs va se prolonger derri\u00e8re car la Ville va cr\u00e9er un city stade entre le parking P2 bis et le club de padel.\u00a0\u00bb<\/p>\n<p>Un lieu id\u00e9al<\/p>\n<p>Le site choisi pour implanter ce nouveau club de padel semble cocher toutes les cases: il est facile d\u2019acc\u00e8s, pr\u00e8s de la sortie de l\u2019autoroute, avec des parkings publics \u00e0 proximit\u00e9 et \u00e0 deux pas de l\u2019arr\u00eat de tramway ligne 3.<\/p>\n<p>Mais surtout, il n\u2019est pas \u00e0 proximit\u00e9 imm\u00e9diate d\u2019habitations. Car le padel a beau \u00eatre en vogue, il g\u00e9n\u00e8re parfois des nuisances sonores aupr\u00e8s des riverains, le <a href=\"https:\/\/www.nicematin.com\/vie-locale\/condamne-par-la-justice-deboute-en-appel-le-nice-lawn-tennis-club-a-bien-ferme-ses-cours-de-padel-981251?t=1751638041\" target=\"_blank\" rel=\"noopener\">Nice Tennis Lawn en a fait les frais <\/a>puisque ses voisins l\u2019ont attaqu\u00e9 en justice pour lui demander de fermer ses courts \u2013 ce qu\u2019il a fait en attendant l\u2019audience en appel sur le fond pr\u00e9vue \u00e0 la mi-novembre.<\/p>\n<p>Frank Garbarino, qui travaille dans l\u2019immobilier depuis des ann\u00e9es, a pris toutes les pr\u00e9cautions: \u00ab Des \u00e9tudes acoustiques ont \u00e9t\u00e9 r\u00e9alis\u00e9es afin de v\u00e9rifier que tout \u00e9tait conforme \u00e0 la r\u00e9glementation.<\/p>\n<p>Nous sommes ici \u00e0 130m\u00e8tres de la premi\u00e8re habitation \u2013 soit plus loin que ce qui est pr\u00e9conis\u00e9 normalement \u2013 mais aussi dans un environnement hyper satur\u00e9 au niveau sonore. Tous les voyants sont au vert. \u00bb<\/p>\n<p>De quoi s\u00e9duire les amateurs de ce sport tr\u00e8s \u00e0 la mode, victime de son succ\u00e8s tant les terrains manquent en comparaison avec le nombre de joueurs.<\/p>\n","protected":false},"excerpt":{"rendered":"Amateurs de padel, vous serez ravis d\u2019apprendre qu\u2019un nouveau lieu d\u00e9di\u00e9 \u00e0 votre pratique va \u00eatre construit \u00e0&hellip;\n","protected":false},"author":2,"featured_media":260179,"comment_status":"","ping_status":"","sticky":false,"template":"","format":"standard","meta":{"footnotes":""},"categories":[2819],"tags":[1111,11,1777,674,1011,27,12,2401,37443,882,25,60],"class_list":{"0":"post-260178","1":"post","2":"type-post","3":"status-publish","4":"format-standard","5":"has-post-thumbnail","7":"category-nice","8":"tag-actu","9":"tag-actualites","10":"tag-eu","11":"tag-europe","12":"tag-fr","13":"tag-france","14":"tag-news","15":"tag-nice","16":"tag-padel","17":"tag-provence-alpes-cote-dazur","18":"tag-republique-francaise","19":"tag-sports"},"share_on_mastodon":{"url":"https:\/\/pubeurope.com\/@fr\/114883339391430406","error":""},"_links":{"self":[{"href":"https:\/\/www.europesays.com\/fr\/wp-json\/wp\/v2\/posts\/260178","targetHints":{"allow":["GET"]}}],"collection":[{"href":"https:\/\/www.europesays.com\/fr\/wp-json\/wp\/v2\/posts"}],"about":[{"href":"https:\/\/www.europesays.com\/fr\/wp-json\/wp\/v2\/types\/post"}],"author":[{"embeddable":true,"href":"https:\/\/www.europesays.com\/fr\/wp-json\/wp\/v2\/users\/2"}],"replies":[{"embeddable":true,"href":"https:\/\/www.europesays.com\/fr\/wp-json\/wp\/v2\/comments?post=260178"}],"version-history":[{"count":0,"href":"https:\/\/www.europesays.com\/fr\/wp-json\/wp\/v2\/posts\/260178\/revisions"}],"wp:featuredmedia":[{"embeddable":true,"href":"https:\/\/www.europesays.com\/fr\/wp-json\/wp\/v2\/media\/260179"}],"wp:attachment":[{"href":"https:\/\/www.europesays.com\/fr\/wp-json\/wp\/v2\/media?parent=260178"}],"wp:term":[{"taxonomy":"category","embeddable":true,"href":"https:\/\/www.europesays.com\/fr\/wp-json\/wp\/v2\/categories?post=260178"},{"taxonomy":"post_tag","embeddable":true,"href":"https:\/\/www.europesays.com\/fr\/wp-json\/wp\/v2\/tags?post=260178"}],"curies":[{"name":"wp","href":"https:\/\/api.w.org\/{rel}","templated":true}]}}