{"id":26018,"date":"2025-04-15T06:18:15","date_gmt":"2025-04-15T06:18:15","guid":{"rendered":"https:\/\/www.europesays.com\/fr\/26018\/"},"modified":"2025-04-15T06:18:15","modified_gmt":"2025-04-15T06:18:15","slug":"le-calvaire-dun-etudiant-de-droite-dans-une-universite-sous-la-terreur-de-la-gauche-temoignage","status":"publish","type":"post","link":"https:\/\/www.europesays.com\/fr\/26018\/","title":{"rendered":"le calvaire d\u2019un \u00e9tudiant de droite dans une universit\u00e9 sous la terreur de la gauche [T\u00e9moignage]"},"content":{"rendered":"<p><strong>\u00a0\u00c0 Nantes, un \u00e9tudiant de droite, que nous appellerons\u00a0Julien, a accept\u00e9 de t\u00e9moigner anonymement pour\u00a0Breizh-info.com. \u00c0 22 ans, il a d\u00e9cid\u00e9 de quitter l\u2019universit\u00e9 apr\u00e8s des mois de violences physiques et psychologiques li\u00e9es \u00e0 ses convictions politiques. Un r\u00e9cit gla\u00e7ant d\u2019une r\u00e9alit\u00e9 trop souvent pass\u00e9e sous silence dans les milieux universitaires, mais \u00e9galement dans un monde politique totalement inf\u00e9od\u00e9 au gauchisme, <a href=\"https:\/\/www.breizh-info.com\/2025\/04\/10\/245738\/violences-contre-frontieres-a-lassemblee-quand-lfi-et-les-communistes-veulent-decider-qui-peut-etre-journaliste\/\" target=\"_blank\" rel=\"noopener\">ces derni\u00e8res semaines en sont des t\u00e9moignages.<\/a> Un t\u00e9moignage qui rappelle les violences que subissent les \u00e9tudiants dans les facult\u00e9s marqu\u00e9es \u00e0 gauche, \u00e0 Rennes <a href=\"https:\/\/www.breizh-info.com\/2025\/02\/13\/243824\/nantes-universite-lextreme-gauche-dans-une-escalade-de-violence-et-dintimidation\/\" target=\"_blank\" rel=\"noopener\">comme \u00e0 Nantes<\/a>, pour ne citer que la Bretagne.<\/strong><\/p>\n<p><strong>Breizh-info.com : Que vous est-il arriv\u00e9 exactement \u00e0 l\u2019universit\u00e9 de Nantes ?<\/strong><\/p>\n<p><strong>Julien<\/strong> : Je suis en troisi\u00e8me ann\u00e9e d\u2019Histoire sur le Campus du Tertre \u00e0 Nantes. Je suis arriv\u00e9 \u00e0 la fac avec tout d\u2019abord l\u2019envie d\u2019\u00e9tudier, mais \u00e9tant \u00e9galement attach\u00e9 \u00e0 la vie politique, avec l\u2019envie de d\u00e9battre, de m\u2019investir dans la vie \u00e9tudiante. La premi\u00e8re ann\u00e9e, j\u2019ai \u00e9tudi\u00e9 uniquement. Puis la seconde,\u00a0 j\u2019ai commenc\u00e9 \u00e0 distribuer quelques tracts pour un syndicat de droite et \u00e0\u00a0 coller quelques autocollants ici ou l\u00e0 sans toutefois prendre ma carte ou militer activement. Rien d\u2019extr\u00eame, je ne me reconnais pas particuli\u00e8rement dans les mouvances radicales. J\u2019appr\u00e9cie aussi bien un Retailleau, qu\u2019un Wauquiez ou que Philippe de Villiers. Mais cela a suffi pour que je sois rapidement cibl\u00e9.<\/p>\n<p>Les premi\u00e8res semaines, j\u2019ai re\u00e7u des insultes. Ensuite, des tracts que je distribuais ont \u00e9t\u00e9 arrach\u00e9s de mes mains, jet\u00e9s par terre, pi\u00e9tin\u00e9s. Puis sont venues les intimidations plus directes. Une tape violente sur la nuque dans le hall, un croche-pied dans un couloir. Une fois, je me suis retrouv\u00e9 au sol, sous les rires d\u2019un petit groupe. Et personne n\u2019a boug\u00e9.<\/p>\n<p><strong>Breizh-info.com\u00a0: Vous avez aussi \u00e9t\u00e9 victime d\u2019atteintes \u00e0 votre domicile ?<\/strong><\/p>\n<p><strong>Julien<\/strong> : Oui. J\u2019ai manifestement d\u00e9j\u00e0 \u00e9t\u00e9 suivi. Mon appartement a \u00e9t\u00e9 tagu\u00e9 \u00e0 deux reprises. Une fois, on a \u00e9crit \u00ab FAF \u00bb sur ma porte. Une autre fois, de la mousse expansive dans ma serrure J\u2019ai port\u00e9 plainte, photos \u00e0 l\u2019appui (NDLR : nous avons pu consulter une des plaintes d\u00e9pos\u00e9es). Aucune suite pour le moment. On m\u2019a m\u00eame demand\u00e9 si ce n\u2019\u00e9tait pas un \u00ab canular entre \u00e9tudiants \u00bb. Comme si c\u2019\u00e9tait une blague.<\/p>\n<p><strong>Breizh-info.com\u00a0: Avez-vous alert\u00e9 les responsables de l\u2019universit\u00e9 ?<\/strong><\/p>\n<p><strong>Julien<\/strong> : Non. C\u2019est peine perdue. <a href=\"https:\/\/www.marianne.net\/politique\/le-pen\/la-presidente-de-luniversite-de-nantes-a-t-elle-le-droit-dappeler-a-faire-barrage-a-le-pen\" target=\"_blank\" rel=\"noopener\">Vous avez vu ce que pense la directrice de l\u2019Universit\u00e9 de la droite<\/a> ? J\u2019en ai surtout discut\u00e9 avec d\u2019autres \u00e9tudiants, pour le coup pas du tout politis\u00e9s. On m\u2019a \u00e9cout\u00e9, on m\u2019a conseill\u00e9 de ne pas \u00ab envenimer les choses \u00bb. En clair : tais-toi. J\u2019ai tent\u00e9 d\u2019alerter quelques \u00e9lus locaux. Aucun n\u2019a r\u00e9pondu. Ni la mairie, ni la r\u00e9gion, ni m\u00eame les parlementaires. Je pense qu\u2019ils ont peur. Peur d\u2019\u00eatre tax\u00e9s de complicit\u00e9 avec \u00ab l\u2019extr\u00eame droite \u00bb s\u2019ils d\u00e9fendent un \u00e9tudiant simplement de droite.<\/p>\n<p><strong>Breizh-info.com\u00a0: Avez-vous identifi\u00e9 vos agresseurs ?<\/strong><\/p>\n<p><strong>Julien<\/strong> : Pas pour mon domicile. Pour les coups de pression \u00e0 la facult\u00e9, oui, bien s\u00fbr. Ils font ce qu\u2019ils veulent dans cette universit\u00e9. Il y a aussi des \u00e9tudiantes, militantes f\u00e9ministes, qui viennent vous menacer, vous insulter. Et si vous r\u00e9agissez, vous \u00eates aussit\u00f4t accus\u00e9 de \u00ab violence sexistes \u00bb ou \u00ab patriarcales \u00bb. On vous pi\u00e8ge, on vous pousse \u00e0 bout.<\/p>\n<p>C\u2019est un climat toxique. Il suffit qu\u2019un visage ne plaise pas, qu\u2019un look ne plaise pas, qu\u2019un propos soit mal interpr\u00e9t\u00e9, et vous \u00eates catalogu\u00e9, ostracis\u00e9, harcel\u00e9. Finalement ceux qui pr\u00f4nent la tol\u00e9rance au quotidien sont les personnes les plus intol\u00e9rantes que je connaisse, aucun dialogue n\u2019est possible.<\/p>\n<p>\u00ab J\u2019ai perdu confiance en mon avenir universitaire \u00bb<\/p>\n<p><strong>Breizh-info.com\u00a0: Quel impact cela a-t-il eu sur vous ?<\/strong><\/p>\n<p><strong>Julien<\/strong> : J\u2019ai commenc\u00e9 \u00e0 faire des crises d\u2019angoisse. Je n\u2019arrivais plus \u00e0 dormir, je redoutais d\u2019aller en cours. Je regardais partout, tout le temps. Et puis je me suis mis \u00e0 faire des malaises, \u00e0 perdre pied. Mon m\u00e9decin a diagnostiqu\u00e9 un burn-out. \u00c0 22 ans\u2026 Alors j\u2019ai d\u00e9cid\u00e9 d\u2019arr\u00eater. De quitter la fac prochainement, de toute fa\u00e7on, j\u2019ai l\u2019impression d\u2019\u00eatre dans une voie de garage. Je vais chercher du travail, dans le b\u00e2timent peut-\u00eatre. Travailler, voir des gens normaux, loin de cet entre-soi militant et d\u00e9l\u00e9t\u00e8re. J\u2019ai perdu confiance en mon avenir universitaire. Je n\u2019ai pas envie de me battre seul face \u00e0 ces gens qui ont tous les droits. Je n\u2019en ai pas la force, ni les moyens.<\/p>\n<p><strong>Breizh-info.com\u00a0: Que voudriez-vous dire aux responsables politiques et universitaires ?<\/strong><\/p>\n<p><strong>Julien<\/strong> : Il faut que \u00e7a cesse. Que chacun puisse s\u2019exprimer, militer, d\u00e9battre, sans peur. Aujourd\u2019hui, si vous \u00eates de gauche, vous \u00eates c\u00e9l\u00e9br\u00e9. Si vous \u00eates de droite, vous \u00eates cibl\u00e9. Ce n\u2019est pas \u00e7a, la d\u00e9mocratie.<\/p>\n<p><strong>Je lance un appel : qu\u2019on prot\u00e8ge tous les \u00e9tudiants<\/strong>. Qu\u2019on respecte toutes les opinions. Et qu\u2019on fasse enfin la lumi\u00e8re sur ce qui se passe dans les universit\u00e9s comme celle de Nantes. J\u2019ai des amis \u00e0 Rennes 2, ils voient la m\u00eame chose sans la subir. Ce n\u2019est pas juste mon histoire. Beaucoup d\u2019autres n\u2019osent pas parler.<\/p>\n<p><strong>Propos recueillis par la r\u00e9daction de Breizh-info.com<\/strong><\/p>\n<p>Cr\u00e9dit photo : DR<br \/>[cc] Breizh-info.com, 2025, d\u00e9p\u00eaches libres de copie et de diffusion sous r\u00e9serve de mention et de lien vers la source d\u2019origine<\/p>\n","protected":false},"excerpt":{"rendered":"\u00a0\u00c0 Nantes, un \u00e9tudiant de droite, que nous appellerons\u00a0Julien, a accept\u00e9 de t\u00e9moigner anonymement pour\u00a0Breizh-info.com. \u00c0 22 ans,&hellip;\n","protected":false},"author":2,"featured_media":26019,"comment_status":"","ping_status":"","sticky":false,"template":"","format":"standard","meta":{"footnotes":""},"categories":[2818],"tags":[1111,11,9286,1777,674,1011,27,9287,766,12,2636,25,5768],"class_list":{"0":"post-26018","1":"post","2":"type-post","3":"status-publish","4":"format-standard","5":"has-post-thumbnail","7":"category-nantes","8":"tag-actu","9":"tag-actualites","10":"tag-droites","11":"tag-eu","12":"tag-europe","13":"tag-fr","14":"tag-france","15":"tag-le-tertre","16":"tag-nantes","17":"tag-news","18":"tag-pays-de-la-loire","19":"tag-republique-francaise","20":"tag-universite"},"share_on_mastodon":{"url":"https:\/\/pubeurope.com\/@fr\/114340528343919694","error":""},"_links":{"self":[{"href":"https:\/\/www.europesays.com\/fr\/wp-json\/wp\/v2\/posts\/26018","targetHints":{"allow":["GET"]}}],"collection":[{"href":"https:\/\/www.europesays.com\/fr\/wp-json\/wp\/v2\/posts"}],"about":[{"href":"https:\/\/www.europesays.com\/fr\/wp-json\/wp\/v2\/types\/post"}],"author":[{"embeddable":true,"href":"https:\/\/www.europesays.com\/fr\/wp-json\/wp\/v2\/users\/2"}],"replies":[{"embeddable":true,"href":"https:\/\/www.europesays.com\/fr\/wp-json\/wp\/v2\/comments?post=26018"}],"version-history":[{"count":0,"href":"https:\/\/www.europesays.com\/fr\/wp-json\/wp\/v2\/posts\/26018\/revisions"}],"wp:featuredmedia":[{"embeddable":true,"href":"https:\/\/www.europesays.com\/fr\/wp-json\/wp\/v2\/media\/26019"}],"wp:attachment":[{"href":"https:\/\/www.europesays.com\/fr\/wp-json\/wp\/v2\/media?parent=26018"}],"wp:term":[{"taxonomy":"category","embeddable":true,"href":"https:\/\/www.europesays.com\/fr\/wp-json\/wp\/v2\/categories?post=26018"},{"taxonomy":"post_tag","embeddable":true,"href":"https:\/\/www.europesays.com\/fr\/wp-json\/wp\/v2\/tags?post=26018"}],"curies":[{"name":"wp","href":"https:\/\/api.w.org\/{rel}","templated":true}]}}