{"id":260183,"date":"2025-07-20T03:07:12","date_gmt":"2025-07-20T03:07:12","guid":{"rendered":"https:\/\/www.europesays.com\/fr\/260183\/"},"modified":"2025-07-20T03:07:12","modified_gmt":"2025-07-20T03:07:12","slug":"deces-dalain-anziani-ex-president-de-bordeaux-metropole-et-maire-de-merignac","status":"publish","type":"post","link":"https:\/\/www.europesays.com\/fr\/260183\/","title":{"rendered":"D\u00e9c\u00e8s d\u2019Alain Anziani, ex pr\u00e9sident de Bordeaux M\u00e9tropole et maire de M\u00e9rignac"},"content":{"rendered":"<p>Alain Anziani aura r\u00e9sist\u00e9 jusqu\u2019au bout. N\u00e9 le 30 mai 1951 \u00e0 Paris, Alain Anziani, qui a succomb\u00e9 le 19 juillet 2025 \u00e0 ses deux cancers, \u00e9tait une figure incontournable de la politique locale : s\u00e9nateur entre 2008 et 2017, conseiller r\u00e9gional d\u2019Aquitaine pendant 17 ans de 1992 \u00e0 2010, il devient maire de M\u00e9rignac en 2014 avant d\u2019\u00eatre \u00e9lu pr\u00e9sident de Bordeaux M\u00e9tropole en 2020.<\/p>\n<p>En d\u00e9but d\u2019ann\u00e9e 2024, son affaiblissement provoqu\u00e9 par ses maladies et les traitements <a href=\"https:\/\/rue89bordeaux.com\/2024\/03\/alain-anziani-demissionne-de-la-presidence-de-bordeaux-metropole\/\" target=\"_blank\" rel=\"noopener\">l\u2019a pouss\u00e9 \u00e0 d\u00e9missionner de cette pr\u00e9sidence<\/a>, confi\u00e9e \u00e0 son amie au PS, la maire d\u2019Eysines Christine Bost. Il a en revanche attendu juin 2025 pour renoncer \u00e0 la mairie de M\u00e9rignac, date \u00e0 laquelle son premier adjoint Thierry Trijoulet a pris la main.<\/p>\n<p>Ce socialiste de la premi\u00e8re heure a occup\u00e9 le plus longtemps la fonction de premier secr\u00e9taire g\u00e9n\u00e9ral de la f\u00e9d\u00e9ration socialiste de Gironde, de 1993 \u00e0 2009. Il a ancr\u00e9 celle-ci dans la ligne la plus mod\u00e9r\u00e9e du parti. Il lui sera toujours rest\u00e9 fid\u00e8le, ne c\u00e9dant pas aux sir\u00e8nes du macronisme contrairement \u00e0 nombre des plus centristes au PS. <\/p>\n<p>\u00ab\u00a0Je suis social-d\u00e9mocrate et je le resterai\u00a0\u00bb, avait-il d\u00e9clar\u00e9 dans un entretien accord\u00e9 <a href=\"https:\/\/www.lepoint.fr\/villes\/bordeaux-alain-anziani-le-ps-ne-mourra-que-lorsqu-il-sera-enterre-localement-20-05-2022-2476416_27.php\" target=\"_blank\" rel=\"noreferrer noopener\">au Point<\/a>, au lendemain de la pr\u00e9sidentielle 2022, pourtant marqu\u00e9 par le score fam\u00e9lique d\u2019Anne Hidalgo. <\/p>\n<blockquote class=\"wp-block-quote is-layout-flow wp-block-quote-is-layout-flow\">\n<p>\u00ab\u00a0Le PS ne sera mort que lorsqu\u2019il sera enterr\u00e9 localement. C\u2019est un grand paradoxe : le PS national perd tout, et le PS local gagne beaucoup\u00a0\u00bb, confie Alain Anziani dans l\u2019hebdomadaire, dans lequel il a d\u00e9fendu \u00ab\u00a0l\u2019union des gauches\u00a0\u00bb (qui s\u2019est finalement r\u00e9alis\u00e9e en 2024 \u00e0 l\u2019occasion des l\u00e9gislatives anticip\u00e9es). <\/p>\n<\/blockquote>\n<p>\t\tUne figure locale <\/p>\n<p>Titulaire d\u2019une ma\u00eetrise en philosophie, un autre en droit, et d\u2019un DEA d\u2019\u00e9conomie, avocat en 1979, le Parisien arrive en Gironde en 1982, o\u00f9 il rejoint le cabinet du socialiste Philippe Madrelle, alors pr\u00e9sident du conseil r\u00e9gional d\u2019Aquitaine et, par ailleurs, du D\u00e9partement de la Gironde. Il a la charge de la planification, alors que vient d\u2019\u00eatre act\u00e9e la premi\u00e8re \u00e9tape de la d\u00e9centralisation en France. <\/p>\n<p>Cette position est un tremplin dans la carri\u00e8re d\u2019Anziani, proche de Laurent Fabius, comme d\u2019autres futurs grands noms r\u00e9gionaux qu\u2019il c\u00f4toie au sein du cabinet : Alain Rousset (aujourd\u2019hui pr\u00e9sident de r\u00e9gion Nouvelle-Aquitaine), Gilles Savary et Fran\u00e7ois Deluga (maire du Teich jusque d\u00e9but 2023).<\/p>\n<p>Mais ce n\u2019est qu\u2019en 2014, lorsqu\u2019il succ\u00e8de \u00e0 Michel Sainte-Marie, \u00e9dile de M\u00e9rignac depuis 1974 (<a href=\"https:\/\/rue89bordeaux.com\/2019\/02\/michel-sainte-marie-elephant-socialiste-de-merignac-disparait\/\" target=\"_blank\" rel=\"noopener\">d\u00e9c\u00e9d\u00e9 en 2019<\/a>) qu\u2019Alain Anziani, 62 ans, sort v\u00e9ritablement de l\u2019ombre, n\u2019ayant jusque l\u00e0 jamais \u00e9t\u00e9 t\u00eate de liste. <\/p>\n<p>\u00c0 M\u00e9rignac, pourtant, il n\u2019est pas un inconnu. En 2001, il est adjoint de Michel Sainte-Marie en charge de la politique de la ville et des conseils de quartier. Apr\u00e8s le renouvellement municipal de 2008, il change de portefeuille et devient adjoint en charge des finances et de l\u2019innovation. <\/p>\n<p>C\u2019est \u00e9galement au cours de cette ann\u00e9e qu\u2019il est \u00e9lu s\u00e9nateur de la Gironde, sous la banni\u00e8re Groupe socialiste et r\u00e9publicain et exerce son mandat jusqu\u2019\u00e0 sa d\u00e9mission en octobre 2017. En application de la loi de 2014 d\u2019interdiction de cumul des mandats, Alain Anziani choisit en effet, comme 40 autres s\u00e9nateurs concern\u00e9s, de privil\u00e9gier son mandat local. <\/p>\n<p>\t\tLa cogestion <\/p>\n<p>Maire de la deuxi\u00e8me ville de Gironde, <a href=\"https:\/\/rue89bordeaux.com\/2014\/04\/alain-anziani-aucun-reniement-cogerer-cub\/\" target=\"_blank\" rel=\"noreferrer noopener\">Alain Anziani est associ\u00e9 par Alain Jupp\u00e9, le maire de Bordeaux, \u00e0 la cogestion<\/a> (par des \u00e9lus de gauche et de droite) de la Communaut\u00e9 urbaine, devenue Bordeaux M\u00e9tropole en 2015. <\/p>\n<p>Apr\u00e8s les \u00e9lections de 2020, et la victoire de Pierre Hurmic \u00e0 Bordeaux, l\u2019alliance de la gauche et des \u00e9cologistes devient majoritaire au conseil de m\u00e9tropole, et Alain Anziani en prend la pr\u00e9sidence. Moment charni\u00e8re de la vie politique bordelaise, l\u2019accord conclu entre le PS, le PC et EELV <a href=\"https:\/\/rue89bordeaux.com\/2020\/07\/bordeaux-metropole-enterre-la-cogestion-alain-anziani-elu-president\/\" target=\"_blank\" rel=\"noreferrer noopener\">met fin \u00e0 la cogestion<\/a>. Un tandem se forme avec Pierre Hurmic, premier vice-pr\u00e9sident \u00e0 la m\u00e9tropole. <\/p>\n<p>L\u2019accord de mandature conclu ne masque toutefois pas certaines profondes divergences. Pas toujours en phase avec ses alli\u00e9s \u00e9cologistes, Alain Anziani annonce par exemple en 2021 engager sa collectivit\u00e9 en faveur de la Ligne Grande Vitesse (LGV) vers Dax et Toulouse. <\/p>\n<p>Alors que l\u2019accord pr\u00e9voyait que le soutien financier de Bordeaux M\u00e9tropole au grand projet ferroviaire du Sud Ouest devait se limiter aux am\u00e9nagements ferroviaires du sud de Bordeaux, <a href=\"https:\/\/rue89bordeaux.com\/2021\/11\/anziani-sallie-avec-la-droite-pour-faire-passer-les-lgv-a-bordeaux-metropole\/\" target=\"_blank\" rel=\"noreferrer noopener\">Alain Anziani propose en 2021<\/a> de financer \u00e0 hauteur de 354 millions d\u2019euros, l\u2019\u00e9tablissement public local en charge du financement des deux LGV. <\/p>\n<p>L\u2019a\u00e9ronautique, sujet strat\u00e9gique <\/p>\n<p>Autre sujet de friction avec les \u00e9cologistes : l\u2019implantation voulue par l\u2019Etat d\u2019un centre de r\u00e9tention administrative des \u00e9trangers \u00e0 M\u00e9rignac, approuv\u00e9e par un Alain Anziani l\u00e9gitimiste, et surtout les dossiers a\u00e9ronautiques, dont il est un fervent d\u00e9fenseur. <\/p>\n<p>Il est, c\u2019est vrai, maire de la commune o\u00f9 sont implant\u00e9es le plus grand a\u00e9roport de la r\u00e9gion, plusieurs multinationales du secteur, dont Dassault et Thal\u00e8s, qui ont massivement investi et cr\u00e9\u00e9 plusieurs milliers emplois sur son territoire pendant ses mandats, et o\u00f9 a \u00e9t\u00e9 lanc\u00e9 <a href=\"https:\/\/rue89bordeaux.com\/2021\/05\/a-merignac-le-projet-tarmaq-planifie-son-envol\/\" target=\"_blank\" rel=\"noopener\">Tarmaq,<\/a> projet de \u00ab\u00a0cit\u00e9 des sciences a\u00e9ronautiques\u00a0\u00bb.  <\/p>\n<p>C\u2019est en leur nom que le maire et pr\u00e9sident de la m\u00e9tropole d\u00e9fendait la liaison a\u00e9rienne Bordeaux-Orly, dont il estimait sa suppression en 2021 \u00ab\u00a0absurde\u00a0\u00bb. S\u2019estimant \u00ab\u00a0mal trait\u00e9\u00a0\u00bb par le gouvernement d\u2019Edouard Philippe, aupr\u00e8s qui plusieurs \u00e9lus s\u2019\u00e9taient plaints, il sera contraint d\u2019assister \u00e0 <a href=\"https:\/\/rue89bordeaux.com\/2021\/03\/la-navette-bordeaux-paris-cest-vraiment-fini\/\" target=\"_blank\" rel=\"noreferrer noopener\">la fin de la navette<\/a> en application de la loi Climat et R\u00e9silience. <\/p>\n<p>Au nom du progr\u00e8s et de la libert\u00e9 de se d\u00e9placer, Alain Anziani a longtemps \u00e9t\u00e9 un promoteur de l\u2019automobile, \u00e0 l\u2019image de sa position sur l\u2019\u00e9largissement de la rocade ou sur le <a href=\"https:\/\/rue89bordeaux.com\/2023\/03\/le-projet-de-grand-contournement-de-bordeaux-de-retour-a-lest-mais-toujours-plus-a-louest\/\" target=\"_blank\" rel=\"noreferrer noopener\">grand contournement<\/a> autoroutier de Bordeaux, projet inabouti dont il a toujours \u00e9t\u00e9 partisan. <\/p>\n<p>Avec le temps, la question \u00e9cologique a toutefois pris de plus en plus de place dans sa r\u00e9flexion : le pr\u00e9sident de la m\u00e9tropole aura ainsi \u00e9t\u00e9 un artisan de la mise en place de la ZFE, du plan \u00ab\u00a0Un million d\u2019arbres\u00a0\u00bb, ou du d\u00e9ploiement d\u2019aides \u00e0 la r\u00e9novation \u00e9nerg\u00e9tique des logements. <\/p>\n<p>Spiritualit\u00e9 <\/p>\n<p>Se d\u00e9finissant comme ath\u00e9e, Alain Anziani avait pourtant fait du bouddhisme son \u00ab\u00a0jardin secret\u00a0\u00bb, comme il le confiait dans une interview \u00e0 <a href=\"https:\/\/www.sudouest.fr\/gironde\/merignac\/bordeaux-alain-anziani-le-bouddhisme-est-mon-jardin-secret-6319036.php\" target=\"_blank\" rel=\"noreferrer noopener\">Sud Ouest<\/a>. Il a voyag\u00e9 au Tibet, au N\u00e9pal et en Inde, rencontr\u00e9 le Dala\u00ef-lama par deux fois. H\u00e9ritage de ses \u00e9tudes en philosophie, il disait montrer un int\u00e9r\u00eat dans le questionnement du rapport au monde : <\/p>\n<blockquote class=\"wp-block-quote is-layout-flow wp-block-quote-is-layout-flow\">\n<p>\u00ab\u00a0Si chacun \u00e9tait convaincu qu\u2019il n\u2019est qu\u2019\u00e9ph\u00e9m\u00e8re et finalement pas grand-chose, il y aurait plus de bienveillance, moins d\u2019agressivit\u00e9.\u00a0\u00bb <\/p>\n<\/blockquote>\n<p>En 2022, Alain Anziani a d\u2019ailleurs publi\u00e9 aux \u00e9ditions de L\u2019Harmattan Les Derni\u00e8res nouvelles du Bouddha. C\u2019est l\u2019ann\u00e9e o\u00f9 sa sant\u00e9 commence \u00e0 se d\u00e9grader et apparaissent les inqui\u00e9tudes pour la suite de ses mandats.<\/p>\n<p>La ville de M\u00e9rignac a annonc\u00e9 qu\u2019un hommage lui sera rendu ce lundi 21 juillet, \u00e0 12h, sur le parvis de l\u2019H\u00f4tel de Ville.<\/p>\n<p>Alain Anziani, les dates cl\u00e9s <\/p>\n<ul class=\"wp-block-list\">\n<li>Naissance \u00e0 Paris le 30 mai 1951<\/li>\n<li>Arriv\u00e9e en Gironde en 1982, rejoint le au cabinet du maire Philippe Madrelle<\/li>\n<li>Premier secr\u00e9taire f\u00e9d\u00e9ral du PS en Gironde de 1993 \u00e0 2009<\/li>\n<li>S\u00e9nateur de la Gironde de 2008 \u00e0 2017<\/li>\n<li>Conseiller r\u00e9gional de 1992 \u00e0 2010<\/li>\n<li>Maire de M\u00e9rignac d\u2019avril 2014 \u00e0 \u2026Pr\u00e9sident de Bordeaux M\u00e9tropole de juillet 2020 \u00e0 \u2026<\/li>\n<li>D\u00e9c\u00e8s \u00e0 Bordeaux le 19 juillet 2025.<\/li>\n<\/ul>\n<p>Rue89 Bordeaux a besoin de vos dons<\/p>\n<p>Mille mercis \u00e0 nos 131 donateurs ! Gr\u00e2ce \u00e0 vous, nous avons atteint notre objectif initial de 10\u202f000\u202f\u20ac. Ce soutien va nous permettre de renflouer notre tr\u00e9sorerie, apr\u00e8s le d\u00e9sengagement en 2025 d\u2019un annonceur important \u2013 Bordeaux M\u00e9tropole \u2013 et de r\u00e9gler nos factures en attente.<br \/>Cependant, la cagnotte reste ouverte jusqu\u2019\u00e0 fin septembre afin de vous laisser l\u2019occasion de continuer \u00e0 soutenir votre m\u00e9dia ind\u00e9pendant. Chaque don est d\u00e9ductible des imp\u00f4ts \u00e0 hauteur de 66\u202f%. En recevoir davantage nous permettra de consolider nos finances, d\u2019envisager une rentr\u00e9e sereine, et surtout, d\u2019enrichir nos contenus et de renforcer notre r\u00e9daction.<\/p>\n","protected":false},"excerpt":{"rendered":"Alain Anziani aura r\u00e9sist\u00e9 jusqu\u2019au bout. N\u00e9 le 30 mai 1951 \u00e0 Paris, Alain Anziani, qui a succomb\u00e9&hellip;\n","protected":false},"author":2,"featured_media":260184,"comment_status":"","ping_status":"","sticky":false,"template":"","format":"standard","meta":{"footnotes":""},"categories":[2817],"tags":[1111,11,40029,1997,2904,1777,674,1011,27,1391,12,2219,3541,25],"class_list":{"0":"post-260183","1":"post","2":"type-post","3":"status-publish","4":"format-standard","5":"has-post-thumbnail","7":"category-bordeaux","8":"tag-actu","9":"tag-actualites","10":"tag-alain-anziani","11":"tag-bordeaux","12":"tag-bordeaux-metropole","13":"tag-eu","14":"tag-europe","15":"tag-fr","16":"tag-france","17":"tag-necrologie","18":"tag-news","19":"tag-nouvelle-aquitaine","20":"tag-parti-socialiste","21":"tag-republique-francaise"},"share_on_mastodon":{"url":"https:\/\/pubeurope.com\/@fr\/114883359150189793","error":""},"_links":{"self":[{"href":"https:\/\/www.europesays.com\/fr\/wp-json\/wp\/v2\/posts\/260183","targetHints":{"allow":["GET"]}}],"collection":[{"href":"https:\/\/www.europesays.com\/fr\/wp-json\/wp\/v2\/posts"}],"about":[{"href":"https:\/\/www.europesays.com\/fr\/wp-json\/wp\/v2\/types\/post"}],"author":[{"embeddable":true,"href":"https:\/\/www.europesays.com\/fr\/wp-json\/wp\/v2\/users\/2"}],"replies":[{"embeddable":true,"href":"https:\/\/www.europesays.com\/fr\/wp-json\/wp\/v2\/comments?post=260183"}],"version-history":[{"count":0,"href":"https:\/\/www.europesays.com\/fr\/wp-json\/wp\/v2\/posts\/260183\/revisions"}],"wp:featuredmedia":[{"embeddable":true,"href":"https:\/\/www.europesays.com\/fr\/wp-json\/wp\/v2\/media\/260184"}],"wp:attachment":[{"href":"https:\/\/www.europesays.com\/fr\/wp-json\/wp\/v2\/media?parent=260183"}],"wp:term":[{"taxonomy":"category","embeddable":true,"href":"https:\/\/www.europesays.com\/fr\/wp-json\/wp\/v2\/categories?post=260183"},{"taxonomy":"post_tag","embeddable":true,"href":"https:\/\/www.europesays.com\/fr\/wp-json\/wp\/v2\/tags?post=260183"}],"curies":[{"name":"wp","href":"https:\/\/api.w.org\/{rel}","templated":true}]}}