{"id":260189,"date":"2025-07-20T03:11:37","date_gmt":"2025-07-20T03:11:37","guid":{"rendered":"https:\/\/www.europesays.com\/fr\/260189\/"},"modified":"2025-07-20T03:11:37","modified_gmt":"2025-07-20T03:11:37","slug":"le-parquet-evoque-un-deces-compatible-avec-une-chute","status":"publish","type":"post","link":"https:\/\/www.europesays.com\/fr\/260189\/","title":{"rendered":"Le parquet \u00e9voque un d\u00e9c\u00e8s \u00ab compatible avec une chute \u00bb"},"content":{"rendered":"<p><strong>Enqu\u00eate &#8211; La mort de la petite fille de cinq jours, retrouv\u00e9e inerte \u00e0 c\u00f4t\u00e9 de son berceau dans un h\u00f4pital de Lille, serait \u00ab compatible avec une chute au sol \u00bb, indique le parquet<\/strong><\/p>\n<p>La mort du nourrisson <a href=\"https:\/\/www.20minutes.fr\/faits_divers\/faits-divers-lille\/4164095-20250717-lille-chute-enquete-reaction-point-mort-nourrisson-maternite?at_medium=RSS%20feed&amp;at_campaign=ynews&amp;utm_source=yahoo&amp;utm_medium=rss&amp;utm_campaign=news_feed&amp;utm_content=in_article_link\" rel=\"nofollow noopener\" target=\"_blank\" data-ylk=\"slk:retrouv\u00e9 bless\u00e9 au sol dans un service de n\u00e9onatalogie du CHU de Lille;elm:context_link;itc:0;sec:content-canvas\" class=\"link \">retrouv\u00e9 bless\u00e9 au sol dans un service de n\u00e9onatalogie du CHU de Lille <\/a>serait li\u00e9e \u00e0 un traumatisme \u00ab compatible avec une chute au sol \u00bb, a indiqu\u00e9 vendredi le parquet de <a href=\"https:\/\/www.20minutes.fr\/lille\/?at_medium=RSS%20feed&amp;at_campaign=ynews&amp;utm_source=yahoo&amp;utm_medium=rss&amp;utm_campaign=news_feed&amp;utm_content=in_article_link\" rel=\"nofollow noopener\" target=\"_blank\" data-ylk=\"slk:Lille;elm:context_link;itc:0;sec:content-canvas\" class=\"link \">Lille<\/a>, confirmant qu\u2019un enfant a \u00e9t\u00e9 vu pr\u00e8s du berceau au moment des faits. Selon les premiers \u00e9l\u00e9ments de l\u2019enqu\u00eate, \u00ab Le nourrisson est d\u00e9c\u00e9d\u00e9 d\u2019un traumatisme cranio-enc\u00e9phalique tr\u00e8s s\u00e9v\u00e8re \u00bb, a ajout\u00e9 \u00e0 l\u2019AFP la procureure de la R\u00e9publique Carole Etienne.<\/p>\n<p>Les faits se sont d\u00e9roul\u00e9s le 11 juillet en fin de matin\u00e9e au sein du service n\u00e9onatologie de l\u2019h\u00f4pital Jeanne de Flandre, l\u2019une des principales maternit\u00e9s de la r\u00e9gion : une petite fille de cinq jours, n\u00e9e pr\u00e9matur\u00e9e, a \u00e9t\u00e9 retrouv\u00e9e inerte au sol dans une chambre de soin. Elle <a href=\"https:\/\/www.20minutes.fr\/faits_divers\/faits-divers-lille\/4163899-20250716-lille-nourrisson-meurt-apres-avoir-manipule-enfant-6-ans-maternite?at_medium=RSS%20feed&amp;at_campaign=ynews&amp;utm_source=yahoo&amp;utm_medium=rss&amp;utm_campaign=news_feed&amp;utm_content=in_article_link\" rel=\"nofollow noopener\" target=\"_blank\" data-ylk=\"slk:est d\u00e9c\u00e9d\u00e9e mardi;elm:context_link;itc:0;sec:content-canvas\" class=\"link \">est d\u00e9c\u00e9d\u00e9e mardi<\/a>.<\/p>\n<p>Un enfant de 6 ans vu \u00e0 proximit\u00e9 du berceau<\/p>\n<p>Confirmant les d\u00e9clarations de la famille du nourrisson, qui a point\u00e9 le comportement perturbateur du fr\u00e8re d\u2019un autre b\u00e9b\u00e9 hospitalis\u00e9 dans le service, la procureure confirme qu\u2019un \u00ab enfant de six ans, membre d\u2019une autre famille, a effectivement \u00e9t\u00e9 vu \u00e0 proximit\u00e9 du berceau et de l\u2019enfant au sol \u00bb. L\u2019enqu\u00eate ouverte pour \u00ab recherche des causes de la mort \u00bb \u00ab se poursuit par de nombreuses diligences et auditions \u00bb, indique le parquet.<\/p>\n<p>Le centre hospitalier, \u00e9voquant dans un communiqu\u00e9 de presse mercredi \u00ab un \u00e9v\u00e9nement exceptionnel particuli\u00e8rement grave et bouleversant, non li\u00e9 aux soins \u00bb, a pris \u00ab des mesures de stricte limitation des visites au sein des unit\u00e9s de n\u00e9onatologie \u00bb et mis en (&#8230;)<\/p>\n<p><a href=\"https:\/\/www.20minutes.fr\/faits_divers\/4164288-20250718-mort-nourrisson-maternite-lille-parquet-evoque-deces-compatible-chute?at_medium=RSS%20feed&amp;at_campaign=ynews&amp;utm_source=yahoo&amp;utm_medium=rss&amp;utm_campaign=news_feed&amp;utm_content=read_more_link\" rel=\"nofollow noopener\" target=\"_blank\" data-ylk=\"slk:Lire la suite sur 20minutes;elm:context_link;itc:0;sec:content-canvas\" class=\"link \">Lire la suite sur 20minutes<\/a><\/p>\n<p>\u00c0 lire aussi :<br \/><a href=\"https:\/\/www.20minutes.fr\/faits_divers\/4151363-20250501-nanterre-nourrisson-16-jours-retrouve-mort-lit-mere-enquete-ouverte?at_medium=RSS%20feed&amp;at_campaign=ynews&amp;utm_source=yahoo&amp;utm_medium=rss&amp;utm_campaign=news_feed&amp;utm_content=related_content_link\" rel=\"nofollow noopener\" target=\"_blank\" data-ylk=\"slk:Nanterre : Un nourrisson de 16 jours retrouv\u00e9 mort dans le lit de sa m\u00e8re, une enqu\u00eate ouverte;elm:context_link;itc:0;sec:content-canvas\" class=\"link \">Nanterre : Un nourrisson de 16 jours retrouv\u00e9 mort dans le lit de sa m\u00e8re, une enqu\u00eate ouverte<\/a><br \/><a href=\"https:\/\/www.20minutes.fr\/faits_divers\/4163941-20250716-autriche-bebe-survit-chute-cinquantaine-metres?at_medium=RSS%20feed&amp;at_campaign=ynews&amp;utm_source=yahoo&amp;utm_medium=rss&amp;utm_campaign=news_feed&amp;utm_content=related_content_link\" rel=\"nofollow noopener\" target=\"_blank\" data-ylk=\"slk:Autriche : Un b\u00e9b\u00e9 survit \u00e0 une chute d\u2019une cinquantaine de m\u00e8tres;elm:context_link;itc:0;sec:content-canvas\" class=\"link \">Autriche : Un b\u00e9b\u00e9 survit \u00e0 une chute d\u2019une cinquantaine de m\u00e8tres<\/a><\/p>\n","protected":false},"excerpt":{"rendered":"Enqu\u00eate &#8211; La mort de la petite fille de cinq jours, retrouv\u00e9e inerte \u00e0 c\u00f4t\u00e9 de son berceau&hellip;\n","protected":false},"author":2,"featured_media":260190,"comment_status":"","ping_status":"","sticky":false,"template":"","format":"standard","meta":{"footnotes":""},"categories":[2815],"tags":[1111,11,25689,1777,674,1011,27,811,22129,1307,12,25,40030],"class_list":{"0":"post-260189","1":"post","2":"type-post","3":"status-publish","4":"format-standard","5":"has-post-thumbnail","7":"category-lille","8":"tag-actu","9":"tag-actualites","10":"tag-chu-de-lille","11":"tag-eu","12":"tag-europe","13":"tag-fr","14":"tag-france","15":"tag-hauts-de-france","16":"tag-la-mort","17":"tag-lille","18":"tag-news","19":"tag-republique-francaise","20":"tag-une-petite-fille"},"share_on_mastodon":{"url":"https:\/\/pubeurope.com\/@fr\/114883374846389216","error":""},"_links":{"self":[{"href":"https:\/\/www.europesays.com\/fr\/wp-json\/wp\/v2\/posts\/260189","targetHints":{"allow":["GET"]}}],"collection":[{"href":"https:\/\/www.europesays.com\/fr\/wp-json\/wp\/v2\/posts"}],"about":[{"href":"https:\/\/www.europesays.com\/fr\/wp-json\/wp\/v2\/types\/post"}],"author":[{"embeddable":true,"href":"https:\/\/www.europesays.com\/fr\/wp-json\/wp\/v2\/users\/2"}],"replies":[{"embeddable":true,"href":"https:\/\/www.europesays.com\/fr\/wp-json\/wp\/v2\/comments?post=260189"}],"version-history":[{"count":0,"href":"https:\/\/www.europesays.com\/fr\/wp-json\/wp\/v2\/posts\/260189\/revisions"}],"wp:featuredmedia":[{"embeddable":true,"href":"https:\/\/www.europesays.com\/fr\/wp-json\/wp\/v2\/media\/260190"}],"wp:attachment":[{"href":"https:\/\/www.europesays.com\/fr\/wp-json\/wp\/v2\/media?parent=260189"}],"wp:term":[{"taxonomy":"category","embeddable":true,"href":"https:\/\/www.europesays.com\/fr\/wp-json\/wp\/v2\/categories?post=260189"},{"taxonomy":"post_tag","embeddable":true,"href":"https:\/\/www.europesays.com\/fr\/wp-json\/wp\/v2\/tags?post=260189"}],"curies":[{"name":"wp","href":"https:\/\/api.w.org\/{rel}","templated":true}]}}