{"id":260191,"date":"2025-07-20T03:12:14","date_gmt":"2025-07-20T03:12:14","guid":{"rendered":"https:\/\/www.europesays.com\/fr\/260191\/"},"modified":"2025-07-20T03:12:14","modified_gmt":"2025-07-20T03:12:14","slug":"elles-ne-sont-pas-un-bien-acquis-elles-se-meritent-martele-lhistorien-jean-charles-jauffret","status":"publish","type":"post","link":"https:\/\/www.europesays.com\/fr\/260191\/","title":{"rendered":"\u00ab\u00a0Elles ne sont pas un bien acquis, elles se m\u00e9ritent\u00a0\u00bb, mart\u00e8le l&rsquo;historien Jean-Charles Jauffret"},"content":{"rendered":"<p><strong>Pourquoi publier un ouvrage sur Sormiou\u00a0?<\/strong>&#13;\n<\/p>\n<p>J\u2019ai v\u00e9cu 26\u00a0ans dans <a href=\"https:\/\/www.laprovence.com\/article\/region\/5446750780457814\/un-exercice-geant-devacuation-a-la-calanque-de-sormiou-a-marseille\" target=\"_blank\" rel=\"noopener\">la calanque de Sormiou<\/a>. Je suis revenu le 1er\u00a0janvier\u00a02024 avec des amis. J\u2019ai \u00e9t\u00e9 marqu\u00e9 par la salet\u00e9 de la calanque. Les bateaux ne respectaient pas la limite des bou\u00e9es jaunes et parlaient \u00e0 fond dans les haut-parleurs. C\u2019est une n\u00e9gation totale de la Charte du Parc national des Calanques. J\u2019ai r\u00e9alis\u00e9 onze mois d\u2019enqu\u00eate pour me demander comment on en \u00e9tait arriv\u00e9s l\u00e0. L\u2019id\u00e9e \u00e9tait de faire un \u00e9tat des lieux et de s\u2019\u00e9lever contre le surtourisme.<\/p>\n<p><strong>Quelles solutions pr\u00e9conisez-vous pour pr\u00e9server les calanques\u00a0?<\/strong>&#13;\n<\/p>\n<p>Les Marseillais doivent d\u2019abord se souvenir que les calanques ne sont pas un bien acquis, mais qu\u2019elles se m\u00e9ritent. Il faut infliger des amendes aux pollueurs et d\u00e9velopper les r\u00e9servations de calanques. Avant 2022, date \u00e0 laquelle ont \u00e9t\u00e9 cr\u00e9\u00e9es <a href=\"https:\/\/www.laprovence.com\/article\/ecoplanete\/63723428935157\/la-calanque-de-sugiton-a-marseille-accessible-des-samedi-sur-reservation-en-ligne\" target=\"_blank\" rel=\"noopener\">les r\u00e9servations pour la calanque de Sugiton<\/a>, il y avait jusqu\u2019\u00e0\u00a04\u00a0000 personnes. Aujourd\u2019hui, il y en a 400. La nature reprend ses droits, c\u2019est plus propre et \u00e7a permet de prot\u00e9ger le paysage. Mais on manque de moyens. Comment surveiller 30\u00a0km de c\u00f4te\u00a0? Il y a encore des efforts \u00e0 faire.<\/p>\n","protected":false},"excerpt":{"rendered":"Pourquoi publier un ouvrage sur Sormiou\u00a0?&#13; J\u2019ai v\u00e9cu 26\u00a0ans dans la calanque de Sormiou. Je suis revenu le&hellip;\n","protected":false},"author":2,"featured_media":260192,"comment_status":"","ping_status":"","sticky":false,"template":"","format":"standard","meta":{"footnotes":""},"categories":[2814],"tags":[17,1111,11,12008,1182,1777,674,1011,27,40032,40031,151,884,12,5261,882,16,25,3333],"class_list":{"0":"post-260191","1":"post","2":"type-post","3":"status-publish","4":"format-standard","5":"has-post-thumbnail","7":"category-marseille","8":"tag-17","9":"tag-actu","10":"tag-actualites","11":"tag-bien","12":"tag-calanques","13":"tag-eu","14":"tag-europe","15":"tag-fr","16":"tag-france","17":"tag-jauffret","18":"tag-jean-charles","19":"tag-les","20":"tag-marseille","21":"tag-news","22":"tag-pas","23":"tag-provence-alpes-cote-dazur","24":"tag-region","25":"tag-republique-francaise","26":"tag-sont"},"share_on_mastodon":{"url":"https:\/\/pubeurope.com\/@fr\/114883378799538126","error":""},"_links":{"self":[{"href":"https:\/\/www.europesays.com\/fr\/wp-json\/wp\/v2\/posts\/260191","targetHints":{"allow":["GET"]}}],"collection":[{"href":"https:\/\/www.europesays.com\/fr\/wp-json\/wp\/v2\/posts"}],"about":[{"href":"https:\/\/www.europesays.com\/fr\/wp-json\/wp\/v2\/types\/post"}],"author":[{"embeddable":true,"href":"https:\/\/www.europesays.com\/fr\/wp-json\/wp\/v2\/users\/2"}],"replies":[{"embeddable":true,"href":"https:\/\/www.europesays.com\/fr\/wp-json\/wp\/v2\/comments?post=260191"}],"version-history":[{"count":0,"href":"https:\/\/www.europesays.com\/fr\/wp-json\/wp\/v2\/posts\/260191\/revisions"}],"wp:featuredmedia":[{"embeddable":true,"href":"https:\/\/www.europesays.com\/fr\/wp-json\/wp\/v2\/media\/260192"}],"wp:attachment":[{"href":"https:\/\/www.europesays.com\/fr\/wp-json\/wp\/v2\/media?parent=260191"}],"wp:term":[{"taxonomy":"category","embeddable":true,"href":"https:\/\/www.europesays.com\/fr\/wp-json\/wp\/v2\/categories?post=260191"},{"taxonomy":"post_tag","embeddable":true,"href":"https:\/\/www.europesays.com\/fr\/wp-json\/wp\/v2\/tags?post=260191"}],"curies":[{"name":"wp","href":"https:\/\/api.w.org\/{rel}","templated":true}]}}