{"id":260193,"date":"2025-07-20T03:13:08","date_gmt":"2025-07-20T03:13:08","guid":{"rendered":"https:\/\/www.europesays.com\/fr\/260193\/"},"modified":"2025-07-20T03:13:08","modified_gmt":"2025-07-20T03:13:08","slug":"comment-jai-appris-a-lacher-prise-a-marseille","status":"publish","type":"post","link":"https:\/\/www.europesays.com\/fr\/260193\/","title":{"rendered":"Comment j\u2019ai appris \u00e0 l\u00e2cher prise \u00e0 Marseille"},"content":{"rendered":"\n<p>Le TGV r\u00e9acc\u00e9l\u00e8re sur la derni\u00e8re partie du trajet, comme si lui aussi avait h\u00e2te d\u2019arriver. Les collines inond\u00e9es de soleil d\u00e9filent par la fen\u00eatre du train, lanc\u00e9 \u00e0 300\u00a0km\/h. Assise dans ce wagon \u00e9touffant, j\u2019imagine d\u00e9j\u00e0 tous mes soucis s\u2019envoler d\u00e8s l\u2019arriv\u00e9e en gare, emport\u00e9s par les rayons ti\u00e8des du soleil et la brise marine.<\/p>\n<p>H\u00e9las, mes espoirs s\u2019\u00e9vanouissent quelques minutes plus tard, an\u00e9antis par la puanteur des poubelles pleines \u00e0 ras bord et les gaz d\u2019\u00e9chappement des scooters d\u00e9brid\u00e9s et des bus, qui p\u00e9taradent \u00e0 quelques centim\u00e8tres \u00e0 peine de la terrasse de caf\u00e9 o\u00f9 j\u2019ai trouv\u00e9 refuge.<\/p>\n<p>J\u2019observe le serveur promener \u00e9l\u00e9gamment son plateau en \u00e9quilibre jusqu\u2019aux tables install\u00e9es de l\u2019autre c\u00f4t\u00e9 de la rue, en adressant des gestes d\u00e9sinvoltes aux automobilistes qui l\u2019\u00e9vitent de justesse. Au passage, il salue les clients \u2013 \u00e7a va*\u00a0? \u2013, gratifie chacun d\u2019un petit nom diff\u00e9rent, et explique d\u2019un ton jovial que, oui oui*, la gr\u00e8ve des \u00e9boueurs a repris, et avec elle l\u2019invasion de rats, mais heureusement, \u00e7a ne dure jamais tr\u00e8s longtemps\u00a0!<\/p>\n<p>Le soleil et l\u2019air marin ne peuvent pas \u00eatre les seules raisons de cette s\u00e9r\u00e9nit\u00e9 de l\u2019\u00e2me*, comme disent les Fran\u00e7ais, ce m\u00e9lange de paix int\u00e9rieure, de calme et de gaiet\u00e9. Peut-\u00eatre faut-il \u00eatre n\u00e9 avec pour conna\u00eetre cette placidit\u00e9 enjo<\/p>\n","protected":false},"excerpt":{"rendered":"Le TGV r\u00e9acc\u00e9l\u00e8re sur la derni\u00e8re partie du trajet, comme si lui aussi avait h\u00e2te d\u2019arriver. Les collines&hellip;\n","protected":false},"author":2,"featured_media":260194,"comment_status":"","ping_status":"","sticky":false,"template":"","format":"standard","meta":{"footnotes":""},"categories":[2814],"tags":[1111,11,1777,674,1011,27,3821,884,12,882,25,1857,40033,40034],"class_list":{"0":"post-260193","1":"post","2":"type-post","3":"status-publish","4":"format-standard","5":"has-post-thumbnail","7":"category-marseille","8":"tag-actu","9":"tag-actualites","10":"tag-eu","11":"tag-europe","12":"tag-fr","13":"tag-france","14":"tag-la-france-vue-de-lu2019u00e9tranger","15":"tag-marseille","16":"tag-news","17":"tag-provence-alpes-cote-dazur","18":"tag-republique-francaise","19":"tag-sociu00e9tu00e9","20":"tag-su00e9ries-du00e9tu00e9","21":"tag-voyage-en-france"},"share_on_mastodon":{"url":"https:\/\/pubeurope.com\/@fr\/114883382686414078","error":""},"_links":{"self":[{"href":"https:\/\/www.europesays.com\/fr\/wp-json\/wp\/v2\/posts\/260193","targetHints":{"allow":["GET"]}}],"collection":[{"href":"https:\/\/www.europesays.com\/fr\/wp-json\/wp\/v2\/posts"}],"about":[{"href":"https:\/\/www.europesays.com\/fr\/wp-json\/wp\/v2\/types\/post"}],"author":[{"embeddable":true,"href":"https:\/\/www.europesays.com\/fr\/wp-json\/wp\/v2\/users\/2"}],"replies":[{"embeddable":true,"href":"https:\/\/www.europesays.com\/fr\/wp-json\/wp\/v2\/comments?post=260193"}],"version-history":[{"count":0,"href":"https:\/\/www.europesays.com\/fr\/wp-json\/wp\/v2\/posts\/260193\/revisions"}],"wp:featuredmedia":[{"embeddable":true,"href":"https:\/\/www.europesays.com\/fr\/wp-json\/wp\/v2\/media\/260194"}],"wp:attachment":[{"href":"https:\/\/www.europesays.com\/fr\/wp-json\/wp\/v2\/media?parent=260193"}],"wp:term":[{"taxonomy":"category","embeddable":true,"href":"https:\/\/www.europesays.com\/fr\/wp-json\/wp\/v2\/categories?post=260193"},{"taxonomy":"post_tag","embeddable":true,"href":"https:\/\/www.europesays.com\/fr\/wp-json\/wp\/v2\/tags?post=260193"}],"curies":[{"name":"wp","href":"https:\/\/api.w.org\/{rel}","templated":true}]}}