{"id":260195,"date":"2025-07-20T03:14:23","date_gmt":"2025-07-20T03:14:23","guid":{"rendered":"https:\/\/www.europesays.com\/fr\/260195\/"},"modified":"2025-07-20T03:14:23","modified_gmt":"2025-07-20T03:14:23","slug":"un-incendie-se-declare-dans-une-ecole-en-chantier-de-saint-fons","status":"publish","type":"post","link":"https:\/\/www.europesays.com\/fr\/260195\/","title":{"rendered":"un incendie se d\u00e9clare dans une \u00e9cole en chantier de Saint-Fons"},"content":{"rendered":"<p itemprop=\"description\"><strong>Le pire a \u00e9t\u00e9 \u00e9vit\u00e9.<\/strong><\/p>\n<p>Ce vendredi soir, un incendie s&rsquo;est d\u00e9clar\u00e9 sur le chantier de r\u00e9novation \u00e9nerg\u00e9tique de l&rsquo;\u00e9cole Maison des 3 Espaces \u00e0 Saint-Fons. Peu avant minuit, des flammes ont ravag\u00e9 la toiture du b\u00e2timent. Mais les pompiers sont rapidement venus \u00e0 bout du sinistre.<\/p>\n<p>L&rsquo;origine de l&rsquo;incendie reste inconnue, mais les soup\u00e7ons se tournent vers les produits inflammables laiss\u00e9s sur place par les ouvriers du chantier. Reste \u00e0 savoir si une intervention humaine a eu lieu ou non.<\/p>\n","protected":false},"excerpt":{"rendered":"Le pire a \u00e9t\u00e9 \u00e9vit\u00e9. Ce vendredi soir, un incendie s&rsquo;est d\u00e9clar\u00e9 sur le chantier de r\u00e9novation \u00e9nerg\u00e9tique&hellip;\n","protected":false},"author":2,"featured_media":260196,"comment_status":"","ping_status":"","sticky":false,"template":"","format":"standard","meta":{"footnotes":""},"categories":[1889],"tags":[1111,11,2813,2190,2430,1109,251,1112,2811,1777,674,118,1011,27,1922,1110,1114,2428,2810,12,241,316,25,2812,517,800],"class_list":{"0":"post-260195","1":"post","2":"type-post","3":"status-publish","4":"format-standard","5":"has-post-thumbnail","7":"category-lyon","8":"tag-actu","9":"tag-actualites","10":"tag-article","11":"tag-asvel","12":"tag-auvergne-rhone-alpes","13":"tag-breves","14":"tag-culture","15":"tag-depeches","16":"tag-economique","17":"tag-eu","18":"tag-europe","19":"tag-faits-divers","20":"tag-fr","21":"tag-france","22":"tag-info","23":"tag-informations","24":"tag-infos","25":"tag-lyon","26":"tag-lyonmag","27":"tag-news","28":"tag-ol","29":"tag-politique","30":"tag-republique-francaise","31":"tag-sociale","32":"tag-sport","33":"tag-transports"},"share_on_mastodon":{"url":"https:\/\/pubeurope.com\/@fr\/114883386679604729","error":""},"_links":{"self":[{"href":"https:\/\/www.europesays.com\/fr\/wp-json\/wp\/v2\/posts\/260195","targetHints":{"allow":["GET"]}}],"collection":[{"href":"https:\/\/www.europesays.com\/fr\/wp-json\/wp\/v2\/posts"}],"about":[{"href":"https:\/\/www.europesays.com\/fr\/wp-json\/wp\/v2\/types\/post"}],"author":[{"embeddable":true,"href":"https:\/\/www.europesays.com\/fr\/wp-json\/wp\/v2\/users\/2"}],"replies":[{"embeddable":true,"href":"https:\/\/www.europesays.com\/fr\/wp-json\/wp\/v2\/comments?post=260195"}],"version-history":[{"count":0,"href":"https:\/\/www.europesays.com\/fr\/wp-json\/wp\/v2\/posts\/260195\/revisions"}],"wp:featuredmedia":[{"embeddable":true,"href":"https:\/\/www.europesays.com\/fr\/wp-json\/wp\/v2\/media\/260196"}],"wp:attachment":[{"href":"https:\/\/www.europesays.com\/fr\/wp-json\/wp\/v2\/media?parent=260195"}],"wp:term":[{"taxonomy":"category","embeddable":true,"href":"https:\/\/www.europesays.com\/fr\/wp-json\/wp\/v2\/categories?post=260195"},{"taxonomy":"post_tag","embeddable":true,"href":"https:\/\/www.europesays.com\/fr\/wp-json\/wp\/v2\/tags?post=260195"}],"curies":[{"name":"wp","href":"https:\/\/api.w.org\/{rel}","templated":true}]}}