{"id":260200,"date":"2025-07-20T03:18:18","date_gmt":"2025-07-20T03:18:18","guid":{"rendered":"https:\/\/www.europesays.com\/fr\/260200\/"},"modified":"2025-07-20T03:18:18","modified_gmt":"2025-07-20T03:18:18","slug":"poissy-massy-maintien-au-parc-des-princes-quelles-sont-les-options-qui-soffrent-au-psg","status":"publish","type":"post","link":"https:\/\/www.europesays.com\/fr\/260200\/","title":{"rendered":"Poissy, Massy, maintien au Parc des Princes : quelles sont les options qui s\u2019offrent au PSG ?"},"content":{"rendered":"<p>Le temps file, les stars du ballon rond d\u00e9filent au Parc. Et lors de la pr\u00e9sentation de Lionel Messi, en ao\u00fbt 2021, le pr\u00e9sident du PSG,\u00a0Nasser Al-Khela\u00effi, redit que le stade parisien est \u00ab tr\u00e8s petit aujourd\u2019hui \u00bb. \u00ab On a besoin de l\u2019agrandir \u00bb, l\u00e2che-t-il, frustr\u00e9 par la jauge de 47\u2009000 spectateurs. \u00ab On doit discuter avec la maire de Paris, Mme Anne\u00a0Hidalgo, a-t-il ajout\u00e9. J\u2019adore le\u00a0Parc des\u00a0Princes mais on a besoin de l\u2019agrandir, c\u2019est une obligation. \u00bb D\u00e9j\u00e0, il \u00e9voque \u00ab d\u2019autres options \u00bb.\u00a0<\/p>\n","protected":false},"excerpt":{"rendered":"Le temps file, les stars du ballon rond d\u00e9filent au Parc. Et lors de la pr\u00e9sentation de Lionel&hellip;\n","protected":false},"author":2,"featured_media":260201,"comment_status":"","ping_status":"","sticky":false,"template":"","format":"standard","meta":{"footnotes":""},"categories":[1888],"tags":[1111,1928,11,1927,1777,674,63,1011,27,12,1926,626,1925,93,25,60],"class_list":{"0":"post-260200","1":"post","2":"type-post","3":"status-publish","4":"format-standard","5":"has-post-thumbnail","7":"category-paris","8":"tag-actu","9":"tag-actu-paris","10":"tag-actualites","11":"tag-actualites-paris","12":"tag-eu","13":"tag-europe","14":"tag-football","15":"tag-fr","16":"tag-france","17":"tag-news","18":"tag-news-paris","19":"tag-paris","20":"tag-paris-news","21":"tag-psg","22":"tag-republique-francaise","23":"tag-sports"},"share_on_mastodon":{"url":"https:\/\/pubeurope.com\/@fr\/114883402356462865","error":""},"_links":{"self":[{"href":"https:\/\/www.europesays.com\/fr\/wp-json\/wp\/v2\/posts\/260200","targetHints":{"allow":["GET"]}}],"collection":[{"href":"https:\/\/www.europesays.com\/fr\/wp-json\/wp\/v2\/posts"}],"about":[{"href":"https:\/\/www.europesays.com\/fr\/wp-json\/wp\/v2\/types\/post"}],"author":[{"embeddable":true,"href":"https:\/\/www.europesays.com\/fr\/wp-json\/wp\/v2\/users\/2"}],"replies":[{"embeddable":true,"href":"https:\/\/www.europesays.com\/fr\/wp-json\/wp\/v2\/comments?post=260200"}],"version-history":[{"count":0,"href":"https:\/\/www.europesays.com\/fr\/wp-json\/wp\/v2\/posts\/260200\/revisions"}],"wp:featuredmedia":[{"embeddable":true,"href":"https:\/\/www.europesays.com\/fr\/wp-json\/wp\/v2\/media\/260201"}],"wp:attachment":[{"href":"https:\/\/www.europesays.com\/fr\/wp-json\/wp\/v2\/media?parent=260200"}],"wp:term":[{"taxonomy":"category","embeddable":true,"href":"https:\/\/www.europesays.com\/fr\/wp-json\/wp\/v2\/categories?post=260200"},{"taxonomy":"post_tag","embeddable":true,"href":"https:\/\/www.europesays.com\/fr\/wp-json\/wp\/v2\/tags?post=260200"}],"curies":[{"name":"wp","href":"https:\/\/api.w.org\/{rel}","templated":true}]}}