{"id":260206,"date":"2025-07-20T03:21:11","date_gmt":"2025-07-20T03:21:11","guid":{"rendered":"https:\/\/www.europesays.com\/fr\/260206\/"},"modified":"2025-07-20T03:21:11","modified_gmt":"2025-07-20T03:21:11","slug":"ce-19-juillet-ou-paris-a-decouvert-le-metro","status":"publish","type":"post","link":"https:\/\/www.europesays.com\/fr\/260206\/","title":{"rendered":"Ce 19\u00a0juillet o\u00f9 Paris a d\u00e9couvert le m\u00e9tro"},"content":{"rendered":"<p>      <img fetchpriority=\"high\" decoding=\"async\" class=\"mx-auto\" src=\"data:image\/svg+xml,%3Csvg%20xmlns%3D%27http%3A%2F%2Fwww.w3.org%2F2000%2Fsvg%27%20fill%3D%22%23e4e4e4%22%20viewBox%3D%270%200%20510%20340%27%20width%3D%22510%22%20height%3D%22340%22%3E%3Cpath%20d%3D%27M0%200h510v340H0z%27%2F%3E%3C%2Fsvg%3E\"  loading=\"eager\" width=\"510\" height=\"340\" data-oncrawl-image-size=\"510x340\" alt=\"Une vue sur le m\u00e9tro parisien en 1900\"\/>      <\/p>\n<p class=\"latino-100m text-grey-600\">\n            Une vue sur le m\u00e9tro parisien en 1900\u00a0PHOTO12 VIA AFP        <\/p>\n<p>    Lire\u00a0plus\u00a0tard  <\/p>\n<p><a aria-label=\"Nous suivre sur Google News\" href=\"https:\/\/news.google.com\/publications\/CAAqBwgKMJe4nQkw3dFs?hl=fr&amp;gl=FR&amp;ceid=FR%3Afr\" target=\"_blank\" data-piano=\"Page_Article,Sous_date_publi,Nous_suivre_sur_google_news,1er_clic,action\" class=\"btn btn--small btn--tertiary btn--icon-only\" rel=\"nofollow noopener\"><\/p>\n<p>      Google Actualit\u00e9s<br \/>\n  <\/a><\/p>\n<p>  Partager<\/p>\n<p>        Facebook<\/p>\n<p>        Bluesky<\/p>\n<p>        E-mail<\/p>\n<p>        Copier le lien<\/p>\n<p>      Envoyer<\/p>\n<p>      S\u2019abonner pour lire    <\/p>\n<p class=\"node__paragraphe antonia-750r text-grey-800 pb-8\">\nNous sommes le 19\u00a0juillet 2025, soit tr\u00e8s exactement cent vingt-cinq ans apr\u00e8s l\u2019entr\u00e9e en service du m\u00e9tro parisien. La premi\u00e8re ligne cr\u00e9\u00e9e a un objectif\u00a0: desservir le bois de Vincennes o\u00f9 se d\u00e9roulent les \u00e9preuves des Jeux olympiques. Elle aurait d\u00fb ouvrir quelques mois plus t\u00f4t, \u00e0 l\u2019occasion de l\u2019Exposition universelle, mais les travaux ont pris du retard (des choses qui arrivent parfois dans le b\u00e2timent). Il faut dire que le projet de Fulg\u2026<\/p>\n<p class=\"teaser pb-md-10\">La r\u00e9daction vous offre cet article.<\/p>\n<p class=\"benefits pb-5 pb-md-15\">Une fois inscrit, vous pouvez profiter gratuitement des articles offerts.<\/p>\n<p>    Cr\u00e9er un compte gratuit<\/p>\n<p>      Se connecter<\/p>\n","protected":false},"excerpt":{"rendered":"Une vue sur le m\u00e9tro parisien en 1900\u00a0PHOTO12 VIA AFP Lire\u00a0plus\u00a0tard Google Actualit\u00e9s Partager Facebook Bluesky E-mail Copier&hellip;\n","protected":false},"author":2,"featured_media":260207,"comment_status":"","ping_status":"","sticky":false,"template":"","format":"standard","meta":{"footnotes":""},"categories":[1888],"tags":[5185,17,11,40035,13916,1777,674,1011,27,937,3246,2868,4047,12,626,25],"class_list":{"0":"post-260206","1":"post","2":"type-post","3":"status-publish","4":"format-standard","5":"has-post-thumbnail","7":"category-paris","8":"tag-5185","9":"tag-17","10":"tag-actualites","11":"tag-ce-jour-la","12":"tag-decouvert","13":"tag-eu","14":"tag-europe","15":"tag-fr","16":"tag-france","17":"tag-histoire","18":"tag-idees","19":"tag-juillet","20":"tag-metro","21":"tag-news","22":"tag-paris","23":"tag-republique-francaise"},"share_on_mastodon":{"url":"https:\/\/pubeurope.com\/@fr\/114883414234888336","error":""},"_links":{"self":[{"href":"https:\/\/www.europesays.com\/fr\/wp-json\/wp\/v2\/posts\/260206","targetHints":{"allow":["GET"]}}],"collection":[{"href":"https:\/\/www.europesays.com\/fr\/wp-json\/wp\/v2\/posts"}],"about":[{"href":"https:\/\/www.europesays.com\/fr\/wp-json\/wp\/v2\/types\/post"}],"author":[{"embeddable":true,"href":"https:\/\/www.europesays.com\/fr\/wp-json\/wp\/v2\/users\/2"}],"replies":[{"embeddable":true,"href":"https:\/\/www.europesays.com\/fr\/wp-json\/wp\/v2\/comments?post=260206"}],"version-history":[{"count":0,"href":"https:\/\/www.europesays.com\/fr\/wp-json\/wp\/v2\/posts\/260206\/revisions"}],"wp:featuredmedia":[{"embeddable":true,"href":"https:\/\/www.europesays.com\/fr\/wp-json\/wp\/v2\/media\/260207"}],"wp:attachment":[{"href":"https:\/\/www.europesays.com\/fr\/wp-json\/wp\/v2\/media?parent=260206"}],"wp:term":[{"taxonomy":"category","embeddable":true,"href":"https:\/\/www.europesays.com\/fr\/wp-json\/wp\/v2\/categories?post=260206"},{"taxonomy":"post_tag","embeddable":true,"href":"https:\/\/www.europesays.com\/fr\/wp-json\/wp\/v2\/tags?post=260206"}],"curies":[{"name":"wp","href":"https:\/\/api.w.org\/{rel}","templated":true}]}}