{"id":260208,"date":"2025-07-20T03:22:10","date_gmt":"2025-07-20T03:22:10","guid":{"rendered":"https:\/\/www.europesays.com\/fr\/260208\/"},"modified":"2025-07-20T03:22:10","modified_gmt":"2025-07-20T03:22:10","slug":"moscou-est-dans-lincapacite-dexercer-son-influence-dans-lespace-postsovietique","status":"publish","type":"post","link":"https:\/\/www.europesays.com\/fr\/260208\/","title":{"rendered":"\u201cMoscou est dans l\u2019incapacit\u00e9 d\u2019exercer son influence dans l\u2019espace postsovi\u00e9tique\u201d"},"content":{"rendered":"\n<p><strong>PETRA PROCHAZKOVA\u00a0:<\/strong> <strong>En temps normal, les tensions entre Moscou et Bakou n\u2019auraient pas sp\u00e9cialement retenu l\u2019attention des m\u00e9dias internationaux. Pourquoi en est-il autrement cette fois\u00a0?<\/strong><\/p>\n<p><strong>ARKADY DUBNOV\u00a0:<\/strong> D\u2019abord, que s\u2019est-il pass\u00e9 au juste\u00a0? \u00c0 Ekaterinbourg, des policiers russes s\u2019en sont pris \u00e0 des \u201cAz\u00e9ris\u201d [le 27\u00a0juin, lors d\u2019une op\u00e9ration qui a abouti \u00e0 l\u2019interpellation d\u2019une cinquantaine de ressortissants azerba\u00efdjanais, suspect\u00e9s d\u2019activit\u00e9 criminelle]. Je ne fais l\u00e0 que vous d\u00e9crire le regard que le grand public russe porte sur cette affaire. Seulement, les policiers ont quelque peu exag\u00e9r\u00e9. Deux Azerba\u00efdjanais ont \u00e9t\u00e9 tabass\u00e9s ou \u00e9touff\u00e9s, personne ne sait m\u00eame tr\u00e8s bien, en fait\u2026 Toujours est-il qu\u2019ils sont morts. Bien s\u00fbr, l\u2019intention des policiers n\u2019\u00e9tait pas d\u2019en arriver l\u00e0, sauf que c\u2019est souvent comme \u00e7a que les choses se finissent.<\/p>\n<p>Peut-\u00eatre qu\u2019il s\u2019agissait d\u2019une rixe entre deux bandes rivales et que l\u2019une d\u2019elles avait \u201cpass\u00e9 commande\u201d aupr\u00e8s de la police, comme on dit. Peut-\u00eatre ne s\u2019agissait-il que d\u2019un r\u00e8glement de comptes. Ou peut-\u00eatre que les Azerba\u00efdjanais n\u2019ont pas fourni aux policiers la contrepartie attendue pour un service que ceux-ci leur avaient rendu, comme cela arrive aussi, et que cela ne leur a pas plu. Mais qu\u2019importe, au fond.<\/p>\n<p>Ce qui importe da<\/p>\n<p>                                     <strong class=\"paywall-title\">Cet article est r\u00e9serv\u00e9 aux\u00a0abonn\u00e9s.<\/strong>   <\/p>\n<p class=\"paywall-text\">Profitez de\u00a0l\u2019offre sp\u00e9ciale num\u00e9rique pour acc\u00e9der \u00e0\u00a0l\u2019int\u00e9gralit\u00e9 de\u00a0nos contenus en\u00a0illimit\u00e9.<\/p>\n<p class=\"article-authors\">                         <a href=\"https:\/\/www.courrierinternational.com\/auteur\/propos-recueillis-par-petra-prochazkova\" target=\"_blank\" rel=\"noopener\">Propos recueillis par Petra Prochazkova<\/a>    <\/p>\n<p class=\"article-vo\"><a href=\"https:\/\/denikn.cz\/1778299\/prelomovy-moment-pro-rusky-vliv-drzost-baku-je-navodem-pro-ostatni-mini-expert\/?ref=list\" rel=\"noopener\" target=\"_blank\">Lire l\u2019article original<\/a><\/p>\n<p>Source de l\u2019article<\/p>\n<p>   Denik N  (Prague)       <\/p>\n<p>\u201cLe journal tch\u00e8que ind\u00e9pendant\u201d\u00a0: c\u2019est ainsi que se pr\u00e9sente <strong>Denik N <\/strong>\u2013 \u201cLe Quotidien N\u201d (\u201cN\u201d pour \u201cnouveau\u201d), lanc\u00e9 symboliquement le 28 octobre 2018, jour du centenaire de la fondation de l\u2019Etat tch\u00e9coslovaque. Il s\u2019agit du premier quotidien num\u00e9rique sur le march\u00e9 m\u00e9diatique tch\u00e8que dont le fonctionnement \u00e9conomique repose essentiellement sur son contenu payant. Cr\u00e9\u00e9 par des journalistes, Denik N est un projet analogue au quotidien \u00e9ponyme slovaque <strong>Dennik N<\/strong>, qui a lui aussi fait de son ind\u00e9pendance financi\u00e8re sa ligne \u00e9ditoriale. Denik N est publi\u00e9 \u00e9galement dans une d\u00e9clinaison sur papier, qui propose des articles de fond destin\u00e9s \u00e0 une lecture lente.<\/p>\n<p>      <a href=\"https:\/\/www.courrierinternational.com\/notule-source\/denik-n-prague\" class=\"source-link\" target=\"_blank\" rel=\"noopener\">Lire la suite<\/a>                 <\/p>\n<p>Nos services<\/p>\n","protected":false},"excerpt":{"rendered":"PETRA PROCHAZKOVA\u00a0: En temps normal, les tensions entre Moscou et Bakou n\u2019auraient pas sp\u00e9cialement retenu l\u2019attention des m\u00e9dias&hellip;\n","protected":false},"author":2,"featured_media":260209,"comment_status":"","ping_status":"","sticky":false,"template":"","format":"standard","meta":{"footnotes":""},"categories":[1591],"tags":[11,35782,674,1887,1892,12,1885,1886,132,135],"class_list":{"0":"post-260208","1":"post","2":"type-post","3":"status-publish","4":"format-standard","5":"has-post-thumbnail","7":"category-russie","8":"tag-actualites","9":"tag-azerbau00efdjan","10":"tag-europe","11":"tag-federation-de-russie","12":"tag-gu00e9opolitique","13":"tag-news","14":"tag-russia","15":"tag-russian-federation","16":"tag-russie","17":"tag-vladimir-poutine"},"share_on_mastodon":{"url":"https:\/\/pubeurope.com\/@fr\/114883418133505128","error":""},"_links":{"self":[{"href":"https:\/\/www.europesays.com\/fr\/wp-json\/wp\/v2\/posts\/260208","targetHints":{"allow":["GET"]}}],"collection":[{"href":"https:\/\/www.europesays.com\/fr\/wp-json\/wp\/v2\/posts"}],"about":[{"href":"https:\/\/www.europesays.com\/fr\/wp-json\/wp\/v2\/types\/post"}],"author":[{"embeddable":true,"href":"https:\/\/www.europesays.com\/fr\/wp-json\/wp\/v2\/users\/2"}],"replies":[{"embeddable":true,"href":"https:\/\/www.europesays.com\/fr\/wp-json\/wp\/v2\/comments?post=260208"}],"version-history":[{"count":0,"href":"https:\/\/www.europesays.com\/fr\/wp-json\/wp\/v2\/posts\/260208\/revisions"}],"wp:featuredmedia":[{"embeddable":true,"href":"https:\/\/www.europesays.com\/fr\/wp-json\/wp\/v2\/media\/260209"}],"wp:attachment":[{"href":"https:\/\/www.europesays.com\/fr\/wp-json\/wp\/v2\/media?parent=260208"}],"wp:term":[{"taxonomy":"category","embeddable":true,"href":"https:\/\/www.europesays.com\/fr\/wp-json\/wp\/v2\/categories?post=260208"},{"taxonomy":"post_tag","embeddable":true,"href":"https:\/\/www.europesays.com\/fr\/wp-json\/wp\/v2\/tags?post=260208"}],"curies":[{"name":"wp","href":"https:\/\/api.w.org\/{rel}","templated":true}]}}