{"id":260215,"date":"2025-07-20T03:26:11","date_gmt":"2025-07-20T03:26:11","guid":{"rendered":"https:\/\/www.europesays.com\/fr\/260215\/"},"modified":"2025-07-20T03:26:11","modified_gmt":"2025-07-20T03:26:11","slug":"les-tops-flops-de-france-allemagne-berger-imperiale-lattaque-francaise-sans-idee","status":"publish","type":"post","link":"https:\/\/www.europesays.com\/fr\/260215\/","title":{"rendered":"Les tops\/flops de France &#8211; Allemagne : Berger imp\u00e9riale, l&rsquo;attaque fran\u00e7aise sans id\u00e9e"},"content":{"rendered":"<p>TOPS \u2013 La muraille Berger, Jule Brand omnipr\u00e9sente<\/p>\n<p><strong>Ann-Katrin Berger<\/strong> \u2013 Elle a d\u00e9gout\u00e9e les Fran\u00e7aises. Apr\u00e8s des arr\u00eats d\u00e9terminants sur Cascarino et Katoto, Berger se d\u00e9tend pour \u00e9viter que la t\u00eate de Minge la lobe et la trompe contre son camp : L\u2019arr\u00eat du tournoi ! La gardienne de Gotham va ensuite d\u00e9tourner deux penalties de Majri et Sombath lors de la s\u00e9ance de tirs aux but.<\/p>\n<p><strong>Jule Brand<\/strong> \u2013 La n\u00e9o-Lyonnaise a r\u00e9alis\u00e9 un match dantesque. Souvent intelligemment positionn\u00e9e et tranchante dans sa distribution de balle, Jule Brand\u00a0a \u00e9t\u00e9 la seule menace constante m\u00eame quand l\u2019Allemagne \u00e9tait r\u00e9duite \u00e0 10. Ensuite, elle a \u00e9t\u00e9 omnipr\u00e9sente dans l\u2019effort d\u00e9fensif allemand \u00e0 l\u2019image de son retour salvateur sur Malard en prolongation.<\/p>\n<p><strong>Sakina Karchaoui<\/strong> \u2013 Une des rares satisfactions fran\u00e7aises. Dans le r\u00f4le de relayeuse, Karchaou a souvent \u00e9t\u00e9 \u00e0 la relance pour la d\u00e9fense des Bleues. Elle a fait mal gr\u00e2ce \u00e0 sa technique comme avec sa chevauch\u00e9e \u00e0 la 27eme. La Parisienne est \u00e0 l\u2019origine de beaucoup d\u2019occasions fran\u00e7aises notamment sur le but annul\u00e9 de Geyoro.<\/p>\n<p class=\"has-background\" style=\"background-color:#eeeeee\">\u00c0 lire aussi : <a href=\"https:\/\/footeuses.com\/euro-2025-rebelote-lallemagne-punit-la-france\/\" rel=\"nofollow noopener\" target=\"_blank\">Euro 2025 : Rebelote \u2014 l\u2019Allemagne punit la France<\/a><\/p>\n<p>FLOPS \u2013 Les errements tactiques de Bonadei<\/p>\n<p><strong>Laurent Bonadei <\/strong>\u2013 Avec un quasi sans faute en termes de r\u00e9sultats, il avait surv\u00e9cu aux r\u00e9actions sur les non-s\u00e9lections de Renard, Le Sommer et Dali. Les Bleues avaient peut-\u00eatre besoin d\u2019un meilleur \u00e9quilibre entre fra\u00eecheur et exp\u00e9rience. Mais aujourd\u2019hui, il leur a manqu\u00e9 des leaders. De plus, Bonadei n\u2019a pas su g\u00e9n\u00e9rer la stimulation offensive n\u00e9cessaire, y compris avec les remplacements. On retiendra \u00e9galement l\u2019ordre des tireuses de penalty avec des novices passant avant des joueuses d\u2019exp\u00e9rience.<\/p>\n<p><strong>L\u2019attaque fran\u00e7aise<\/strong> \u2013 Un jeu hach\u00e9, trop peu d\u2019id\u00e9es pour perturber le double rideau d\u00e9fensif allemand. Malgr\u00e9 les impulsions de Karchaoui ou le jeu en pivot de Katoto, les aili\u00e8res ont toujours sembl\u00e9 \u00e0 contre-temps. Cascarino et Diani puis Malard et Baltimore se retrouvaient vite enferm\u00e9es dans leurs couloirs. Clara Mateo n\u2019a pas assum\u00e9 le r\u00f4le de super-sub tant elle a sembl\u00e9 perdue sur le terrain.<\/p>\n<p><strong>Kathrin Heindrich<\/strong> \u2013 Elle a failli co\u00fbter la qualification de la Mannschaft en demi-finale. La d\u00e9fenseuse de Chicago a vu rouge d\u00e8s la 13e minute pour un geste stupide et dangereux. En effet, Heindrich a tir\u00e9 les cheveux de Griedge Mbock en pleine course dans la surface de r\u00e9paration sur un coup franc fran\u00e7ais.<\/p>\n<p class=\"has-text-align-right\">Julien H<\/p>\n<p class=\"has-text-align-right\">Photo \u00a9 <a href=\"https:\/\/x.com\/UEFAcom_de\" rel=\"nofollow\">UEFA<\/a><\/p>\n","protected":false},"excerpt":{"rendered":"TOPS \u2013 La muraille Berger, Jule Brand omnipr\u00e9sente Ann-Katrin Berger \u2013 Elle a d\u00e9gout\u00e9e les Fran\u00e7aises. Apr\u00e8s des&hellip;\n","protected":false},"author":2,"featured_media":260216,"comment_status":"","ping_status":"","sticky":false,"template":"","format":"standard","meta":{"footnotes":""},"categories":[1587],"tags":[11,672,1804,1805,1803,1777,674,1801,12,1802],"class_list":{"0":"post-260215","1":"post","2":"type-post","3":"status-publish","4":"format-standard","5":"has-post-thumbnail","7":"category-allemagne","8":"tag-actualites","9":"tag-allemagne","10":"tag-bundesrepublik-deutschland","11":"tag-de","12":"tag-deutschland","13":"tag-eu","14":"tag-europe","15":"tag-germany","16":"tag-news","17":"tag-republique-federale-dallemagne"},"share_on_mastodon":{"url":"https:\/\/pubeurope.com\/@fr\/114883433830112583","error":""},"_links":{"self":[{"href":"https:\/\/www.europesays.com\/fr\/wp-json\/wp\/v2\/posts\/260215","targetHints":{"allow":["GET"]}}],"collection":[{"href":"https:\/\/www.europesays.com\/fr\/wp-json\/wp\/v2\/posts"}],"about":[{"href":"https:\/\/www.europesays.com\/fr\/wp-json\/wp\/v2\/types\/post"}],"author":[{"embeddable":true,"href":"https:\/\/www.europesays.com\/fr\/wp-json\/wp\/v2\/users\/2"}],"replies":[{"embeddable":true,"href":"https:\/\/www.europesays.com\/fr\/wp-json\/wp\/v2\/comments?post=260215"}],"version-history":[{"count":0,"href":"https:\/\/www.europesays.com\/fr\/wp-json\/wp\/v2\/posts\/260215\/revisions"}],"wp:featuredmedia":[{"embeddable":true,"href":"https:\/\/www.europesays.com\/fr\/wp-json\/wp\/v2\/media\/260216"}],"wp:attachment":[{"href":"https:\/\/www.europesays.com\/fr\/wp-json\/wp\/v2\/media?parent=260215"}],"wp:term":[{"taxonomy":"category","embeddable":true,"href":"https:\/\/www.europesays.com\/fr\/wp-json\/wp\/v2\/categories?post=260215"},{"taxonomy":"post_tag","embeddable":true,"href":"https:\/\/www.europesays.com\/fr\/wp-json\/wp\/v2\/tags?post=260215"}],"curies":[{"name":"wp","href":"https:\/\/api.w.org\/{rel}","templated":true}]}}