{"id":260219,"date":"2025-07-20T03:28:13","date_gmt":"2025-07-20T03:28:13","guid":{"rendered":"https:\/\/www.europesays.com\/fr\/260219\/"},"modified":"2025-07-20T03:28:13","modified_gmt":"2025-07-20T03:28:13","slug":"un-gite-insolite-ou-lon-dort-au-milieu-des-oeuvres-dart-a-eu","status":"publish","type":"post","link":"https:\/\/www.europesays.com\/fr\/260219\/","title":{"rendered":"Un g\u00eete insolite o\u00f9 l&rsquo;on dort au milieu des \u0153uvres d&rsquo;art \u00e0 Eu"},"content":{"rendered":"<p>            Par<br \/>\n        <strong><br \/>\n            <a href=\"https:\/\/actu.fr\/auteur\/jerome-buresi\" title=\"Consulter tous les articles de J\u00e9r\u00f4me Buresi\" target=\"_blank\" rel=\"noopener\">J\u00e9r\u00f4me Buresi<\/a><br \/>\n        <\/strong><\/p>\n<p>        Publi\u00e9 le<\/p>\n<p>            19 juil. 2025 \u00e0 21h36        <\/p>\n<p>Mais qu\u2019est-ce que c\u2019est que ce lieu ? Une<b> galerie d\u2019art<\/b> ? Un <b>g\u00eete cosy <\/b>? Ce sont les deux \u00e0 la fois, mon capitaine !<b> Sylvie Ruaulx et Christophe Cuzin<\/b>, deux artistes, ont lanc\u00e9, <a href=\"https:\/\/actu.fr\/normandie\/eu_76255\" target=\"_blank\" rel=\"noopener\">\u00e0 Eu<\/a> (Seine-Maritime), un concept singulier : <b>Art &amp; Bed<\/b>. C\u2019est un g\u00eete o\u00f9 l\u2019on vit, et surtout, o\u00f9 l\u2019<b>on dort au milieu de l\u2019art contemporain<\/b>.<\/p>\n<p>Un g\u00eete ancien et cosy<\/p>\n<p class=\" wall-content\">Sylvie Ruaulx de la Tribonni\u00e8re et Christophe Cuzin ont transform\u00e9 la maison familiale de la rue du Mar\u00e9chal Foch. \u00ab C\u2019est une demeure du 18e au c\u0153ur du quartier historique de la ville royale d\u2019Eu \u00bb, d\u00e9crivent-ils. Sylvie Ruaux a donn\u00e9 au lieu le nom de sa famille, bien implant\u00e9e dans l\u2019histoire de la ville : La Tribonni\u00e8re. \u00ab Nous avons souhait\u00e9 conserver le caract\u00e8re ancien de la b\u00e2tisse : l\u2019enduit sur les murs, les parquets, le mobilier \u00bb, pr\u00e9cisent-ils.<\/p>\n<p class=\" wall-content\">C\u2019est un lieu atypique de 90\u00a0m2\u00a0pouvant accueillir de 2 \u00e0 4\u00a0personnes. Il y a deux chambres, la jaune et la rouge, toutes les commodit\u00e9s et un acc\u00e8s au jardin.<\/p>\n<p>Un lieu d\u2019art contemporain<\/p>\n<p class=\" wall-content\">Ce lieu historique se r\u00e9invente en accueillant des \u0153uvres d\u2019artistes contemporains. \u00ab Nous avons souhait\u00e9 mettre en avant les artistes. C\u2019\u00e9tait l\u2019occasion de lancer ce concept atypique que nous n\u2019avons pas vu ailleurs \u00bb.<\/p>\n<p class=\" wall-content\">Une premi\u00e8re exposition, intitul\u00e9e Royalties, est ainsi install\u00e9e dans le g\u00eete, jusqu\u2019au 28\u00a0septembre. Le couple a fait appel \u00e0 deux commissaires d\u2019exposition, Franck Lamy et Balthazar Heish. Ce sont ainsi les \u0153uvres de quatre cr\u00e9ateurs que les h\u00f4tes vont pouvoir admirer : Jordan Roger, Ma\u00efc Baxane, Octo ASG et Youri Johnson. Chacun avec son univers provoque diff\u00e9rentes \u00e9motions.<\/p>\n<p>Vid\u00e9os : en ce moment sur Actu<\/p>\n<p class=\" wall-content\">S\u2019y ajoutent les \u0153uvres de Sylvie Ruaulx et Christophe Cuzin.<\/p>\n<p class=\" wall-content\">Sculptrice, Sylvie Ruaulx avait expos\u00e9 en 2022 une \u0153uvre monumentale et \u00e9ph\u00e9m\u00e8re, sur l\u2019esplanade de Mers-les-Bains, en gaines de ventilation. Des souvenirs de ce moment sont visibles dans le g\u00eete.\u00a0Christophe Cuzin est un artiste qui pr\u00e9sente ses concepts directement sur les murs, qu\u2019il peint de mani\u00e8re monochrome. Il a aussi r\u00e9cr\u00e9\u00e9 les blasons de toutes les villes o\u00f9 il a expos\u00e9.<\/p>\n<p class=\" wall-content\">Le g\u00eete offre par ailleurs toutes les explications qu\u2019offre une galerie : un catalogue, une pr\u00e9sentation des artistes. Une immersion artistique, jour et nuit. De quoi r\u00eaver d\u2019art, litt\u00e9ralement.<\/p>\n<p>Le g\u00eete la Tribonni\u00e8re est situ\u00e9 au 33 rue du Mar\u00e9chal Foch \u00e0 Eu. Renseignements sur le site Internet : www.art-bed.com<\/p>\n<p class=\" wall-content\">Suivez toute l\u2019actualit\u00e9 de vos villes et m\u00e9dias favoris en vous inscrivant \u00e0 <a href=\"https:\/\/moncompte.actu.fr\" title=\"D\u00e9couvez Mon Actu\" rel=\"nofollow noopener\" data-trk=\"{&quot;cta&quot;:{&quot;action&quot;:&quot;https:\\\/\\\/moncompte.actu.fr&quot;,&quot;category&quot;:&quot;mon compte&quot;,&quot;from&quot;:&quot;article footer&quot;,&quot;name&quot;:&quot;Mon actu&quot;,&quot;type&quot;:&quot;cta&quot;}}\" target=\"_blank\">Mon Actu<\/a>.<\/p>\n","protected":false},"excerpt":{"rendered":"Par J\u00e9r\u00f4me Buresi Publi\u00e9 le 19 juil. 2025 \u00e0 21h36 Mais qu\u2019est-ce que c\u2019est que ce lieu ?&hellip;\n","protected":false},"author":2,"featured_media":260220,"comment_status":"","ping_status":"","sticky":false,"template":"","format":"standard","meta":{"footnotes":""},"categories":[1586],"tags":[11,1777,674,1779,1011,27,12,25,104,1778,364,3587],"class_list":{"0":"post-260219","1":"post","2":"type-post","3":"status-publish","4":"format-standard","5":"has-post-thumbnail","7":"category-europe","8":"tag-actualites","9":"tag-eu","10":"tag-europe","11":"tag-european-union","12":"tag-fr","13":"tag-france","14":"tag-news","15":"tag-republique-francaise","16":"tag-societe","17":"tag-ue","18":"tag-union-europeenne","19":"tag-villes-soeurs"},"share_on_mastodon":{"url":"https:\/\/pubeurope.com\/@fr\/114883441677233745","error":""},"_links":{"self":[{"href":"https:\/\/www.europesays.com\/fr\/wp-json\/wp\/v2\/posts\/260219","targetHints":{"allow":["GET"]}}],"collection":[{"href":"https:\/\/www.europesays.com\/fr\/wp-json\/wp\/v2\/posts"}],"about":[{"href":"https:\/\/www.europesays.com\/fr\/wp-json\/wp\/v2\/types\/post"}],"author":[{"embeddable":true,"href":"https:\/\/www.europesays.com\/fr\/wp-json\/wp\/v2\/users\/2"}],"replies":[{"embeddable":true,"href":"https:\/\/www.europesays.com\/fr\/wp-json\/wp\/v2\/comments?post=260219"}],"version-history":[{"count":0,"href":"https:\/\/www.europesays.com\/fr\/wp-json\/wp\/v2\/posts\/260219\/revisions"}],"wp:featuredmedia":[{"embeddable":true,"href":"https:\/\/www.europesays.com\/fr\/wp-json\/wp\/v2\/media\/260220"}],"wp:attachment":[{"href":"https:\/\/www.europesays.com\/fr\/wp-json\/wp\/v2\/media?parent=260219"}],"wp:term":[{"taxonomy":"category","embeddable":true,"href":"https:\/\/www.europesays.com\/fr\/wp-json\/wp\/v2\/categories?post=260219"},{"taxonomy":"post_tag","embeddable":true,"href":"https:\/\/www.europesays.com\/fr\/wp-json\/wp\/v2\/tags?post=260219"}],"curies":[{"name":"wp","href":"https:\/\/api.w.org\/{rel}","templated":true}]}}