{"id":260231,"date":"2025-07-20T03:36:21","date_gmt":"2025-07-20T03:36:21","guid":{"rendered":"https:\/\/www.europesays.com\/fr\/260231\/"},"modified":"2025-07-20T03:36:21","modified_gmt":"2025-07-20T03:36:21","slug":"les-equipes-de-france-u18-pour-la-coupe-du-monde-de-3x3","status":"publish","type":"post","link":"https:\/\/www.europesays.com\/fr\/260231\/","title":{"rendered":"Les \u00e9quipes de France U18 pour la Coupe du monde de 3&#215;3"},"content":{"rendered":"<p>Sandra Dijon et Joffrey Sabard ont choisi leurs quatre joueurs pour la Coupe du monde U18 de 3\u00d73, qui se d\u00e9roule \u00e0 Debrecen, en Hongrie, du 26 au 30 ao\u00fbt.<\/p>\n<blockquote class=\"twitter-tweet\" data-width=\"550\" data-dnt=\"true\">\n<p lang=\"fr\" dir=\"ltr\">\ud83d\udce3 \ud835\udc12\ud835\udc1e\u0301\ud835\udc25\ud835\udc1e\ud835\udc1c\ud835\udc2d\ud835\udc22\ud835\udc28\ud835\udc27 \ud835\udc02\ud835\udc28\ud835\udc2e\ud835\udc29\ud835\udc1e \ud835\udc1d\ud835\udc2e \ud835\udc0c\ud835\udc28\ud835\udc27\ud835\udc1d\ud835\udc1e \ud835\udfd1\ud835\udc31\ud835\udfd1 \ud835\udc14\ud835\udfcf\ud835\udfd6<\/p>\n<p>4 joueurs et 4 joueuses ont \u00e9t\u00e9 s\u00e9lectionn\u00e9(e)s pour repr\u00e9senter la France lors de la Coupe du Monde U18 du 26 au 30 ao\u00fbt \u00e0 Debrecen.<\/p>\n<p>\u2795 d&rsquo;infos : <a href=\"https:\/\/t.co\/njRnA4qMRM\" rel=\"nofollow\">https:\/\/t.co\/njRnA4qMRM<\/a> <a href=\"https:\/\/t.co\/hKu4RE2Jkw\" rel=\"nofollow\">pic.twitter.com\/hKu4RE2Jkw<\/a><\/p>\n<p>\u2014 3\u00d73 FFBB (@3x3ffbb) <a href=\"https:\/\/twitter.com\/3x3ffbb\/status\/1827624266105278682?ref_src=twsrc%5Etfw\" rel=\"nofollow noopener\" target=\"_blank\">August 25, 2024<\/a><\/p>\n<\/blockquote>\n<p>Championnes d\u2019Europe U17 de 3\u00d73 l\u2019an pass\u00e9, <strong>C\u00e9laine Ricco<\/strong> et <strong>Lana Petiteau<\/strong> font partie de l\u2019aventure, aux c\u00f4t\u00e9s de <strong>Pauline Perret<\/strong> et <strong>Charlie Girod<\/strong>. Chez les gar\u00e7ons, Joffrey Sabard a s\u00e9lectionn\u00e9 <strong>Maxime Carrio<\/strong> et <strong>Zakaria Mechergui<\/strong>, m\u00e9daill\u00e9s de bronze l\u2019\u00e9t\u00e9 dernier en U17, en plus de <strong>Pierre Hourn\u00e9-Raubet<\/strong>, <a target=\"_blank\" rel=\"noopener nofollow\" href=\"https:\/\/www.bebasket.fr\/tarbes-lourdes-perd-quatre-joueurs-et-engage-pierre-hourne-raubet\">nouveau joueur de Tarbes-Lourdes<\/a> (NM1), et <strong>Lucas Dubesset<\/strong>. Ces deux derniers sont habitu\u00e9s au 3\u00d73 pour jouer pour l\u2019\u00e9quipe de Pau 3\u00d73.<\/p>\n<p><strong>L\u2019\u00e9quipe de France U18 f\u00e9minine de 3\u00d73, pour la Coupe du monde de la cat\u00e9gorie :<br \/><\/strong><\/p>\n<tr>\n<td width=\"124\"><strong>Nom<\/strong><\/td>\n<td width=\"98\"><strong>Pr\u00e9nom<\/strong><\/td>\n<td width=\"98\"><strong>N\u00e9e le<\/strong><\/td>\n<td width=\"75\"><strong>Taille<\/strong><\/td>\n<td width=\"255\"><strong>Club <\/strong><\/td>\n<\/tr>\n<tr>\n<td width=\"124\">PERRET<\/td>\n<td width=\"98\">Pauline<\/td>\n<td width=\"98\">16\/03\/2006<\/td>\n<td width=\"75\">1,86<\/td>\n<td width=\"255\">Pays Voironnais<\/td>\n<\/tr>\n<tr>\n<td width=\"124\">PETITEAU<\/td>\n<td width=\"98\">Lana<\/td>\n<td width=\"98\">27\/06\/2006<\/td>\n<td width=\"75\">1,76<\/td>\n<td width=\"255\">Saint-Paul Rez\u00e9<\/td>\n<\/tr>\n<tr>\n<td width=\"124\">RICCO<\/td>\n<td width=\"98\">C\u00e9laine<\/td>\n<td width=\"98\">01\/06\/2006<\/td>\n<td width=\"75\">1,72<\/td>\n<td width=\"255\">Martigues<\/td>\n<\/tr>\n<tr>\n<td width=\"124\">GIROD<\/td>\n<td width=\"98\">Charlie<\/td>\n<td width=\"98\">30\/03\/2006<\/td>\n<td width=\"75\">1,71<\/td>\n<td width=\"255\">Pays Voironnais<\/td>\n<\/tr>\n<p>\u00a0<\/p>\n<p><strong>L\u2019\u00e9quipe de France U18 masculine de 3\u00d73, pour la Coupe du monde de la cat\u00e9gorie :<\/strong><\/p>\n<tr>\n<td width=\"125\"><strong>Nom<\/strong><\/td>\n<td width=\"99\"><strong>Pr\u00e9nom<\/strong><\/td>\n<td width=\"88\"><strong>N\u00e9e le<\/strong><\/td>\n<td width=\"76\"><strong>Taille<\/strong><\/td>\n<td width=\"262\"><strong>Club <\/strong><\/td>\n<\/tr>\n<tr>\n<td width=\"125\">CARRIO<\/td>\n<td width=\"99\">Maxime<\/td>\n<td width=\"88\">05\/04\/2006<\/td>\n<td width=\"76\">1,93<\/td>\n<td width=\"262\">Nantes Basket Hermine<\/td>\n<\/tr>\n<tr>\n<td width=\"125\">HOURNE RAUBET<\/td>\n<td width=\"99\">Pierre<\/td>\n<td width=\"88\">28\/11\/2006<\/td>\n<td width=\"76\">1,88<\/td>\n<td width=\"262\">TOAC Basket<\/td>\n<\/tr>\n<tr>\n<td width=\"125\">MECHERGUI<\/td>\n<td width=\"99\">Zakaria<\/td>\n<td width=\"88\">29\/01\/2006<\/td>\n<td width=\"76\">1,97<\/td>\n<td width=\"262\">Chorale Roanne<\/td>\n<\/tr>\n<tr>\n<td width=\"125\">DUBESSET<\/td>\n<td width=\"99\">Lucas<\/td>\n<td width=\"88\">16\/02\/2006<\/td>\n<td width=\"76\">1,97<\/td>\n<td width=\"262\">Elan B\u00e9arnais Pau Nord-Est<\/td>\n<\/tr>\n<p>\u00a0<\/p>\n<p><script async src=\"https:\/\/platform.twitter.com\/widgets.js\" charset=\"utf-8\"><\/script><\/p>\n","protected":false},"excerpt":{"rendered":"Sandra Dijon et Joffrey Sabard ont choisi leurs quatre joueurs pour la Coupe du monde U18 de 3\u00d73,&hellip;\n","protected":false},"author":2,"featured_media":260232,"comment_status":"","ping_status":"","sticky":false,"template":"","format":"standard","meta":{"footnotes":""},"categories":[1414],"tags":[1465,1464,1011,27,60],"class_list":{"0":"post-260231","1":"post","2":"type-post","3":"status-publish","4":"format-standard","5":"has-post-thumbnail","7":"category-basket","8":"tag-basket","9":"tag-basketball","10":"tag-fr","11":"tag-france","12":"tag-sports"},"share_on_mastodon":{"url":"https:\/\/pubeurope.com\/@fr\/114883473538553345","error":""},"_links":{"self":[{"href":"https:\/\/www.europesays.com\/fr\/wp-json\/wp\/v2\/posts\/260231","targetHints":{"allow":["GET"]}}],"collection":[{"href":"https:\/\/www.europesays.com\/fr\/wp-json\/wp\/v2\/posts"}],"about":[{"href":"https:\/\/www.europesays.com\/fr\/wp-json\/wp\/v2\/types\/post"}],"author":[{"embeddable":true,"href":"https:\/\/www.europesays.com\/fr\/wp-json\/wp\/v2\/users\/2"}],"replies":[{"embeddable":true,"href":"https:\/\/www.europesays.com\/fr\/wp-json\/wp\/v2\/comments?post=260231"}],"version-history":[{"count":0,"href":"https:\/\/www.europesays.com\/fr\/wp-json\/wp\/v2\/posts\/260231\/revisions"}],"wp:featuredmedia":[{"embeddable":true,"href":"https:\/\/www.europesays.com\/fr\/wp-json\/wp\/v2\/media\/260232"}],"wp:attachment":[{"href":"https:\/\/www.europesays.com\/fr\/wp-json\/wp\/v2\/media?parent=260231"}],"wp:term":[{"taxonomy":"category","embeddable":true,"href":"https:\/\/www.europesays.com\/fr\/wp-json\/wp\/v2\/categories?post=260231"},{"taxonomy":"post_tag","embeddable":true,"href":"https:\/\/www.europesays.com\/fr\/wp-json\/wp\/v2\/tags?post=260231"}],"curies":[{"name":"wp","href":"https:\/\/api.w.org\/{rel}","templated":true}]}}