{"id":260243,"date":"2025-07-20T03:43:10","date_gmt":"2025-07-20T03:43:10","guid":{"rendered":"https:\/\/www.europesays.com\/fr\/260243\/"},"modified":"2025-07-20T03:43:10","modified_gmt":"2025-07-20T03:43:10","slug":"carcassonne-lauteur-audois-pierre-fabry-en-dedicace","status":"publish","type":"post","link":"https:\/\/www.europesays.com\/fr\/260243\/","title":{"rendered":"Carcassonne. L\u2019auteur audois Pierre Fabry en d\u00e9dicace"},"content":{"rendered":"<p>Le samedi 19 juillet, l\u2019auteur audois natif de L\u00e9zignan-Corbi\u00e8res, est venu tenir une s\u00e9ance de d\u00e9dicaces \u00e0 la librairie Breithaupt de Carcassonne. Un retour aux sources pour Pierre Fabry ayant fait ses \u00e9tudes secondaires dans la ville et fut collaborateur politique dans la r\u00e9gion. \u00ab\u00a0Il y a une dimension affective et symbolique importante pour moi\u00a0\u00bb explique-t-il sur \u00e7a venue dans son pays natal. \u00ab\u00a0J\u2019ai re\u00e7u adolescent le go\u00fbt de l\u2019\u00e9criture et de la lecture\u00a0\u00bb, ajoute l\u2019auteur de Histoire de Monaco. Entre anecdotes mon\u00e9gasques et audoises, Pierre Fabry confie : \u00ab\u00a0Il \u00e9tait important de passer par mes origines\u00a0\u00bb pour promouvoir son livre.<\/p>\n","protected":false},"excerpt":{"rendered":"Le samedi 19 juillet, l\u2019auteur audois natif de L\u00e9zignan-Corbi\u00e8res, est venu tenir une s\u00e9ance de d\u00e9dicaces \u00e0 la&hellip;\n","protected":false},"author":2,"featured_media":260244,"comment_status":"","ping_status":"","sticky":false,"template":"","format":"standard","meta":{"footnotes":""},"categories":[1357],"tags":[1379,58,59,1011,27,1380],"class_list":{"0":"post-260243","1":"post","2":"type-post","3":"status-publish","4":"format-standard","5":"has-post-thumbnail","7":"category-livres","8":"tag-books","9":"tag-divertissement","10":"tag-entertainment","11":"tag-fr","12":"tag-france","13":"tag-livres"},"share_on_mastodon":{"url":"https:\/\/pubeurope.com\/@fr\/114883500774070306","error":""},"_links":{"self":[{"href":"https:\/\/www.europesays.com\/fr\/wp-json\/wp\/v2\/posts\/260243","targetHints":{"allow":["GET"]}}],"collection":[{"href":"https:\/\/www.europesays.com\/fr\/wp-json\/wp\/v2\/posts"}],"about":[{"href":"https:\/\/www.europesays.com\/fr\/wp-json\/wp\/v2\/types\/post"}],"author":[{"embeddable":true,"href":"https:\/\/www.europesays.com\/fr\/wp-json\/wp\/v2\/users\/2"}],"replies":[{"embeddable":true,"href":"https:\/\/www.europesays.com\/fr\/wp-json\/wp\/v2\/comments?post=260243"}],"version-history":[{"count":0,"href":"https:\/\/www.europesays.com\/fr\/wp-json\/wp\/v2\/posts\/260243\/revisions"}],"wp:featuredmedia":[{"embeddable":true,"href":"https:\/\/www.europesays.com\/fr\/wp-json\/wp\/v2\/media\/260244"}],"wp:attachment":[{"href":"https:\/\/www.europesays.com\/fr\/wp-json\/wp\/v2\/media?parent=260243"}],"wp:term":[{"taxonomy":"category","embeddable":true,"href":"https:\/\/www.europesays.com\/fr\/wp-json\/wp\/v2\/categories?post=260243"},{"taxonomy":"post_tag","embeddable":true,"href":"https:\/\/www.europesays.com\/fr\/wp-json\/wp\/v2\/tags?post=260243"}],"curies":[{"name":"wp","href":"https:\/\/api.w.org\/{rel}","templated":true}]}}