{"id":260245,"date":"2025-07-20T03:44:11","date_gmt":"2025-07-20T03:44:11","guid":{"rendered":"https:\/\/www.europesays.com\/fr\/260245\/"},"modified":"2025-07-20T03:44:11","modified_gmt":"2025-07-20T03:44:11","slug":"ingrid-chauvin-le-tremblement-de-terre-qui-va-tout-bouleverser","status":"publish","type":"post","link":"https:\/\/www.europesays.com\/fr\/260245\/","title":{"rendered":"Ingrid Chauvin : le tremblement de terre qui va tout bouleverser"},"content":{"rendered":"<p>      R\u00e9sum\u00e9<\/p>\n<p>\u00c0 la rentr\u00e9e, un puissant tremblement de terre bouleverse S\u00e8te, provoquant chaos et drames dans Demain nous appartient, avec des cons\u00e9quences lourdes pour plusieurs personnages.<\/p>\n<p>        Sommaire<\/p>\n<p>Les auteurs de Demain nous appartient ne manquent pas d&rsquo;id\u00e9es. Alors que les t\u00e9l\u00e9spectateurs ont d\u00e9j\u00e0 assist\u00e9 \u00e0 <strong>un accident de bus, un effondrement de grotte et une explosion de lyc\u00e9e<\/strong>, voil\u00e0 que les h\u00e9ros de S\u00e8te affrontent en ce moment-m\u00eame l&rsquo;attaque d&rsquo;un requin. Une intrigue qui permet \u00e0 la s\u00e9rie, qui vient de f\u00eater ses huit ans d&rsquo;existence et ses 2000 \u00e9pisodes, de <strong>s&rsquo;offrir de jolis records d&rsquo;audience<\/strong>, s\u00fbrement aid\u00e9s par <a href=\"https:\/\/www.public.fr\/jean-luc-reichmann-apres-leo-mattei-lanimateur-des-12-coups-de-midi-rejoint-le-casting-dune-celebre-serie\" rel=\"nofollow noopener\" target=\"_blank\">l&rsquo;arriv\u00e9e au casting de Jean-Luc Reichmann<\/a>.<\/p>\n<p>Mais \u00e0 la rentr\u00e9e, les protagonistes de Demain nous appartient ne vont pas se reposer ! En effet, comme le r\u00e9v\u00e8lent nos confr\u00e8res de T\u00e9l\u00e9-Loisirs, un nouveau drame va venir perturber le quotidien des Delcourt, des Raynaud ou encore des Roussel. Et pour cause : <strong>un tremblement de terre va venir secouer S\u00e8te<\/strong>, et les d\u00e9g\u00e2ts vont \u00eatre d\u00e9sastreux !<\/p>\n<p>Plus rien ne sera jamais comme avant<\/p>\n<p>Le pitch de cette nouvelle arche \u00e9v\u00e8nement de Demain nous appartient a \u00e9t\u00e9 d\u00e9voil\u00e9 par T\u00e9l\u00e9-Loisirs. <strong>Une course caritative va \u00eatre organis\u00e9e au c\u0153ur du m\u00f4le de Saint-Louis<\/strong>. Mais au m\u00eame moment, S\u00e8te est frapp\u00e9 par un terrible tremblement de terre. Les habitants sont en plein chaos, et certains sont coinc\u00e9s dans leurs sous-sols alors m\u00eame que les b\u00e2timents menacent tous de s&rsquo;effondrer. En plein effroi, alors que le plan blanc est activ\u00e9, <strong>l&rsquo;h\u00f4pital est touch\u00e9 par une panne d&rsquo;\u00e9lectricit\u00e9<\/strong>&#8230; Personne ne va \u00eatre \u00e9pargn\u00e9 !<\/p>\n<p>Cette intrigue pourrait bien \u00eatre le th\u00e9\u00e2tre de bien des drames&#8230; Certains personnes historiques pourraient mourir, et profiter de cette arche pour quitter la sc\u00e8ne. A l&rsquo;\u00e9cran depuis le tout premier \u00e9pisode de Demain nous appartient, <strong>Alexandre Brasseur, Luce Mouchel, Samy Gharbi et Ingrid Chauvin<\/strong> seront-ils toujours pr\u00e9sents dans la nouvelle saison pr\u00e9vue \u00e0 la rentr\u00e9e ? Rien n&rsquo;est moins s\u00fbr&#8230;<\/p>\n<p>2000e \u00e9pisode pour \u00ab\u00a0Demain nous appartient\u00a0\u00bb<\/p>\n<p>En attendant, le vendredi 1er ao\u00fbt prochain, TF1 diffusera le 2000e \u00e9pisode de Demain nous appartient. <strong>C&rsquo;est le second feuilleton fran\u00e7ais \u00e0 r\u00e9ussir \u00e0 franchir ce cap<\/strong>, apr\u00e8s <a href=\"https:\/\/vsd.fr\/tag\/plus-belle-la-vie\/\" rel=\"nofollow noopener\" target=\"_blank\">Plus belle la vie<\/a> en juin 2012. Le feuilleton de France 3 avait ensuite franchi le cap du 3000e en avril 2016, puis celui du 4000e en f\u00e9vrier 2020. Si on compte les nouveaux \u00e9pisodes diffus\u00e9s sur TF1, les 5000 \u00e9pisodes ont \u00e9t\u00e9 diffus\u00e9s au total.<\/p>\n<p>Pour sa nouvelle saison, les auteurs de Demain nous appartient ont pr\u00e9vu de nouvelles arriv\u00e9es flamboyantes. Outre Jean-Luc Reichmann, <strong>Corinne Touzet va d\u00e9barquer \u00e0 S\u00e8te le 31 juillet prochain<\/strong>. Elle interpr\u00e8tera le r\u00f4le d&rsquo;Annie, s\u0153ur de Christelle (Ariane S\u00e9guillon). Dans les prochaines semaines, Erica, incarn\u00e9e par <strong>Shirley Bousquet<\/strong>, sera la nouvelle proviseure du lyc\u00e9e. Une nouvelle prof va \u00e9galement d\u00e9barquer, et sera incarn\u00e9e par <strong>Lola Dubini<\/strong>. <a href=\"https:\/\/www.public.fr\/demain-nous-appartient-la-fils-de-laurent-baffie-rejoint-le-casting\" rel=\"nofollow noopener\" target=\"_blank\">Le fils de Laurent Baffie<\/a> et <strong>Ambroise Michel<\/strong>, ex-star de Plus belle la vie et Cut, <a href=\"https:\/\/www.public.fr\/plus-belle-la-vie-une-autre-star-de-la-serie-rejoint-le-casting-de-demain-nous-appartient\" rel=\"nofollow noopener\" target=\"_blank\">seront \u00e9galement de la partie<\/a>.<\/p>\n<p>      Mentionn\u00e9s dans cet article<\/p>\n<p>\u00c0 lire aussi<\/p>\n","protected":false},"excerpt":{"rendered":"R\u00e9sum\u00e9 \u00c0 la rentr\u00e9e, un puissant tremblement de terre bouleverse S\u00e8te, provoquant chaos et drames dans Demain nous&hellip;\n","protected":false},"author":2,"featured_media":260246,"comment_status":"","ping_status":"","sticky":false,"template":"","format":"standard","meta":{"footnotes":""},"categories":[1356],"tags":[40038,3598,58,59,40039,1011,27,34819,17398,252,199,1364],"class_list":{"0":"post-260245","1":"post","2":"type-post","3":"status-publish","4":"format-standard","5":"has-post-thumbnail","7":"category-television","8":"tag-alexandre-brasseur","9":"tag-demain-nous-appartient","10":"tag-divertissement","11":"tag-entertainment","12":"tag-feuilleton-televise","13":"tag-fr","14":"tag-france","15":"tag-ingrid-chauvin","16":"tag-serie-televisee","17":"tag-television","18":"tag-tf1","19":"tag-tv"},"share_on_mastodon":{"url":"https:\/\/pubeurope.com\/@fr\/114883504702330173","error":""},"_links":{"self":[{"href":"https:\/\/www.europesays.com\/fr\/wp-json\/wp\/v2\/posts\/260245","targetHints":{"allow":["GET"]}}],"collection":[{"href":"https:\/\/www.europesays.com\/fr\/wp-json\/wp\/v2\/posts"}],"about":[{"href":"https:\/\/www.europesays.com\/fr\/wp-json\/wp\/v2\/types\/post"}],"author":[{"embeddable":true,"href":"https:\/\/www.europesays.com\/fr\/wp-json\/wp\/v2\/users\/2"}],"replies":[{"embeddable":true,"href":"https:\/\/www.europesays.com\/fr\/wp-json\/wp\/v2\/comments?post=260245"}],"version-history":[{"count":0,"href":"https:\/\/www.europesays.com\/fr\/wp-json\/wp\/v2\/posts\/260245\/revisions"}],"wp:featuredmedia":[{"embeddable":true,"href":"https:\/\/www.europesays.com\/fr\/wp-json\/wp\/v2\/media\/260246"}],"wp:attachment":[{"href":"https:\/\/www.europesays.com\/fr\/wp-json\/wp\/v2\/media?parent=260245"}],"wp:term":[{"taxonomy":"category","embeddable":true,"href":"https:\/\/www.europesays.com\/fr\/wp-json\/wp\/v2\/categories?post=260245"},{"taxonomy":"post_tag","embeddable":true,"href":"https:\/\/www.europesays.com\/fr\/wp-json\/wp\/v2\/tags?post=260245"}],"curies":[{"name":"wp","href":"https:\/\/api.w.org\/{rel}","templated":true}]}}