{"id":260253,"date":"2025-07-20T03:49:13","date_gmt":"2025-07-20T03:49:13","guid":{"rendered":"https:\/\/www.europesays.com\/fr\/260253\/"},"modified":"2025-07-20T03:49:13","modified_gmt":"2025-07-20T03:49:13","slug":"la-belgique-enquete-sur-la-mort-dune-festivaliere-canadienne","status":"publish","type":"post","link":"https:\/\/www.europesays.com\/fr\/260253\/","title":{"rendered":"la Belgique enqu\u00eate sur la mort d\u2019une festivali\u00e8re canadienne"},"content":{"rendered":"<p class=\"article-p mdl\">Le coup d\u2019envoi de Tomorrowland, l\u2019un des plus grands festivals de musique \u00e9lectronique au monde, a \u00e9t\u00e9 assombri par une trag\u00e9die. <strong>Une festivali\u00e8re canadienne \u00e2g\u00e9e de 35 ans est d\u00e9c\u00e9d\u00e9e vendredi 18 juillet<\/strong> au soir apr\u00e8s avoir fait un malaise sur le site du festival, situ\u00e9 \u00e0 Boom, en Belgique.<\/p>\n<p class=\"article-p mdl\">Les autorit\u00e9s belges ont annonc\u00e9 samedi l\u2019ouverture d\u2019une enqu\u00eate afin de faire toute la lumi\u00e8re sur ce d\u00e9c\u00e8s. Le parquet d\u2019Anvers, en charge du dossier, a pr\u00e9cis\u00e9 qu\u2019il cherchait \u00e0 d\u00e9terminer les causes exactes du drame. <strong>Transport\u00e9e \u00e0 l\u2019h\u00f4pital apr\u00e8s avoir \u00e9t\u00e9 prise en charge sur place<\/strong>, la femme n\u2019a malheureusement pas surv\u00e9cu.\n<\/p>\n<p class=\"article-p mdl\">Ce d\u00e9c\u00e8s survient alors que des dizaines de milliers de personnes affluent \u00e0 Tomorrowland, qui rassemble chaque ann\u00e9e une programmation prestigieuse et des artistes internationaux tels que <strong>David Guetta, Lost Frequencies ou encore Charlotte de Witte<\/strong>.\n<\/p>\n<p class=\"article-p mdl\"><strong>Environ 400.000 festivaliers sont attendus sur les deux week-ends<\/strong> de l\u2019\u00e9v\u00e9nement. Cette \u00e9dition 2025 avait d\u00e9j\u00e0 \u00e9t\u00e9 marqu\u00e9e en amont par\u00a0<a class=\"link\" href=\"https:\/\/www.rtl.fr\/actu\/international\/tomorrowland-les-images-impressionnantes-de-l-incendie-de-la-scene-principale-a-deux-jours-de-l-ouverture-7900524144\" target=\"_blank\" rel=\"noopener\">un incendie ayant ravag\u00e9 la sc\u00e8ne principale<\/a>\u00a0quelques jours avant l\u2019ouverture. Les organisateurs avaient n\u00e9anmoins rapidement r\u00e9agi en mettant en place une \u00ab\u00a0configuration alternative\u00a0\u00bb permettant le maintien du festival comme pr\u00e9vu.\n<\/p>\n<p class=\"article-p mdl\">La mort de la festivali\u00e8re soul\u00e8ve des questions sur les circonstances de l&rsquo;incident. L\u2019enqu\u00eate en cours devra d\u00e9terminer si des <strong>facteurs m\u00e9dicaux, environnementaux ou ext\u00e9rieurs<\/strong> ont pu jouer un r\u00f4le. Le parquet n\u2019a, \u00e0 ce stade, donn\u00e9 aucune pr\u00e9cision suppl\u00e9mentaire sur l\u2019identit\u00e9 de la victime ou sur les r\u00e9sultats m\u00e9dicaux initiaux.\n<\/p>\n<p>    La r\u00e9daction vous recommande<\/p>\n<p class=\"s-newsletter__title\">\n                L\u2019actualit\u00e9 par la r\u00e9daction de RTL dans votre bo\u00eete mail.\n            <\/p>\n<p class=\"s-newsletter__subtitle\">\n                Gr\u00e2ce \u00e0 votre compte RTL abonnez-vous \u00e0 la newsletter RTL info pour suivre toute l&rsquo;actualit\u00e9 au quotidien\n            <\/p>\n<p>\n                                    Lire la suite\n                                <\/p>\n","protected":false},"excerpt":{"rendered":"Le coup d\u2019envoi de Tomorrowland, l\u2019un des plus grands festivals de musique \u00e9lectronique au monde, a \u00e9t\u00e9 assombri&hellip;\n","protected":false},"author":2,"featured_media":260254,"comment_status":"","ping_status":"","sticky":false,"template":"","format":"standard","meta":{"footnotes":""},"categories":[8],"tags":[828,3983,58,1067,59,849,4768,107,1011,27,303,1072],"class_list":{"0":"post-260253","1":"post","2":"type-post","3":"status-publish","4":"format-standard","5":"has-post-thumbnail","7":"category-divertissement","8":"tag-belgique","9":"tag-deces","10":"tag-divertissement","11":"tag-enquete","12":"tag-entertainment","13":"tag-festival","14":"tag-fete","15":"tag-fil-info","16":"tag-fr","17":"tag-france","18":"tag-justice","19":"tag-police"},"share_on_mastodon":{"url":"https:\/\/pubeurope.com\/@fr\/114883524457370515","error":""},"_links":{"self":[{"href":"https:\/\/www.europesays.com\/fr\/wp-json\/wp\/v2\/posts\/260253","targetHints":{"allow":["GET"]}}],"collection":[{"href":"https:\/\/www.europesays.com\/fr\/wp-json\/wp\/v2\/posts"}],"about":[{"href":"https:\/\/www.europesays.com\/fr\/wp-json\/wp\/v2\/types\/post"}],"author":[{"embeddable":true,"href":"https:\/\/www.europesays.com\/fr\/wp-json\/wp\/v2\/users\/2"}],"replies":[{"embeddable":true,"href":"https:\/\/www.europesays.com\/fr\/wp-json\/wp\/v2\/comments?post=260253"}],"version-history":[{"count":0,"href":"https:\/\/www.europesays.com\/fr\/wp-json\/wp\/v2\/posts\/260253\/revisions"}],"wp:featuredmedia":[{"embeddable":true,"href":"https:\/\/www.europesays.com\/fr\/wp-json\/wp\/v2\/media\/260254"}],"wp:attachment":[{"href":"https:\/\/www.europesays.com\/fr\/wp-json\/wp\/v2\/media?parent=260253"}],"wp:term":[{"taxonomy":"category","embeddable":true,"href":"https:\/\/www.europesays.com\/fr\/wp-json\/wp\/v2\/categories?post=260253"},{"taxonomy":"post_tag","embeddable":true,"href":"https:\/\/www.europesays.com\/fr\/wp-json\/wp\/v2\/tags?post=260253"}],"curies":[{"name":"wp","href":"https:\/\/api.w.org\/{rel}","templated":true}]}}