{"id":260255,"date":"2025-07-20T03:50:15","date_gmt":"2025-07-20T03:50:15","guid":{"rendered":"https:\/\/www.europesays.com\/fr\/260255\/"},"modified":"2025-07-20T03:50:15","modified_gmt":"2025-07-20T03:50:15","slug":"moins-de-130-e-pour-un-smartphone-avec-ecran-120-hz-et-charge-rapide-45-w-cest-loffre-sur-le-realme-c71-pendant-les-soldes-amazon","status":"publish","type":"post","link":"https:\/\/www.europesays.com\/fr\/260255\/","title":{"rendered":"Moins de 130 \u20ac pour un smartphone avec \u00e9cran 120 Hz et charge rapide 45 W, c&rsquo;est l&rsquo;offre sur le Realme C71 pendant les soldes Amazon"},"content":{"rendered":"<p>Voici un smartphone 5G en promotion \u00e0 moins de 130 euros qui aligne batterie 6 000 mAh, charge rapide 45 W, \u00e9cran 120 Hz et capteur 50 Mpx : c\u2019est le Realme C71. <\/p>\n<p><a href=\"https:\/\/images.frandroid.com\/wp-content\/uploads\/2025\/07\/realme-c71-soldes-ete-2025-frandroid.jpg\" target=\"_blank\" class=\"article-content__figure\" rel=\"noopener\"><img fetchpriority=\"high\" decoding=\"async\" loading=\"eager\" width=\"1200\" height=\"799\" src=\"https:\/\/www.europesays.com\/fr\/wp-content\/uploads\/2025\/07\/realme-c71-soldes-ete-2025-frandroid.jpg\" alt=\"\" class=\"wp-image-2737985 wp-image wp-image\"  \/><\/a><\/p>\n<p>Le march\u00e9 des <a href=\"https:\/\/www.frandroid.com\/guide-dachat\/smartphones\/275349_quel-smartphone-choisir-moins-de-200-euros\" data-type=\"link\" data-id=\"https:\/\/www.frandroid.com\/guide-dachat\/smartphones\/275349_quel-smartphone-choisir-moins-de-200-euros\" target=\"_blank\" rel=\"noopener\">smartphones entr\u00e9e\/milieu de gamme<\/a> commence \u00e0 saturer de mod\u00e8les ti\u00e8des. Mais Realme continue d\u2019envoyer des machines bien pens\u00e9es pour ceux qui veulent de l\u2019autonomie, de la solidit\u00e9 et des specs honn\u00eates sans passer \u00e0 la caisse trop fort. Ce Realme C71 coche pas mal de cases pour son tarif, et encore plus pendant <a href=\"https:\/\/www.frandroid.com\/bons-plans\/2734595_les-soldes-dete-cest-bientot-fini-voici-les-ultimes-offres-du-week-end-pour-cette-derniere-demarque\" target=\"_blank\" rel=\"noopener\">les soldes d\u2019\u00e9t\u00e9<\/a> : il est <a href=\"https:\/\/shop.frandroid.com\/l733wtlm\" target=\"_blank\" rel=\"noreferrer noopener affiliate nofollow\" data-gtm=\"{&quot;event&quot;:&quot;afficlic&quot;,&quot;nom_marchand&quot;:&quot;amazon_fr&quot;,&quot;nom_produit&quot;:&quot;inconnu&quot;,&quot;categorie_produit&quot;:&quot;inconnu&quot;,&quot;module_produit&quot;:&quot;editolink&quot;,&quot;position_marchand&quot;:0,&quot;texte&quot;:&quot;a-moins-de-130-euros-sur-amazon&quot;,&quot;offer_url&quot;:&quot;https:\/\/shop.frandroid.com\/l733wtlm&quot;,&quot;zone&quot;:&quot;contenu-page&quot;}\">\u00e0 moins de 130 euros sur Amazon<\/a>.<\/p>\n<p>Les bons points de ce Realme C71<\/p>\n<ul class=\"wp-block-list\">\n<li>Batterie 6 000 mAh avec charge rapide 45 W<\/li>\n<li>\u00c9cran 120 Hz et une certification r\u00e9sistance militaire<\/li>\n<li>5G et stockage g\u00e9n\u00e9reux de 128 Go<\/li>\n<\/ul>\n<p>Au lieu de 149 euros, le Realme C71 est <a href=\"https:\/\/shop.frandroid.com\/l733wtlm\" target=\"_blank\" rel=\"noreferrer noopener affiliate nofollow\" data-gtm=\"{&quot;event&quot;:&quot;afficlic&quot;,&quot;nom_marchand&quot;:&quot;amazon_fr&quot;,&quot;nom_produit&quot;:&quot;inconnu&quot;,&quot;categorie_produit&quot;:&quot;inconnu&quot;,&quot;module_produit&quot;:&quot;editolink&quot;,&quot;position_marchand&quot;:0,&quot;texte&quot;:&quot;aujourd-hui-disponible-en-promotion-a-129-euros-sur-amazon&quot;,&quot;offer_url&quot;:&quot;https:\/\/shop.frandroid.com\/l733wtlm&quot;,&quot;zone&quot;:&quot;contenu-page&quot;}\">aujourd\u2019hui disponible en promotion \u00e0 129 euros sur Amazon<\/a>.<\/p>\n<p>De l\u2019endurance et de la r\u00e9activit\u00e9 au quotidien<\/p>\n<p>Avec 6 000 mAh sous le capot, le Realme C71 tient facilement deux jours en usage normal et peut encaisser sans broncher les longues sessions de GPS, de streaming ou de r\u00e9seaux sociaux. La recharge 45 W lui permet de repartir rapidement sans rester coll\u00e9 \u00e0 une prise pendant des heures \u00e0 condition d\u2019avoir le bloc ce qui n\u2019est pas le cas ici, vous savez, c\u2019est la mode du moment. En revanche, pas de panique, <a href=\"https:\/\/www.frandroid.com\/guide-dachat\/503832_quel-chargeur-rapide-choisir-pour-son-smartphone-samsung-huawei-oneplus-nokia-ou-xiaomi\" target=\"_blank\" rel=\"noopener\">notre guide pour choisir le meilleur chargeur rapide est ici<\/a>.<\/p>\n<p>Le combo 5G et processeur efficace (dans cette gamme de prix) offre une navigation fluide, des applis qui tournent correctement et assez de r\u00e9pondant pour g\u00e9rer un usage polyvalent sans frustration. Ce n\u2019est pas une machine \u00e0 gamer, mais pour tout le reste, \u00e7a fait tr\u00e8s bien le job.<\/p>\n<p>Le stockage de 128 Go \u00e9vite de se retrouver bloqu\u00e9 apr\u00e8s trois applis et 200 photos, et les 6 Go de RAM extensibles \u00e0 24 Go en dynamique assurent une certaine fluidit\u00e9 m\u00eame sur la dur\u00e9e.<\/p>\n<p>\u00c9cran 120 Hz et petit bonus robustesse<\/p>\n<p>L\u2019\u00e9cran LCD 6,67 pouces du C71 affiche un <a href=\"https:\/\/www.frandroid.com\/dossiers\/864303_latence-hz-framerate-input-lag-dossier-gaming\" target=\"_blank\" rel=\"noopener\">rafra\u00eechissement \u00e0 120 Hz<\/a>, ce qui reste rare sur ce cr\u00e9neau tarifaire. Plus de fluidit\u00e9 dans la navigation, les r\u00e9seaux et les vid\u00e9os. La d\u00e9finition est correcte pour ce format, et les bordures ma\u00eetris\u00e9es donnent un look assez moderne \u00e0 l\u2019ensemble.<\/p>\n<p>C\u00f4t\u00e9 design, Realme a jou\u00e9 la carte de la solidit\u00e9, certification de r\u00e9sistance \u00e0 l\u2019eau et aux chocs, c\u2019est toujours bon \u00e0 prendre, surtout \u00e0 ce prix. Le smartphone encaisse les maladresses du quotidien sans broncher, un vrai plus si on cherche un appareil sans prise de t\u00eate.<\/p>\n<p>Enfin, la photo 50 MP avec IA permet d\u2019avoir des clich\u00e9s tr\u00e8s d\u00e9cents en bonne lumi\u00e8re. Pas d\u2019illusions en basse lumi\u00e8re, mais pour les r\u00e9seaux sociaux et les souvenirs de <a href=\"https:\/\/www.frandroid.com\/guide-dachat\/2657817_les-meilleurs-accessoires-tech-a-emmener-en-vacances-cet-ete\" target=\"_blank\" rel=\"noopener\">vacances<\/a>, \u00e7a suffit largement.<\/p>\n<p>Afin de comparer le Realme C71 avec d\u2019autres produits de la m\u00eame cat\u00e9gorie, nous vous invitons d\u00e8s maintenant \u00e0 consulter <a href=\"https:\/\/www.frandroid.com\/guide-dachat\/smartphones\/275349_quel-smartphone-choisir-moins-de-200-euros\" data-type=\"link\" data-id=\"https:\/\/www.frandroid.com\/guide-dachat\/smartphones\/275349_quel-smartphone-choisir-moins-de-200-euros\" target=\"_blank\" rel=\"noopener\">notre guide sur les meilleurs smartphones pas chers du moment<\/a>.<\/p>\n<p>Les Soldes d\u2019\u00e9t\u00e9 2025 <\/p>\n<p>Jusqu\u2019au 22 juillet prochain, ce sont <a href=\"https:\/\/www.frandroid.com\/bons-plans\/2717571_soldes-dete-amazon-et-dautres-cassent-les-prix-pour-la-2e-demarque-voici-les-meilleures-offres-en-direct\" data-type=\"link\" data-id=\"https:\/\/www.frandroid.com\/bons-plans\/2717571_soldes-dete-amazon-et-dautres-cassent-les-prix-pour-la-2e-demarque-voici-les-meilleures-offres-en-direct\" target=\"_blank\" rel=\"noreferrer noopener\">les soldes d\u2019\u00e9t\u00e9 en France<\/a>. En cette occasion, la r\u00e9daction de Frandroid met \u00e0 votre service son expertise en mati\u00e8re de nouvelles technologies pour vous aider \u00e0 faire votre choix dans votre prochain achat Tech \u00e0 prix r\u00e9duit. Il y a plusieurs articles avec diff\u00e9rentes th\u00e9matiques, \u00e0 vous de choisir :<\/p>\n<p>Et pour \u00eatre s\u00fbr de ne manquer aucun bon plan de l\u2019\u00e9dition 2025 des soldes d\u2019\u00e9t\u00e9 et du Prime Day, vous pouvez aussi :<\/p>\n<ul class=\"wp-block-list\">\n<li>Nous suivre sur notre compte X\u00a0<a href=\"https:\/\/twitter.com\/FrandroidPromos\" target=\"_blank\" rel=\"noopener noreferrer\">@FrandroidPromos<\/a> uniquement d\u00e9di\u00e9 aux bons plans (pensez \u00e0 activer la cloche pour recevoir les notifications en temps r\u00e9el)<\/li>\n<li>\n<a href=\"https:\/\/whatsapp.com\/channel\/0029VabYxm5LI8YhSlD8xc05\" target=\"_blank\" rel=\"noopener\">Rejoindre notre canal WhatsApp<\/a> pour recevoir une fois par jour un condens\u00e9 des meilleures offres<\/li>\n<li>T\u00e9l\u00e9charger notre <a href=\"https:\/\/www.frandroid.com\/telecharger\/apps\/frandroid\" target=\"_blank\" rel=\"noopener\">application Frandroid<\/a> (disponible sur iOS et Android) pour activer les notifications de la cat\u00e9gorie \u00ab Bons Plans \u00bb et ainsi recevoir en temps r\u00e9el les nouveaux articles publi\u00e9s<\/li>\n<li>S\u2019abonner \u00e0 notre newsletter pour \u00eatre s\u00fbr de recevoir les offres en avant-premi\u00e8re (pas plus d\u2019un mail par jour, d\u00e9sinscription en 1 clic, aucune diffusion \u00e0 des tiers) :<\/li>\n<\/ul>\n<p class=\"newsletter-form__title is-size-6 is-size-7-mobile is-uppercase has-text-good-deals has-text-weight-semibold mb-4 px-5\">Frandroid Bons plans<\/p>\n<p class=\"has-text-centered-tablet newsletter-form__subtitle is-size-4 has-text-weight-bold has-text-primary column is-9-tablet is-10-mobile\">\n                C\u2019est enregistr\u00e9 ! Surveillez votre bo\u00eete aux lettres, vous allez entendre parler de nous\u00a0!\n            <\/p>\n<p class=\"newsletter-form__subtitle is-size-4 has-text-weight-bold has-text-gradient-pink\">Ne manquez aucun bon plan avec notre newsletter<\/p>\n<p class=\"is-size-7\">\n                Les donn\u00e9es transmises par le biais de ce formulaire sont destin\u00e9es \u00e0 Humanoid,<br \/>\n                soci\u00e9t\u00e9 \u00e9ditrice du site Frandroid en sa qualit\u00e9 de responsable de traitement.<br \/>\n                Elles ne seront en aucun cas c\u00e9d\u00e9es \u00e0 des tiers. Ces donn\u00e9es sont trait\u00e9es sous r\u00e9serve d\u2019obtention de<br \/>\n                votre consentement pour vous envoyer par e-mail des actualit\u00e9s et informations relatives aux contenus<br \/>\n                \u00e9ditoriaux publi\u00e9s sur Frandroid. Vous pouvez vous opposer \u00e0 tout moment \u00e0 ces e-mails<br \/>\n                en cliquant sur les liens de d\u00e9sinscriptions pr\u00e9sents dans chacun d\u2019eux. Pour plus d\u2019informations, vous<br \/>\n                pouvez consulter l\u2019int\u00e9gralit\u00e9 de notre <a href=\"https:\/\/www.frandroid.com\/politique-donnees-personnelles\" target=\"_blank\" rel=\"noopener\"><br \/>\n                politique de traitement de vos donn\u00e9es personnelles<\/a>.<br \/>\n                Vous disposez d\u2019un droit d\u2019acc\u00e8s, de rectification, d\u2019effacement, de limitation, de portabilit\u00e9 et<br \/>\n                d\u2019opposition pour motif l\u00e9gitime aux donn\u00e9es personnelles vous concernant. Pour exercer l\u2019un de ces droits,<br \/>\n                merci d\u2019effectuer votre demande via notre <a href=\"https:\/\/www.frandroid.com\/contact\/#RGPD\" target=\"_blank\" rel=\"noopener\">formulaire<br \/>\n                de demandes d\u2019exercices de droits d\u00e9di\u00e9<\/a>.\n            <\/p>\n<p>            <script async src=\"https:\/\/platform.twitter.com\/widgets.js\" charset=\"utf-8\"><\/script><\/p>\n","protected":false},"excerpt":{"rendered":"Voici un smartphone 5G en promotion \u00e0 moins de 130 euros qui aligne batterie 6 000 mAh, charge&hellip;\n","protected":false},"author":2,"featured_media":260256,"comment_status":"","ping_status":"","sticky":false,"template":"","format":"standard","meta":{"footnotes":""},"categories":[7],"tags":[201,1011,27,7990,43,40,41,39,34230,42,44],"class_list":{"0":"post-260255","1":"post","2":"type-post","3":"status-publish","4":"format-standard","5":"has-post-thumbnail","7":"category-sciences-et-technologies","8":"tag-bons-plans-amazon","9":"tag-fr","10":"tag-france","11":"tag-realme","12":"tag-science","13":"tag-science-and-technology","14":"tag-sciences","15":"tag-sciences-et-technologies","16":"tag-soldes-dete-2025","17":"tag-technologies","18":"tag-technology"},"share_on_mastodon":{"url":"https:\/\/pubeurope.com\/@fr\/114883528368889744","error":""},"_links":{"self":[{"href":"https:\/\/www.europesays.com\/fr\/wp-json\/wp\/v2\/posts\/260255","targetHints":{"allow":["GET"]}}],"collection":[{"href":"https:\/\/www.europesays.com\/fr\/wp-json\/wp\/v2\/posts"}],"about":[{"href":"https:\/\/www.europesays.com\/fr\/wp-json\/wp\/v2\/types\/post"}],"author":[{"embeddable":true,"href":"https:\/\/www.europesays.com\/fr\/wp-json\/wp\/v2\/users\/2"}],"replies":[{"embeddable":true,"href":"https:\/\/www.europesays.com\/fr\/wp-json\/wp\/v2\/comments?post=260255"}],"version-history":[{"count":0,"href":"https:\/\/www.europesays.com\/fr\/wp-json\/wp\/v2\/posts\/260255\/revisions"}],"wp:featuredmedia":[{"embeddable":true,"href":"https:\/\/www.europesays.com\/fr\/wp-json\/wp\/v2\/media\/260256"}],"wp:attachment":[{"href":"https:\/\/www.europesays.com\/fr\/wp-json\/wp\/v2\/media?parent=260255"}],"wp:term":[{"taxonomy":"category","embeddable":true,"href":"https:\/\/www.europesays.com\/fr\/wp-json\/wp\/v2\/categories?post=260255"},{"taxonomy":"post_tag","embeddable":true,"href":"https:\/\/www.europesays.com\/fr\/wp-json\/wp\/v2\/tags?post=260255"}],"curies":[{"name":"wp","href":"https:\/\/api.w.org\/{rel}","templated":true}]}}