{"id":260259,"date":"2025-07-20T03:52:13","date_gmt":"2025-07-20T03:52:13","guid":{"rendered":"https:\/\/www.europesays.com\/fr\/260259\/"},"modified":"2025-07-20T03:52:13","modified_gmt":"2025-07-20T03:52:13","slug":"au-vietnam-le-bilan-ne-cesse-de-salourdir-apres-le-naufrage-dun-bateau-touristique","status":"publish","type":"post","link":"https:\/\/www.europesays.com\/fr\/260259\/","title":{"rendered":"Au Vietnam, le bilan ne cesse de s\u2019alourdir apr\u00e8s le naufrage d\u2019un bateau touristique"},"content":{"rendered":"<p>        <img decoding=\"async\" loading=\"lazy\" src=\"https:\/\/www.europesays.com\/fr\/wp-content\/uploads\/2025\/07\/fd53220_upload-1-0wr3jlbdgsag-000-679v2we.jpg\"  width=\"728\" height=\"410\" alt=\"Photographie prise ce samedi 19\u00a0juillet 2025\u00a0et diffus\u00e9e par l\u2019Agence de presse vietnamienne (VNA), montrant des secouristes rassembl\u00e9s autour du bateau de tourisme qui a chavir\u00e9 dans la baie d\u2019Halong.\"\/>  <\/p>\n<p>&#8211; \/ AFP<\/p>\n<p>Photographie prise ce samedi 19\u00a0juillet 2025\u00a0et diffus\u00e9e par l\u2019Agence de presse vietnamienne (VNA), montrant des secouristes rassembl\u00e9s autour du bateau de tourisme qui a chavir\u00e9 dans la baie d\u2019Halong.<\/p>\n<p class=\"asset asset-text\">INTERNATIONAL &#8211; Bilan d\u00e9j\u00e0 dramatique. Dans la baie d\u2019Along, <a href=\"https:\/\/www.huffingtonpost.fr\/international\/article\/la-petite-fille-au-napalm-la-celebre-photo-prise-pendant-la-guerre-du-vietnam-continue-d-alimenter-les-doutes_250135.html\" rel=\"nofollow noopener\" target=\"_blank\">au Vietnam<\/a>, le naufrage d\u2019un <a href=\"https:\/\/www.huffingtonpost.fr\/environnement\/article\/christian-estrosi-part-a-l-abordage-contre-le-paquebot-voyager-of-the-seas-en-rade-de-villefranche-sur-mer_252211.html\" rel=\"nofollow noopener\" target=\"_blank\">bateau touristique<\/a> a fait de nombreux morts ce samedi 19\u00a0juillet. Et le bilan humain pourrait encore s\u2019alourdir puisqu\u2019une douzaine de personnes qui \u00e9taient pr\u00e9sentes \u00e0 bord sont toujours port\u00e9es disparues.<\/p>\n<p class=\"asset asset-text\">Comme le rapporte un m\u00e9dia d\u2019\u00e9tat cit\u00e9 par l\u2019AFP, au moins 28\u00a0personnes, dont huit enfants, ont trouv\u00e9 la mort dans le naufrage du Wonder Sea, qui transportait 53\u00a0personnes (48\u00a0passagers et cinq membres d\u2019\u00e9quipage), avant de chavirer. \u00ab\u00a0Les gardes-fronti\u00e8res et la marine vietnamiens ont secouru 11 personnes et retrouv\u00e9 28 corps\u00a0\u00bb, indique le site d\u2019information <a href=\"https:\/\/vnexpress.net\/lat-tau-du-lich-tren-vinh-ha-long-4916402.html\" target=\"_blank\" rel=\"noopener nofollow\" title=\"Nouvelle fen\u00eatre\">VNExpress<\/a>. Un premier bilan faisait \u00e9tat de 18\u00a0morts, plus t\u00f4t dans la journ\u00e9e.<\/p>\n<p class=\"asset asset-text\">Comme le rapporte le m\u00e9dia vietnamien <a href=\"https:\/\/dantri.com.vn\/xa-hoi\/lat-tau-vinh-ha-long-tim-thay-27-thi-the-trong-do-co-8-tre-em-20250719180208767.htm\" target=\"_blank\" rel=\"noopener nofollow\" title=\"Nouvelle fen\u00eatre\">Dan Tri<\/a>, les intemp\u00e9ries ont jou\u00e9 un r\u00f4le majeur dans ce naufrage. Le site \u00e9voquant des pluies soudaines et fortes samedi apr\u00e8s-midi, au moment o\u00f9 ce bateau touristique parcourait la baie d\u2019Along, <a href=\"https:\/\/www.huffingtonpost.fr\/culture\/article\/en-bretagne-les-megalithes-de-carnac-et-des-rives-du-morbihan-classes-au-patrimoine-mondial-de-l-unesco_252533.html\" target=\"_blank\" rel=\"noopener nofollow\" title=\"Nouvelle fen\u00eatre\">class\u00e9e au patrimoine mondial de l\u2019UNESCO<\/a>. \u00ab\u00a0Le navire a rencontr\u00e9 une temp\u00eate soudaine, s\u2019est inclin\u00e9 et a chavir\u00e9\u00a0\u00bb, indique \u00e9galement VNExpress.<\/p>\n<p>    Les secours mobilis\u00e9s    <\/p>\n<p class=\"asset asset-text\">Dans ces circonstances, le Premier ministre vietnamien Pham Minh Chinh a ordonn\u00e9 ce samedi l\u2019ouverture d\u2019une enqu\u00eate pour clarifier les causes de l\u2019incident, apr\u00e8s avoir pr\u00e9sent\u00e9 ses condol\u00e9ances aux victimes et \u00e0 leurs familles. Des moyens importants ont \u00e9t\u00e9 d\u00e9ploy\u00e9s ces derni\u00e8res heures pour tenter de secourir d\u2019\u00e9ventuels survivants. VNExpress rapporte que la province a mobilis\u00e9 gardes-fronti\u00e8res, marine, police et autorit\u00e9s portuaires avec 27 navires et 2 bateaux.<\/p>\n<p class=\"asset asset-text\">La Baie d\u2019Halong, visit\u00e9e par des millions de personnes chaque ann\u00e9e, est l\u2019une des destinations touristiques les plus populaires du Vietnam, r\u00e9put\u00e9e pour ses eaux bleu-vert et ses \u00eeles calcaires orn\u00e9es de for\u00eats tropicales. Mais en 2024, 30 navires avaient coul\u00e9 dans la province c\u00f4ti\u00e8re de Quang Ninh, le long de la Baie d\u2019Halong, apr\u00e8s avoir \u00e9t\u00e9 atteints par le typhon Yagi.<\/p>\n","protected":false},"excerpt":{"rendered":"&#8211; \/ AFP Photographie prise ce samedi 19\u00a0juillet 2025\u00a0et diffus\u00e9e par l\u2019Agence de presse vietnamienne (VNA), montrant des&hellip;\n","protected":false},"author":2,"featured_media":260260,"comment_status":"","ping_status":"","sticky":false,"template":"","format":"standard","meta":{"footnotes":""},"categories":[5],"tags":[11,5160,1011,27,14,1336,12,40040,602,951,28],"class_list":{"0":"post-260259","1":"post","2":"type-post","3":"status-publish","4":"format-standard","5":"has-post-thumbnail","7":"category-international","8":"tag-actualites","9":"tag-bateau","10":"tag-fr","11":"tag-france","12":"tag-international","13":"tag-naufrage","14":"tag-news","15":"tag-patrimoine-mondial-de-l-unesco","16":"tag-tourisme","17":"tag-vietnam","18":"tag-world"},"share_on_mastodon":{"url":"https:\/\/pubeurope.com\/@fr\/114883536077205565","error":""},"_links":{"self":[{"href":"https:\/\/www.europesays.com\/fr\/wp-json\/wp\/v2\/posts\/260259","targetHints":{"allow":["GET"]}}],"collection":[{"href":"https:\/\/www.europesays.com\/fr\/wp-json\/wp\/v2\/posts"}],"about":[{"href":"https:\/\/www.europesays.com\/fr\/wp-json\/wp\/v2\/types\/post"}],"author":[{"embeddable":true,"href":"https:\/\/www.europesays.com\/fr\/wp-json\/wp\/v2\/users\/2"}],"replies":[{"embeddable":true,"href":"https:\/\/www.europesays.com\/fr\/wp-json\/wp\/v2\/comments?post=260259"}],"version-history":[{"count":0,"href":"https:\/\/www.europesays.com\/fr\/wp-json\/wp\/v2\/posts\/260259\/revisions"}],"wp:featuredmedia":[{"embeddable":true,"href":"https:\/\/www.europesays.com\/fr\/wp-json\/wp\/v2\/media\/260260"}],"wp:attachment":[{"href":"https:\/\/www.europesays.com\/fr\/wp-json\/wp\/v2\/media?parent=260259"}],"wp:term":[{"taxonomy":"category","embeddable":true,"href":"https:\/\/www.europesays.com\/fr\/wp-json\/wp\/v2\/categories?post=260259"},{"taxonomy":"post_tag","embeddable":true,"href":"https:\/\/www.europesays.com\/fr\/wp-json\/wp\/v2\/tags?post=260259"}],"curies":[{"name":"wp","href":"https:\/\/api.w.org\/{rel}","templated":true}]}}