{"id":260264,"date":"2025-07-20T03:56:45","date_gmt":"2025-07-20T03:56:45","guid":{"rendered":"https:\/\/www.europesays.com\/fr\/260264\/"},"modified":"2025-07-20T03:56:45","modified_gmt":"2025-07-20T03:56:45","slug":"juge-pour-vol-par-effraction-ce-stephanois-menaces-de-mort-son-avocat-qui-ne-veut-plus-plaider","status":"publish","type":"post","link":"https:\/\/www.europesays.com\/fr\/260264\/","title":{"rendered":"Jug\u00e9 pour vol par effraction, ce st\u00e9phanois menaces de mort son avocat qui ne veut plus plaider"},"content":{"rendered":"\n<p>C&rsquo;est la total pour ce jeune st\u00e9phanois de 20 ans : il est jug\u00e9 en comparution imm\u00e9diate ce vendredi 18 juillet pour d\u00e9gradations avec visage dissimul\u00e9, vol par effraction, port d&rsquo;arme blanche, mais aussi menaces de mort et violence envers une personne d\u00e9positaire de l&rsquo;autorit\u00e9. Il \u00e9tait \u00e9galement d\u00e9j\u00e0 connu des services de justice.<\/p>\n<p>S\u00e9rie de d\u00e9gradations et de vols par effraction<\/p>\n<p>Tout commence mercredi 16 juillet, \u00e0 3h du matin, lorsque la brigade de nuit est alert\u00e9e : un individu cagoul\u00e9 s&rsquo;en prend aux vitrines des commerces pour les briser et voler ce qu&rsquo;il peut, quartier Cr\u00eat de Roc. Il est donc interpell\u00e9. Lors de la fouille, on retrouve un opinel sur lui. Il est conduit en garde \u00e0 vue, o\u00f9 son avocat le rejoint. Mais voil\u00e0 que le jeune homme de 20 ans menace de mort le b\u00e2tonnier. Ce dernier d\u00e9cide de ne plus plaider pour lui. Le pr\u00e9venu s&rsquo;en prend aussi \u00e0 un policier lors de sa garde \u00e0 vue. Le policier a d\u00e9pos\u00e9 plainte, tout comme 3 commer\u00e7ants.<\/p>\n","protected":false},"excerpt":{"rendered":"C&rsquo;est la total pour ce jeune st\u00e9phanois de 20 ans : il est jug\u00e9 en comparution imm\u00e9diate ce&hellip;\n","protected":false},"author":2,"featured_media":260265,"comment_status":"","ping_status":"","sticky":false,"template":"","format":"standard","meta":{"footnotes":""},"categories":[9653],"tags":[1111,11,2430,5460,1777,674,1011,27,303,7775,12,1072,25,4001,1175],"class_list":{"0":"post-260264","1":"post","2":"type-post","3":"status-publish","4":"format-standard","5":"has-post-thumbnail","7":"category-saint-etienne","8":"tag-actu","9":"tag-actualites","10":"tag-auvergne-rhone-alpes","11":"tag-degradation","12":"tag-eu","13":"tag-europe","14":"tag-fr","15":"tag-france","16":"tag-justice","17":"tag-menaces-de-mort","18":"tag-news","19":"tag-police","20":"tag-republique-francaise","21":"tag-saint-etienne","22":"tag-vol"},"share_on_mastodon":{"url":"https:\/\/pubeurope.com\/@fr\/114883551733292936","error":""},"_links":{"self":[{"href":"https:\/\/www.europesays.com\/fr\/wp-json\/wp\/v2\/posts\/260264","targetHints":{"allow":["GET"]}}],"collection":[{"href":"https:\/\/www.europesays.com\/fr\/wp-json\/wp\/v2\/posts"}],"about":[{"href":"https:\/\/www.europesays.com\/fr\/wp-json\/wp\/v2\/types\/post"}],"author":[{"embeddable":true,"href":"https:\/\/www.europesays.com\/fr\/wp-json\/wp\/v2\/users\/2"}],"replies":[{"embeddable":true,"href":"https:\/\/www.europesays.com\/fr\/wp-json\/wp\/v2\/comments?post=260264"}],"version-history":[{"count":0,"href":"https:\/\/www.europesays.com\/fr\/wp-json\/wp\/v2\/posts\/260264\/revisions"}],"wp:featuredmedia":[{"embeddable":true,"href":"https:\/\/www.europesays.com\/fr\/wp-json\/wp\/v2\/media\/260265"}],"wp:attachment":[{"href":"https:\/\/www.europesays.com\/fr\/wp-json\/wp\/v2\/media?parent=260264"}],"wp:term":[{"taxonomy":"category","embeddable":true,"href":"https:\/\/www.europesays.com\/fr\/wp-json\/wp\/v2\/categories?post=260264"},{"taxonomy":"post_tag","embeddable":true,"href":"https:\/\/www.europesays.com\/fr\/wp-json\/wp\/v2\/tags?post=260264"}],"curies":[{"name":"wp","href":"https:\/\/api.w.org\/{rel}","templated":true}]}}