{"id":260266,"date":"2025-07-20T03:58:14","date_gmt":"2025-07-20T03:58:14","guid":{"rendered":"https:\/\/www.europesays.com\/fr\/260266\/"},"modified":"2025-07-20T03:58:14","modified_gmt":"2025-07-20T03:58:14","slug":"des-jardins-ephemeres-pour-rafraichir-et-embellir-le-centre-ville","status":"publish","type":"post","link":"https:\/\/www.europesays.com\/fr\/260266\/","title":{"rendered":"des jardins \u00e9ph\u00e9m\u00e8res pour rafra\u00eechir (et embellir) le centre-ville"},"content":{"rendered":"<p><a href=\"https:\/\/www.republicain-lorrain.fr\/environnement\/2024\/08\/17\/a-thionville-les-jardins-ephemeres-prennent-racine\" target=\"_blank\" rel=\"nofollow noopener\">Les jardins \u00e9ph\u00e9m\u00e8res<\/a> s\u2019\u00e9tendent cet \u00e9t\u00e9 sur pr\u00e8s de 250 m2 au centre-ville de Thionville. Ces \u00eelots de verdure et de fra\u00eecheur reprennent leurs quartiers rue Br\u00fbl\u00e9e, devant le Beffroi et place Au-Bois. La municipalit\u00e9 a \u00e9galement install\u00e9 des bacs \u00e0 fleurs et arbustes, ainsi qu\u2019une petite sc\u00e8ne couverte en bois place Anne-Grommerch, une premi\u00e8re. Ces am\u00e9nagements vont se m\u00ealer aux animations estivales programm\u00e9es. Petit plus\u00a0: la remise en \u00e9tat de la fontaine place de la Libert\u00e9 pr\u00e9viendra elle aussi des coups de chaud.<\/p>\n","protected":false},"excerpt":{"rendered":"Les jardins \u00e9ph\u00e9m\u00e8res s\u2019\u00e9tendent cet \u00e9t\u00e9 sur pr\u00e8s de 250 m2 au centre-ville de Thionville. Ces \u00eelots de&hellip;\n","protected":false},"author":2,"featured_media":260267,"comment_status":"","ping_status":"","sticky":false,"template":"","format":"standard","meta":{"footnotes":""},"categories":[9635],"tags":[1111,11,7162,436,1777,674,1011,27,5325,2798,775,8423,1702,2742,12,25,7160],"class_list":{"0":"post-260266","1":"post","2":"type-post","3":"status-publish","4":"format-standard","5":"has-post-thumbnail","7":"category-nancy","8":"tag-actu","9":"tag-actualites","10":"tag-edition-thionville-hayange","11":"tag-environnement","12":"tag-eu","13":"tag-europe","14":"tag-fr","15":"tag-france","16":"tag-galerie-media","17":"tag-galerie-photo","18":"tag-grand-est","19":"tag-meteorologie-climat","20":"tag-nancy","21":"tag-nature","22":"tag-news","23":"tag-republique-francaise","24":"tag-thionville"},"share_on_mastodon":{"url":"https:\/\/pubeurope.com\/@fr\/114883559701979660","error":""},"_links":{"self":[{"href":"https:\/\/www.europesays.com\/fr\/wp-json\/wp\/v2\/posts\/260266","targetHints":{"allow":["GET"]}}],"collection":[{"href":"https:\/\/www.europesays.com\/fr\/wp-json\/wp\/v2\/posts"}],"about":[{"href":"https:\/\/www.europesays.com\/fr\/wp-json\/wp\/v2\/types\/post"}],"author":[{"embeddable":true,"href":"https:\/\/www.europesays.com\/fr\/wp-json\/wp\/v2\/users\/2"}],"replies":[{"embeddable":true,"href":"https:\/\/www.europesays.com\/fr\/wp-json\/wp\/v2\/comments?post=260266"}],"version-history":[{"count":0,"href":"https:\/\/www.europesays.com\/fr\/wp-json\/wp\/v2\/posts\/260266\/revisions"}],"wp:featuredmedia":[{"embeddable":true,"href":"https:\/\/www.europesays.com\/fr\/wp-json\/wp\/v2\/media\/260267"}],"wp:attachment":[{"href":"https:\/\/www.europesays.com\/fr\/wp-json\/wp\/v2\/media?parent=260266"}],"wp:term":[{"taxonomy":"category","embeddable":true,"href":"https:\/\/www.europesays.com\/fr\/wp-json\/wp\/v2\/categories?post=260266"},{"taxonomy":"post_tag","embeddable":true,"href":"https:\/\/www.europesays.com\/fr\/wp-json\/wp\/v2\/tags?post=260266"}],"curies":[{"name":"wp","href":"https:\/\/api.w.org\/{rel}","templated":true}]}}