{"id":260268,"date":"2025-07-20T03:59:12","date_gmt":"2025-07-20T03:59:12","guid":{"rendered":"https:\/\/www.europesays.com\/fr\/260268\/"},"modified":"2025-07-20T03:59:12","modified_gmt":"2025-07-20T03:59:12","slug":"concert-rumble-rockabilly-nancy-se-produira-le-22-juillet-au-square-briffaut","status":"publish","type":"post","link":"https:\/\/www.europesays.com\/fr\/260268\/","title":{"rendered":"Concert : \u00abRumble\u00bb (Rockabilly Nancy) se produira le 22 juillet au square Briffaut"},"content":{"rendered":"<p>Concert \u00abRumble\u00bb Rockabilly Nancy \u2013 Entr\u00e9e libre<br class=\"x_gmail-html-br\"\/>Mardi 22 juillet \u00e0 18h \u2013 Kiosque square Briffaut \u00e0 G\u00e9rardmer<br class=\"x_gmail-html-br\"\/>Pour les fans de STRAY CATS, ELVIS PRESLEY et de rockabilly se nourrissant d\u2019influences richement rhythm\u2019n\u2019blues. Bas\u00e9 sur la r\u00e9gion Grand Est, Rumble est un trio (guitare\/voix \u2013 contrebasse \u2013 batterie) form\u00e9 au d\u00e9but des ann\u00e9es 2010, d\u2019inspiration rockabilly, mais s\u2019ouvrant sur de nombreux autres styles (rock\u2019n\u2018roll, garage 60\u2019s, country, surf music\u2026). Du son sur\u00a0<a class=\"x_gmail-x1i10hfl x_gmail-xjbqb8w x_gmail-x1ejq31n x_gmail-x18oe1m7 x_gmail-x1sy0etr x_gmail-xstzfhl x_gmail-x972fbf x_gmail-x10w94by x_gmail-x1qhh985 x_gmail-x14e42zd x_gmail-x9f619 x_gmail-x1ypdohk x_gmail-xt0psk2 x_gmail-xe8uvvx x_gmail-xdj266r x_gmail-x14z9mp x_gmail-xat24cr x_gmail-x1lziwak x_gmail-xexx8yu x_gmail-xyri2b x_gmail-x18d9i69 x_gmail-x1c1uobl x_gmail-x16tdsg8 x_gmail-x1hl2dhg x_gmail-xggy1nq x_gmail-x1a2a7pz x_gmail-xkrqix3 x_gmail-x1sur9pj x_gmail-x1fey0fg x_gmail-x1s688f\" tabindex=\"0\" title=\"https:\/\/l.facebook.com\/l.php?u=https%3A%2F%2Fwww.groupe-rumble.com%2Fmedias%3Ffbclid%3DIwZXh0bgNhZW0CMTAAYnJpZBEwaWtxWTM5Nzg5ZVJJZ1NiVwEecVCSAtWvfigLsxNutGTAa7CRzJopxWM0inugmpxIrsj55EZ4-2Y0VWfhpZc_aem_irRmq2Ypau-p2bT7lb5S9w&amp;h=AT3mhc4l7DmcO8pcM-Xq3qfB4O5A6gGO98GOpTe0y2n-yQZynZadPDmRxmtSa5Yf0pwOlLpoBb08HQp7_UB7cmtCYX10zlCxAR_zqBgk1V4D7oxHTBGXVCZHoi0WKo_rwTKgJ85vzxX6husl9HcYKdyba61UdUWs&amp;__tn__=q&amp;c[0]=AT34WCu7hCbpo9sYMEvKjkvrpmf2afG_aTdiB647tmU0c_fRgG_Upq-JYwo7Vja_0gW2_jqCYQ5Og3FjeUWEWV6ppONORJDEDScu9Zvq86QhmpVnFAynlRgtaygMpohKTEULp_15nzEf84OFhmXoQdwY5RrUut2kqPoA7w\" role=\"link\" href=\"https:\/\/l.facebook.com\/l.php?u=https%3A%2F%2Fwww.groupe-rumble.com%2Fmedias%3Ffbclid%3DIwZXh0bgNhZW0CMTAAYnJpZBEwaWtxWTM5Nzg5ZVJJZ1NiVwEecVCSAtWvfigLsxNutGTAa7CRzJopxWM0inugmpxIrsj55EZ4-2Y0VWfhpZc_aem_irRmq2Ypau-p2bT7lb5S9w&amp;h=AT3mhc4l7DmcO8pcM-Xq3qfB4O5A6gGO98GOpTe0y2n-yQZynZadPDmRxmtSa5Yf0pwOlLpoBb08HQp7_UB7cmtCYX10zlCxAR_zqBgk1V4D7oxHTBGXVCZHoi0WKo_rwTKgJ85vzxX6husl9HcYKdyba61UdUWs&amp;__tn__=q&amp;c[0]=AT34WCu7hCbpo9sYMEvKjkvrpmf2afG_aTdiB647tmU0c_fRgG_Upq-JYwo7Vja_0gW2_jqCYQ5Og3FjeUWEWV6ppONORJDEDScu9Zvq86QhmpVnFAynlRgtaygMpohKTEULp_15nzEf84OFhmXoQdwY5RrUut2kqPoA7w\" target=\"_blank\" rel=\"nofollow noopener noreferrer\" data-auth=\"NotApplicable\" data-linkindex=\"0\">https:\/\/www.groupe-rumble.com\/medias<\/a><\/p>\n","protected":false},"excerpt":{"rendered":"Concert \u00abRumble\u00bb Rockabilly Nancy \u2013 Entr\u00e9e libreMardi 22 juillet \u00e0 18h \u2013 Kiosque square Briffaut \u00e0 G\u00e9rardmerPour les&hellip;\n","protected":false},"author":2,"featured_media":260269,"comment_status":"","ping_status":"","sticky":false,"template":"","format":"standard","meta":{"footnotes":""},"categories":[9635],"tags":[1111,11,1777,674,1011,27,775,1702,12,25,2058],"class_list":{"0":"post-260268","1":"post","2":"type-post","3":"status-publish","4":"format-standard","5":"has-post-thumbnail","7":"category-nancy","8":"tag-actu","9":"tag-actualites","10":"tag-eu","11":"tag-europe","12":"tag-fr","13":"tag-france","14":"tag-grand-est","15":"tag-nancy","16":"tag-news","17":"tag-republique-francaise","18":"tag-rumble"},"share_on_mastodon":{"url":"https:\/\/pubeurope.com\/@fr\/114883563524569085","error":""},"_links":{"self":[{"href":"https:\/\/www.europesays.com\/fr\/wp-json\/wp\/v2\/posts\/260268","targetHints":{"allow":["GET"]}}],"collection":[{"href":"https:\/\/www.europesays.com\/fr\/wp-json\/wp\/v2\/posts"}],"about":[{"href":"https:\/\/www.europesays.com\/fr\/wp-json\/wp\/v2\/types\/post"}],"author":[{"embeddable":true,"href":"https:\/\/www.europesays.com\/fr\/wp-json\/wp\/v2\/users\/2"}],"replies":[{"embeddable":true,"href":"https:\/\/www.europesays.com\/fr\/wp-json\/wp\/v2\/comments?post=260268"}],"version-history":[{"count":0,"href":"https:\/\/www.europesays.com\/fr\/wp-json\/wp\/v2\/posts\/260268\/revisions"}],"wp:featuredmedia":[{"embeddable":true,"href":"https:\/\/www.europesays.com\/fr\/wp-json\/wp\/v2\/media\/260269"}],"wp:attachment":[{"href":"https:\/\/www.europesays.com\/fr\/wp-json\/wp\/v2\/media?parent=260268"}],"wp:term":[{"taxonomy":"category","embeddable":true,"href":"https:\/\/www.europesays.com\/fr\/wp-json\/wp\/v2\/categories?post=260268"},{"taxonomy":"post_tag","embeddable":true,"href":"https:\/\/www.europesays.com\/fr\/wp-json\/wp\/v2\/tags?post=260268"}],"curies":[{"name":"wp","href":"https:\/\/api.w.org\/{rel}","templated":true}]}}