{"id":260274,"date":"2025-07-20T04:04:09","date_gmt":"2025-07-20T04:04:09","guid":{"rendered":"https:\/\/www.europesays.com\/fr\/260274\/"},"modified":"2025-07-20T04:04:09","modified_gmt":"2025-07-20T04:04:09","slug":"un-homme-secouru-par-les-sapeurs-pompiers-et-transporte-au-chu","status":"publish","type":"post","link":"https:\/\/www.europesays.com\/fr\/260274\/","title":{"rendered":"un homme secouru par les sapeurs-pompiers et transport\u00e9 au CHU"},"content":{"rendered":"<p>\t\t\t\t\t Les secours ont \u00e9t\u00e9 pr\u00e9venus dans la nuit de samedi \u00e0 dimanche, vers 2h15, qu\u2019un homme assis sur le bord du pont Flaubert \u00e0 Rouen, mena\u00e7ait de se jeter dans la Seine.\u00a0 <\/p>\n<p>Imm\u00e9diatement, des moyens de secours adapt\u00e9s ont \u00e9t\u00e9 d\u00e9p\u00each\u00e9s sur les lieux, \u00e0 savoir 19 sapeurs-pompiers, dont une \u00e9quipe sp\u00e9cialis\u00e9e en intervention en milieu p\u00e9rilleux (SMP) et une autre en sauvetage aquatique.\u00a0 <\/p>\n<p>Une \u00e9quipe nautique a \u00e9t\u00e9 pr\u00e9positionn\u00e9e sur la Seine, tandis qu\u2019une reconnaissance \u00e9tait men\u00e9e sur le pont, o\u00f9 l\u2019homme se trouvait toujours.\n\t\t\t\t <\/p>\n","protected":false},"excerpt":{"rendered":"Les secours ont \u00e9t\u00e9 pr\u00e9venus dans la nuit de samedi \u00e0 dimanche, vers 2h15, qu\u2019un homme assis sur&hellip;\n","protected":false},"author":2,"featured_media":260275,"comment_status":"","ping_status":"","sticky":false,"template":"","format":"standard","meta":{"footnotes":""},"categories":[9587],"tags":[1111,11,1777,674,1011,27,1934,12,5161,25,9590,5163],"class_list":{"0":"post-260274","1":"post","2":"type-post","3":"status-publish","4":"format-standard","5":"has-post-thumbnail","7":"category-rouen","8":"tag-actu","9":"tag-actualites","10":"tag-eu","11":"tag-europe","12":"tag-fr","13":"tag-france","14":"tag-infos-locales","15":"tag-news","16":"tag-normandie","17":"tag-republique-francaise","18":"tag-rouen","19":"tag-seine-maritime"},"share_on_mastodon":{"url":"https:\/\/pubeurope.com\/@fr\/114883583226732780","error":""},"_links":{"self":[{"href":"https:\/\/www.europesays.com\/fr\/wp-json\/wp\/v2\/posts\/260274","targetHints":{"allow":["GET"]}}],"collection":[{"href":"https:\/\/www.europesays.com\/fr\/wp-json\/wp\/v2\/posts"}],"about":[{"href":"https:\/\/www.europesays.com\/fr\/wp-json\/wp\/v2\/types\/post"}],"author":[{"embeddable":true,"href":"https:\/\/www.europesays.com\/fr\/wp-json\/wp\/v2\/users\/2"}],"replies":[{"embeddable":true,"href":"https:\/\/www.europesays.com\/fr\/wp-json\/wp\/v2\/comments?post=260274"}],"version-history":[{"count":0,"href":"https:\/\/www.europesays.com\/fr\/wp-json\/wp\/v2\/posts\/260274\/revisions"}],"wp:featuredmedia":[{"embeddable":true,"href":"https:\/\/www.europesays.com\/fr\/wp-json\/wp\/v2\/media\/260275"}],"wp:attachment":[{"href":"https:\/\/www.europesays.com\/fr\/wp-json\/wp\/v2\/media?parent=260274"}],"wp:term":[{"taxonomy":"category","embeddable":true,"href":"https:\/\/www.europesays.com\/fr\/wp-json\/wp\/v2\/categories?post=260274"},{"taxonomy":"post_tag","embeddable":true,"href":"https:\/\/www.europesays.com\/fr\/wp-json\/wp\/v2\/tags?post=260274"}],"curies":[{"name":"wp","href":"https:\/\/api.w.org\/{rel}","templated":true}]}}