{"id":260281,"date":"2025-07-20T04:11:19","date_gmt":"2025-07-20T04:11:19","guid":{"rendered":"https:\/\/www.europesays.com\/fr\/260281\/"},"modified":"2025-07-20T04:11:19","modified_gmt":"2025-07-20T04:11:19","slug":"pour-les-opposants-a-jeanne-barseghian-lenjeu-du-poids-des-collectifs-dhabitants","status":"publish","type":"post","link":"https:\/\/www.europesays.com\/fr\/260281\/","title":{"rendered":"Pour les opposants \u00e0 Jeanne Barseghian, l&rsquo;enjeu du poids des collectifs d&rsquo;habitants"},"content":{"rendered":"<p class=\"wp-block-post-excerpt__excerpt\">Tram nord, site Heppner, prix du stationnement\u2026 En premi\u00e8re ligne contre plusieurs projets de la municipalit\u00e9 \u00e9cologiste, les collectifs se sont multipli\u00e9s au cours du mandat. Pour les diff\u00e9rentes forces d\u2019opposition, ces derniers constituent un potentiel vivier \u00e9lectoral. <\/p>\n<p>Roni Gocer<\/p>\n<p>Publi\u00e9 le 19 juillet 2025\u00a0\u00a0\u00b7\u00a0\u00a0<\/p>\n<p>Imprim\u00e9 le 20 juillet 2025 \u00e0 06h11\u00a0\u00a0\u00b7\u00a0\u00a0<\/p>\n<p>\t\t\t\t\t4\u00a0minutes\n<\/p>\n<p class=\"has-drop-cap\">Cinq minutes sur l\u2019avenue des Vosges et d\u00e9j\u00e0 une cinquantaine de v\u00e9hicules passent. Cette large rue cossue devait se doter d\u2019un tram et se d\u00e9barrasser de ses voitures, acqu\u00e9rir quelques arbres, une piste cyclable, une promenade\u2026 Cinq minutes suffisent \u00e0 voir que rien n\u2019a boug\u00e9. Pour faire \u00e9chec au <a href=\"https:\/\/www.rue89strasbourg.com\/.\/tag\/tram-nord\" target=\"_blank\" rel=\"noopener\">projet d\u2019am\u00e9nagement du \u00ab\u00a0tram no<\/a><a href=\"https:\/\/www.rue89strasbourg.com\/.\/tag\/tram-nord\" target=\"_blank\" rel=\"noreferrer noopener\">r<\/a><a href=\"https:\/\/www.rue89strasbourg.com\/.\/tag\/tram-nord\" target=\"_blank\" rel=\"noopener\">d\u00a0\u00bb<\/a>, la mobilisation d\u2019une partie des habitants aura \u00e9t\u00e9 cruciale.<\/p>\n<p>Dans les caf\u00e9s du quartier, les rendez-vous se sont encha\u00een\u00e9s alors que toutes les r\u00e9unions publiques \u00e9taient prises d\u2019assaut. Au terme d\u2019une mobilisation sans \u00e9quivalent dans le quartier, la commission d\u2019enqu\u00eate publique finira par rendre un avis d\u00e9favorable au projet en s\u2019appuyant en partie sur les contributions re\u00e7ues.<\/p>\n<p>En r\u00e9action aux projets de la municipalit\u00e9 men\u00e9e par Jeanne Barseghian (Les \u00c9cologistes), d\u2019autres collectifs se sont organis\u00e9s tout au long de son mandat. Cultivant des liens parfois tr\u00e8s \u00e9troits avec les diff\u00e9rents \u00e9lus d\u2019opposition, ces collectifs ont \u00e9t\u00e9 souvent cruciaux pour ces derniers. Alors que les prochaines \u00e9lections municipales approchent, une question se posera\u00a0:\u00a0leur engagement citoyen contre les projets municipaux peut-il se muer en engagement politique\u00a0?<\/p>\n<p><img loading=\"lazy\" decoding=\"async\" width=\"1326\" height=\"745\" src=\"https:\/\/www.europesays.com\/fr\/wp-content\/uploads\/2025\/04\/1744907535_415_23-paywall.png\" alt=\"Abonnez-vous\" class=\"wp-image-282315\" style=\"aspect-ratio:1.7798657718120805;width:227px;height:auto\"  \/><\/p>\n<p>Cet article fait partie de l\u2019\u00e9dition abonn\u00e9s. Pour lire la suite, profitez d\u2019une offre d\u00e9couverte \u00e0 1\u20ac.<\/p>\n<p class=\"has-gray-700-color has-text-color has-medium-font-size\">Contribuez \u00e0 consolider un m\u00e9dia ind\u00e9pendant \u00e0 Strasbourg, en capacit\u00e9 d\u2019enqu\u00eater sur les enjeux locaux.<\/p>\n<p>\t\t\t<a href=\"https:\/\/www.rue89strasbourg.com\/\" class=\"custom-logo-link\" rel=\"home noopener\" target=\"_blank\"><img loading=\"lazy\" decoding=\"async\" width=\"290\" height=\"62\" src=\"https:\/\/www.europesays.com\/fr\/wp-content\/uploads\/2025\/04\/1743975279_388_logo.png\" class=\"custom-logo\" alt=\"Rue89 Strasbourg Enqu\u00eates et informations locales\"  \/><\/a><\/p>\n<p>\n\t\t\t\tAbonnez-vous maintenant pour suivre l\u2019actualit\u00e9 locale.\t\t\t<\/p>\n<p class=\"font-bold font-serif-heading mb-2 text-4xl\">\n\t\t\t\t\t\tL\u2019investigation locale \u00e0 port\u00e9e de main.\n\t\t\t\t\t<\/p>\n<p>\n\t\t\t\t\t\tAbonnez-vous et profitez d\u2019un acc\u00e8s illimit\u00e9 \u00e0 Rue89 Strasbourg. Annulez quand vous voulez.\n\t\t\t\t\t<\/p>\n<p class=\"xl:text-sm\">\n\t\t\t\t\tD\u00e9j\u00e0 abonn\u00e9\u00a0?<br \/>\n\t\t\t\t\t<a class=\"border border-transparent text-center transition-colors duration-instant focus:border-info focus:rounded focus:shadow-focus cursor-pointer text-black hover:text-gray-700 active:bg-black-700 font-semibold inline-block\" href=\"https:\/\/www.rue89strasbourg.com\/user\/connexion?redirect=\/municipales-collectifs-habitants-351548\" target=\"_blank\" rel=\"noopener\">Connectez-vous<\/a>\t\t\t\t<\/p>\n<p>\n\t\t\t\tChoisissez votre formule\u00a0:\n\t\t\t<\/p>\n<p>\t\t\t\tFermer<\/p>\n","protected":false},"excerpt":{"rendered":"Tram nord, site Heppner, prix du stationnement\u2026 En premi\u00e8re ligne contre plusieurs projets de la municipalit\u00e9 \u00e9cologiste, les&hellip;\n","protected":false},"author":2,"featured_media":260282,"comment_status":"","ping_status":"","sticky":false,"template":"","format":"standard","meta":{"footnotes":""},"categories":[2820],"tags":[1111,11,4451,2761,1777,674,1011,27,775,12,316,25,640],"class_list":{"0":"post-260281","1":"post","2":"type-post","3":"status-publish","4":"format-standard","5":"has-post-thumbnail","7":"category-strasbourg","8":"tag-actu","9":"tag-actualites","10":"tag-democratie-participative","11":"tag-elections-municipales-2026","12":"tag-eu","13":"tag-europe","14":"tag-fr","15":"tag-france","16":"tag-grand-est","17":"tag-news","18":"tag-politique","19":"tag-republique-francaise","20":"tag-strasbourg"},"share_on_mastodon":{"url":"https:\/\/pubeurope.com\/@fr\/114883611246029857","error":""},"_links":{"self":[{"href":"https:\/\/www.europesays.com\/fr\/wp-json\/wp\/v2\/posts\/260281","targetHints":{"allow":["GET"]}}],"collection":[{"href":"https:\/\/www.europesays.com\/fr\/wp-json\/wp\/v2\/posts"}],"about":[{"href":"https:\/\/www.europesays.com\/fr\/wp-json\/wp\/v2\/types\/post"}],"author":[{"embeddable":true,"href":"https:\/\/www.europesays.com\/fr\/wp-json\/wp\/v2\/users\/2"}],"replies":[{"embeddable":true,"href":"https:\/\/www.europesays.com\/fr\/wp-json\/wp\/v2\/comments?post=260281"}],"version-history":[{"count":0,"href":"https:\/\/www.europesays.com\/fr\/wp-json\/wp\/v2\/posts\/260281\/revisions"}],"wp:featuredmedia":[{"embeddable":true,"href":"https:\/\/www.europesays.com\/fr\/wp-json\/wp\/v2\/media\/260282"}],"wp:attachment":[{"href":"https:\/\/www.europesays.com\/fr\/wp-json\/wp\/v2\/media?parent=260281"}],"wp:term":[{"taxonomy":"category","embeddable":true,"href":"https:\/\/www.europesays.com\/fr\/wp-json\/wp\/v2\/categories?post=260281"},{"taxonomy":"post_tag","embeddable":true,"href":"https:\/\/www.europesays.com\/fr\/wp-json\/wp\/v2\/tags?post=260281"}],"curies":[{"name":"wp","href":"https:\/\/api.w.org\/{rel}","templated":true}]}}