{"id":260285,"date":"2025-07-20T04:13:12","date_gmt":"2025-07-20T04:13:12","guid":{"rendered":"https:\/\/www.europesays.com\/fr\/260285\/"},"modified":"2025-07-20T04:13:12","modified_gmt":"2025-07-20T04:13:12","slug":"firminy-loic-bergeron-prend-la-deuxieme-place-de-lironman-de-nice","status":"publish","type":"post","link":"https:\/\/www.europesays.com\/fr\/260285\/","title":{"rendered":"FIRMINY : LO\u00cfC BERGERON PREND LA DEUXIEME PLACE DE L&rsquo;IRONMAN DE NICE"},"content":{"rendered":"<p>                <a href=\"https:\/\/cadenceradio.fr\" target=\"_blank\" aria-label=\"Banni\u00e8re Cadence 2025\" rel=\"nofollow noopener\"><img loading=\"lazy\" decoding=\"async\" src=\"https:\/\/www.europesays.com\/fr\/wp-content\/uploads\/2025\/07\/Banniere-Cadence-2025-scaled.jpg\" alt=\"\"   width=\"2560\" height=\"738\"\/><\/a><\/p>\n<p>Ce sapeur-pompier firminois vient de boucler l\u2019Ironman de Nice en 10h03, performance r\u00e9alis\u00e9e sous une canicule de 40\u00b0C qui aurait d\u00e9courag\u00e9 le commun des mortels. Deuxi\u00e8me de sa cat\u00e9gorie parmi 2 700 concurrents, il valide son ticket pour les mondiaux avec la satisfaction du d\u00e9fi relev\u00e9.<\/p>\n<p>\u00ab\u00a0C\u2019\u00e9tait mon premier marathon, je dois dire que j\u2019appr\u00e9hendais un peu\u00a0\u00bb, avoue-t-il \u00e0 nos confr\u00e8res du Progr\u00e8s avec la modestie caract\u00e9ristique de ceux qui viennent de r\u00e9aliser l\u2019impossible.<\/p>\n<p>Apr\u00e8s quinze ann\u00e9es de cyclisme en comp\u00e9tition, Lo\u00efc bascule vers le triathlon en 2022. Son bapt\u00eame du feu ? Un half Ironman ni\u00e7ois sold\u00e9 par une dixi\u00e8me place qui d\u00e9clenche le d\u00e9clic : \u00ab\u00a0L\u00e0, je me suis dit qu\u2019il faut vraiment que je m\u2019y mette.\u00a0\u00bb<\/p>\n<p>Son parcours le propulse jusqu\u2019\u00e0 Taupo pour ses premiers mondiaux, o\u00f9 il termine 50e de sa cat\u00e9gorie. D\u00e9tail touchant : il franchit la ligne d\u2019arriv\u00e9e avec le drapeau de l\u2019ASSE sur les \u00e9paules, hommage \u00e0 son p\u00e8re fan des Verts pour la F\u00eate des p\u00e8res. Cette tradition porte-bonheur perdure depuis, transformant chaque course en d\u00e9claration d\u2019amour filiale et territoriale.<\/p>\n<p><strong>Entra\u00eenement quasi militaire<\/strong><\/p>\n<p>\u00ab\u00a0Je m\u2019entra\u00eene tous les jours, au moins 20 heures par semaine\u00a0\u00bb, r\u00e9sume sa philosophie spartiate. Suivi par un entra\u00eeneur professionnel, il applique la r\u00e8gle du \u00ab\u00a0pas un jour sans sport\u00a0\u00bb avec une discipline de fer. Cette attirance pour l\u2019extr\u00eame explique son passage des semi-Ironman aux versions compl\u00e8tes, escalade logique d\u2019un perfectionniste.<\/p>\n<p>Objectif imm\u00e9diat : les mondiaux ni\u00e7ois du 14 septembre avec l\u2019ambition d\u2019int\u00e9grer le top 20 de sa cat\u00e9gorie. Mais Lo\u00efc vise d\u00e9j\u00e0 plus haut : \u00ab\u00a0J\u2019aimerais beaucoup \u00eatre qualifi\u00e9 pour les mondiaux 2026, qui se d\u00e9roulent \u00e0 Hawa\u00ef, l\u00e0 o\u00f9 est n\u00e9 l\u2019Ironman.\u00a0\u00bb Revers de la m\u00e9daille : cette passion co\u00fbte 15 000 euros annuels. \u00ab\u00a0Cette ann\u00e9e, il faudrait que je change mon v\u00e9lo, ce qui revient \u00e0 8 000 euros\u00a0\u00bb, d\u00e9taille-t-il sans compter inscriptions, d\u00e9placements et mat\u00e9riel.<\/p>\n<p>Entre caserne st\u00e9phanoise et entra\u00eenements firminois, Lo\u00efc orchestrate un quotidien millim\u00e9tr\u00e9 o\u00f9 chaque minute compte. Cette gestion rigoureuse lui permet de maintenir son niveau professionnel tout en gravissant les \u00e9chelons du triathlon international.<\/p>\n<p>Au-del\u00e0 de la performance individuelle, ce pompier-athl\u00e8te porte les couleurs de son territoire sur les sc\u00e8nes mondiales, d\u00e9montrant que l\u2019excellence sportive peut \u00e9merger des bassins de vie les plus modestes avec d\u00e9termination et m\u00e9thode.<\/p>\n","protected":false},"excerpt":{"rendered":"Ce sapeur-pompier firminois vient de boucler l\u2019Ironman de Nice en 10h03, performance r\u00e9alis\u00e9e sous une canicule de 40\u00b0C&hellip;\n","protected":false},"author":2,"featured_media":260286,"comment_status":"","ping_status":"","sticky":false,"template":"","format":"standard","meta":{"footnotes":""},"categories":[2819],"tags":[1111,11,1777,674,10282,1011,27,3367,12,2401,882,25,4001,517],"class_list":{"0":"post-260285","1":"post","2":"type-post","3":"status-publish","4":"format-standard","5":"has-post-thumbnail","7":"category-nice","8":"tag-actu","9":"tag-actualites","10":"tag-eu","11":"tag-europe","12":"tag-firminy","13":"tag-fr","14":"tag-france","15":"tag-loire","16":"tag-news","17":"tag-nice","18":"tag-provence-alpes-cote-dazur","19":"tag-republique-francaise","20":"tag-saint-etienne","21":"tag-sport"},"share_on_mastodon":{"url":"https:\/\/pubeurope.com\/@fr\/114883618630176970","error":""},"_links":{"self":[{"href":"https:\/\/www.europesays.com\/fr\/wp-json\/wp\/v2\/posts\/260285","targetHints":{"allow":["GET"]}}],"collection":[{"href":"https:\/\/www.europesays.com\/fr\/wp-json\/wp\/v2\/posts"}],"about":[{"href":"https:\/\/www.europesays.com\/fr\/wp-json\/wp\/v2\/types\/post"}],"author":[{"embeddable":true,"href":"https:\/\/www.europesays.com\/fr\/wp-json\/wp\/v2\/users\/2"}],"replies":[{"embeddable":true,"href":"https:\/\/www.europesays.com\/fr\/wp-json\/wp\/v2\/comments?post=260285"}],"version-history":[{"count":0,"href":"https:\/\/www.europesays.com\/fr\/wp-json\/wp\/v2\/posts\/260285\/revisions"}],"wp:featuredmedia":[{"embeddable":true,"href":"https:\/\/www.europesays.com\/fr\/wp-json\/wp\/v2\/media\/260286"}],"wp:attachment":[{"href":"https:\/\/www.europesays.com\/fr\/wp-json\/wp\/v2\/media?parent=260285"}],"wp:term":[{"taxonomy":"category","embeddable":true,"href":"https:\/\/www.europesays.com\/fr\/wp-json\/wp\/v2\/categories?post=260285"},{"taxonomy":"post_tag","embeddable":true,"href":"https:\/\/www.europesays.com\/fr\/wp-json\/wp\/v2\/tags?post=260285"}],"curies":[{"name":"wp","href":"https:\/\/api.w.org\/{rel}","templated":true}]}}