{"id":260287,"date":"2025-07-20T04:15:32","date_gmt":"2025-07-20T04:15:32","guid":{"rendered":"https:\/\/www.europesays.com\/fr\/260287\/"},"modified":"2025-07-20T04:15:32","modified_gmt":"2025-07-20T04:15:32","slug":"direct-video-ea-guingamp-fc-nantes-suivez-le-2e-match-de-preparation-des-deux-equipes-en","status":"publish","type":"post","link":"https:\/\/www.europesays.com\/fr\/260287\/","title":{"rendered":"DIRECT VID\u00c9O. EA Guingamp &#8211; FC Nantes\u00a0: suivez le 2e match de pr\u00e9paration des deux \u00e9quipes en"},"content":{"rendered":"<p>Une confrontation entre clubs de l\u2019Ouest, ce samedi 19\u00a0juillet 2025, \u00e0 Plo\u00ebrmel (Morbihan)\u00a0: En Avant Guingamp affronte le FC Nantes. Les deux \u00e9quipes disputent leur deuxi\u00e8me match amical de la saison. Apr\u00e8s plusieurs tentatives infructueuses, Amadou Sagna a ouvert le score \u00e0 la suite d\u2019un corner guingampais (33e). R\u00e9actifs, les Canaris ont construit une belle action collective conclue par Mostafa Mohamed (37e).<\/p>\n<p>Les Nantais <a href=\"https:\/\/nantes.maville.com\/sport\/detail_-fc-nantes.-vainqueurs-de-laval-les-canaris-font-aussi-leur-mue-sur-le-terrain-_8-6898016_actu.Htm\" target=\"_self\" rel=\"noopener\">ont remport\u00e9 leur premi\u00e8re opposition face \u00e0 Laval (2-0)<\/a>, tout comme les Bretons, <a href=\"https:\/\/guingamp.maville.com\/sport\/detail_-ea-guingamp-boucle-une-semaine-intense-par-un-premier-succes-contre-avranches-_5-6897017_actu.Htm\" target=\"_self\" rel=\"noopener\">qui l\u2019ont emport\u00e9 2-0\u00a0face \u00e0 l\u2019US Avranches<\/a>. Cette opposition va permettre aux deux \u00e9quipes de se tester encore un peu plus.<\/p>\n<p>Pour les entra\u00eeneurs, Sylvain Ripoll (EA Guingamp) et Luis Castro (FC Nantes), c\u2019est aussi l\u2019occasion de faire tourner les effectifs et voir quels joueurs se d\u00e9marquent avant la reprise des championnats.<\/p>\n<p>La Ligue 1\u00a0reprendra le 15\u00a0ao\u00fbt 2025 tandis que la Ligue 2\u00a0d\u00e9marrera une semaine plus t\u00f4t, le 8\u00a0ao\u00fbt 2025.<\/p>\n<p>Suivez le match amical entre le FC Nantes et En Avant Guingamp en direct vid\u00e9o.<\/p>\n<p>\u00a0<\/p>\n","protected":false},"excerpt":{"rendered":"Une confrontation entre clubs de l\u2019Ouest, ce samedi 19\u00a0juillet 2025, \u00e0 Plo\u00ebrmel (Morbihan)\u00a0: En Avant Guingamp affronte le&hellip;\n","protected":false},"author":2,"featured_media":260288,"comment_status":"","ping_status":"","sticky":false,"template":"","format":"standard","meta":{"footnotes":""},"categories":[2818],"tags":[1111,11,3809,1465,1777,674,63,1011,27,1792,1922,766,12,2636,25,479,4937,517,1470],"class_list":{"0":"post-260287","1":"post","2":"type-post","3":"status-publish","4":"format-standard","5":"has-post-thumbnail","7":"category-nantes","8":"tag-actu","9":"tag-actualites","10":"tag-ball","11":"tag-basket","12":"tag-eu","13":"tag-europe","14":"tag-football","15":"tag-fr","16":"tag-france","17":"tag-handball","18":"tag-info","19":"tag-nantes","20":"tag-news","21":"tag-pays-de-la-loire","22":"tag-republique-francaise","23":"tag-rugby","24":"tag-saint-brieuc","25":"tag-sport","26":"tag-volley"},"share_on_mastodon":{"url":"https:\/\/pubeurope.com\/@fr\/114883626529957303","error":""},"_links":{"self":[{"href":"https:\/\/www.europesays.com\/fr\/wp-json\/wp\/v2\/posts\/260287","targetHints":{"allow":["GET"]}}],"collection":[{"href":"https:\/\/www.europesays.com\/fr\/wp-json\/wp\/v2\/posts"}],"about":[{"href":"https:\/\/www.europesays.com\/fr\/wp-json\/wp\/v2\/types\/post"}],"author":[{"embeddable":true,"href":"https:\/\/www.europesays.com\/fr\/wp-json\/wp\/v2\/users\/2"}],"replies":[{"embeddable":true,"href":"https:\/\/www.europesays.com\/fr\/wp-json\/wp\/v2\/comments?post=260287"}],"version-history":[{"count":0,"href":"https:\/\/www.europesays.com\/fr\/wp-json\/wp\/v2\/posts\/260287\/revisions"}],"wp:featuredmedia":[{"embeddable":true,"href":"https:\/\/www.europesays.com\/fr\/wp-json\/wp\/v2\/media\/260288"}],"wp:attachment":[{"href":"https:\/\/www.europesays.com\/fr\/wp-json\/wp\/v2\/media?parent=260287"}],"wp:term":[{"taxonomy":"category","embeddable":true,"href":"https:\/\/www.europesays.com\/fr\/wp-json\/wp\/v2\/categories?post=260287"},{"taxonomy":"post_tag","embeddable":true,"href":"https:\/\/www.europesays.com\/fr\/wp-json\/wp\/v2\/tags?post=260287"}],"curies":[{"name":"wp","href":"https:\/\/api.w.org\/{rel}","templated":true}]}}