{"id":260298,"date":"2025-07-20T04:22:12","date_gmt":"2025-07-20T04:22:12","guid":{"rendered":"https:\/\/www.europesays.com\/fr\/260298\/"},"modified":"2025-07-20T04:22:12","modified_gmt":"2025-07-20T04:22:12","slug":"marseille-les-meilleurs-sentiers-de-randonnee-a-parcourir-en-famille-tout-au-long-de-lete","status":"publish","type":"post","link":"https:\/\/www.europesays.com\/fr\/260298\/","title":{"rendered":"Marseille. Les meilleurs sentiers de randonn\u00e9e \u00e0 parcourir en famille tout au long de l&rsquo;\u00e9t\u00e9"},"content":{"rendered":"<p>            Par<br \/>\n        <strong><br \/>\n            <a href=\"https:\/\/actu.fr\/auteur\/thomas-blanc\" title=\"Consulter tous les articles de Thomas Blanc\" target=\"_blank\" rel=\"noopener\">Thomas Blanc<\/a><br \/>\n        <\/strong><\/p>\n<p>        Publi\u00e9 le<\/p>\n<p>            20 juil. 2025 \u00e0 6h02        <\/p>\n<p>Pour certains, \u00e9t\u00e9 et vacances riment avec<strong> repos, bronzette et lecture<\/strong>. Pour beaucoup d\u2019autres, c\u2019est plut\u00f4t se d\u00e9gourdir les pattes qui sont au programme. Cela tombe bien, <a href=\"https:\/\/actu.fr\/marseille\/\" target=\"_blank\" rel=\"noopener\">Marseille<\/a> a \u00e9t\u00e9 \u00e9lue <a href=\"https:\/\/actu.fr\/provence-alpes-cote-d-azur\/marseille_13055\/marseille-est-la-capitale-francaise-de-ce-sport-en-vogue-d-apres-une-etude_62896040.html\" target=\"_blank\" rel=\"noopener\">capitale de la randonn\u00e9e<\/a> par une \u00e9tude. Entre <strong>le Frioul, la C\u00f4te Bleue et le renomm\u00e9 <\/strong><a href=\"https:\/\/actu.fr\/?s=calanques\" target=\"_blank\" rel=\"noopener\">Parc national des Calanques<\/a>, il est difficile de tourner en rond. Pour ne pas avoir \u00e0 laisser les plus petits d\u2019entre nous \u00e0 la maison pendant que les grands partent en randonn\u00e9e, <strong>voici une liste de cinq sentiers dits \u00ab\u2009faciles\u2009\u00bb<\/strong> sans quitter la cit\u00e9 phoc\u00e9enne. Ils sont class\u00e9s du plus court au plus long.<\/p>\n<p>Les circuits simples, \u00e0 faire en moins de 1h30<\/p>\n<p class=\" wall-content\"><strong>Batterie de l\u2019Escalette, 2,4km\u2009:<\/strong><\/p>\n<p class=\" wall-content\">Au sein de Parc national des Calanques, ce circuit tr\u00e8s court passant par la friche et la batterie de l\u2019Escalette constitue une bonne mise en jambes pour ceux voulant effectuer une boucle de moins d\u2019une heure. <a href=\"https:\/\/www.alltrails.com\/fr\/randonnee\/france\/bouches-du-rhone\/batterie-de-l-escalette\" target=\"_blank\" rel=\"noopener\">D\u00e9part et arriv\u00e9e au parking de la calanque Blanche<\/a>, (Chemin des Goudes, 8e).<\/p>\n<p>    <a href=\"https:\/\/www.google.com\/maps\/embed?pb=!1m16!1m12!1m3!1d23258.1393345181!2d5.345108370188971!3d43.224852635799245!2m3!1f0!2f0!3f0!3m2!1i1024!2i768!4f13.1!2m1!1sbatterie%20de%20l%27escalette!5e0!3m2!1sfr!2sfr!4v1752824935770!5m2!1sfr!2sfr\" title=\"Ouvrie le lien\" target=\"_blank\" rel=\"noopener\">Cliquez ici pour visualiser le contenu<\/a><\/p>\n<p class=\" wall-content\"><strong>La Calanque de Callelongue aux Goudes<\/strong>,<strong> 2,7km\u2009:<\/strong><\/p>\n<p class=\" wall-content\">\u00c0 l\u2019extr\u00e9mit\u00e9 sud de la cit\u00e9 phoc\u00e9enne, <a href=\"https:\/\/www.marseille-tourisme.com\/decouvrez-marseille\/calanques-plages-et-nature\/randonnees\/randonnee-de-callelongue-vers-les-goudes-le-bout-du-monde-marseille-8eme-fr-4132170\/#download\" target=\"_blank\" rel=\"noopener\">ce parcours<\/a> constitue un aller simple entre le terminus de la ligne de bus 20 de la RTM et la plage des Goudes. Comptez deux heures pour la r\u00e9aliser.<\/p>\n<p>    <a href=\"https:\/\/www.google.com\/maps\/embed?pb=!1m18!1m12!1m3!1d1729.025288438943!2d5.354669217561516!3d43.21237672144748!2m3!1f0!2f0!3f0!3m2!1i1024!2i768!4f13.1!3m3!1m2!1s0x12c9c7d2ec093d4b%3A0x8d6a65aeae79c08b!2sPort%20de%20Callelongue!5e0!3m2!1sfr!2sfr!4v1752832848256!5m2!1sfr!2sfr\" title=\"Ouvrie le lien\" target=\"_blank\" rel=\"noopener\">Cliquez ici pour visualiser le contenu<\/a><\/p>\n<p>Des sentiers accessibles, mais plus longs<\/p>\n<p class=\" wall-content\"><strong>L\u2019\u00eele de Pom\u00e8gues, au Frioul, 5km\u2009:<\/strong><\/p>\n<p class=\" wall-content\"><a href=\"https:\/\/www.alltrails.com\/fr\/randonnee\/france\/bouches-du-rhone\/l-ile-pomegues\" target=\"_blank\" rel=\"noopener\">Le sentier<\/a>, traverse l\u2019\u00eele dans toute sa longueur, de la capitainerie du port du Frioul au cap Caveaux en passant par la batterie du S\u00e9maphore et le fort de Caveaux avant de rebrousser chemin pour revenir au port.<\/p>\n<p>    <a href=\"https:\/\/www.google.com\/maps\/embed?pb=!1m18!1m12!1m3!1d8226.165625195834!2d5.294176197197927!3d43.26950228260651!2m3!1f0!2f0!3f0!3m2!1i1024!2i768!4f13.1!3m3!1m2!1s0x12c9c410a2e8169f%3A0x11eb9ea16a295e8c!2zw45sZSBQb23DqGd1ZXM!5e0!3m2!1sfr!2sfr!4v1752832993581!5m2!1sfr!2sfr\" title=\"Ouvrie le lien\" target=\"_blank\" rel=\"noopener\">Cliquez ici pour visualiser le contenu<\/a><\/p>\n<p class=\" wall-content\"><strong>Niolon, son fort et sa calanque, 5,7km\u2009:<\/strong><\/p>\n<p class=\" wall-content\">Direction la C\u00f4t\u00e9 Bleue, au nord-est de Marseille. <a href=\"https:\/\/www.marseille-tourisme.com\/decouvrez-marseille\/calanques-plages-et-nature\/randonnees\/randonnee-a-la-decouverte-de-niolon-son-fort-et-sa-calanque-le-rove-fr-3947804\/\" target=\"_blank\" rel=\"noopener\">Cet itin\u00e9raire de randonn\u00e9e<\/a> est accessible par le train. Son point de d\u00e9part est en effet la gare de Niolon, sur la ligne TER qui relie Marseille \u00e0 Miramas via Martigues. Vous passerez devant l\u2019imposant Viaduc de la calanque du Jonquier.<\/p>\n<p>    <a href=\"https:\/\/www.google.com\/maps\/embed?pb=!1m18!1m12!1m3!1d6901.684852427422!2d5.244668900473356!3d43.3393525545958!2m3!1f0!2f0!3f0!3m2!1i1024!2i768!4f13.1!3m3!1m2!1s0x12c9c3b870e67975%3A0x5e2f63405456845f!2sViaduc%20de%20la%20Calanque%20du%20Jonquier!5e0!3m2!1sfr!2sfr!4v1752830490417!5m2!1sfr!2sfr\" title=\"Ouvrie le lien\" target=\"_blank\" rel=\"noopener\">Cliquez ici pour visualiser le contenu<\/a><\/p>\n<p class=\" wall-content\">Attention toutefois, ce parcours est le seul \u00e0 pr\u00e9senter un d\u00e9nivel\u00e9 positif de plus de 200\u00a0m\u00e8tres.<\/p>\n<p>    <img   decoding=\"async\" loading=\"lazy\" src=\"https:\/\/www.europesays.com\/fr\/wp-content\/uploads\/2025\/07\/53290604327-32f745fb86-b-960x640.jpg\" alt=\"Vue depuis le belv\u00e9d\u00e8re de Sugiton.\" width=\"960\" height=\"640\"\/><br \/>\n    Vue depuis le belv\u00e9d\u00e8re de Sugiton. (\u00a9Office de Tourisme de Marseille)<\/p>\n<p class=\" wall-content\"><strong>Le Belv\u00e9d\u00e8re de Sugiton, 6,3km\u2009:<\/strong><\/p>\n<p class=\" wall-content\">Au d\u00e9part du campus universitaire de Luminy, dans le 9e arrondissement de Marseille, <a href=\"https:\/\/www.alltrails.com\/fr\/randonnee\/france\/bouches-du-rhone\/pointe-du-belvedere\" target=\"_blank\" rel=\"noopener\">cet aller-retour<\/a> dans les falaises tout droit vers le point de vue sur la calanque de Sugiton et la calanque de Morgiou est le plus long de ce classement.<\/p>\n<p>    <a href=\"https:\/\/www.google.com\/maps\/embed?pb=!1m18!1m12!1m3!1d13830.575488988577!2d5.44532389359019!3d43.21954903025324!2m3!1f0!2f0!3f0!3m2!1i1024!2i768!4f13.1!3m3!1m2!1s0x12c9b9c5dcc65a59%3A0xa067c1930730ade9!2sBelv%C3%A9d%C3%A8re%20de%20Sugiton!5e0!3m2!1sfr!2sfr!4v1752833036096!5m2!1sfr!2sfr\" title=\"Ouvrie le lien\" target=\"_blank\" rel=\"noopener\">Cliquez ici pour visualiser le contenu<\/a><\/p>\n<p class=\" wall-content\">L\u2019altitude maximum sera de 227 m\u00e8tres.<\/p>\n<p class=\" wall-content\">Suivez toute l\u2019actualit\u00e9 de vos villes et m\u00e9dias favoris en vous inscrivant \u00e0 <a href=\"https:\/\/moncompte.actu.fr\" title=\"D\u00e9couvez Mon Actu\" rel=\"nofollow noopener\" data-trk=\"{&quot;cta&quot;:{&quot;action&quot;:&quot;https:\\\/\\\/moncompte.actu.fr&quot;,&quot;category&quot;:&quot;mon compte&quot;,&quot;from&quot;:&quot;article footer&quot;,&quot;name&quot;:&quot;Mon actu&quot;,&quot;type&quot;:&quot;cta&quot;}}\" target=\"_blank\">Mon Actu<\/a>.<\/p>\n","protected":false},"excerpt":{"rendered":"Par Thomas Blanc Publi\u00e9 le 20 juil. 2025 \u00e0 6h02 Pour certains, \u00e9t\u00e9 et vacances riment avec repos,&hellip;\n","protected":false},"author":2,"featured_media":260299,"comment_status":"","ping_status":"","sticky":false,"template":"","format":"standard","meta":{"footnotes":""},"categories":[2814],"tags":[1111,11,1182,1777,674,3727,1011,27,1652,884,12,882,7553,25],"class_list":{"0":"post-260298","1":"post","2":"type-post","3":"status-publish","4":"format-standard","5":"has-post-thumbnail","7":"category-marseille","8":"tag-actu","9":"tag-actualites","10":"tag-calanques","11":"tag-eu","12":"tag-europe","13":"tag-evasion","14":"tag-fr","15":"tag-france","16":"tag-loisirs-culture","17":"tag-marseille","18":"tag-news","19":"tag-provence-alpes-cote-dazur","20":"tag-randonnee","21":"tag-republique-francaise"},"share_on_mastodon":{"url":"https:\/\/pubeurope.com\/@fr\/114883654162699691","error":""},"_links":{"self":[{"href":"https:\/\/www.europesays.com\/fr\/wp-json\/wp\/v2\/posts\/260298","targetHints":{"allow":["GET"]}}],"collection":[{"href":"https:\/\/www.europesays.com\/fr\/wp-json\/wp\/v2\/posts"}],"about":[{"href":"https:\/\/www.europesays.com\/fr\/wp-json\/wp\/v2\/types\/post"}],"author":[{"embeddable":true,"href":"https:\/\/www.europesays.com\/fr\/wp-json\/wp\/v2\/users\/2"}],"replies":[{"embeddable":true,"href":"https:\/\/www.europesays.com\/fr\/wp-json\/wp\/v2\/comments?post=260298"}],"version-history":[{"count":0,"href":"https:\/\/www.europesays.com\/fr\/wp-json\/wp\/v2\/posts\/260298\/revisions"}],"wp:featuredmedia":[{"embeddable":true,"href":"https:\/\/www.europesays.com\/fr\/wp-json\/wp\/v2\/media\/260299"}],"wp:attachment":[{"href":"https:\/\/www.europesays.com\/fr\/wp-json\/wp\/v2\/media?parent=260298"}],"wp:term":[{"taxonomy":"category","embeddable":true,"href":"https:\/\/www.europesays.com\/fr\/wp-json\/wp\/v2\/categories?post=260298"},{"taxonomy":"post_tag","embeddable":true,"href":"https:\/\/www.europesays.com\/fr\/wp-json\/wp\/v2\/tags?post=260298"}],"curies":[{"name":"wp","href":"https:\/\/api.w.org\/{rel}","templated":true}]}}