{"id":260303,"date":"2025-07-20T04:25:24","date_gmt":"2025-07-20T04:25:24","guid":{"rendered":"https:\/\/www.europesays.com\/fr\/260303\/"},"modified":"2025-07-20T04:25:24","modified_gmt":"2025-07-20T04:25:24","slug":"auvergne-rhone-alpes-top-10-des-plus-grands-lacs-pour-se-baigner-a-moins-d1-h-15-de-lyon","status":"publish","type":"post","link":"https:\/\/www.europesays.com\/fr\/260303\/","title":{"rendered":"Auvergne Rh\u00f4ne-Alpes. Top 10 des plus grands lacs pour se baigner \u00e0 moins d\u20191\u00a0h\u00a015 de Lyon"},"content":{"rendered":"<p><strong>10<\/strong><\/p>\n<p><strong>Lac Genin (Ain) : 8 hectares<\/strong><\/p>\n<ul class=\"galerieContent carousel-wrapper__slides\" id=\"d70bc03f-c675-4435-b497-3f0e6ee9d8db\">        &#13;<\/p>\n<li class=\"carousel-wrapper__slides--slide item\" id=\"slide-1\">&#13;<br \/>\n                                    &#13;<br \/>\n                        <a class=\"chocolat-image GA-tracking\" data-ga_type=\"click\" data-ga_category=\"D\u00e9tail\" data-ga_action=\"zoomer\" data-ga_label=\"aggrandir image\" href=\"https:\/\/cdn-s-www.leprogres.fr\/images\/374a5482-c11a-4905-a406-e598cf15aeb7\/NW_raw\/le-petit-lac-de-montagne-est-situe-dans-une-clairiere-entouree-de-sapins-a-830-metres-d-altitude-photo-pierre-yves-royet-1752594016.jpg\" title=\"Le petit lac de montagne est situ\u00e9 dans une clairi\u00e8re entour\u00e9e de sapins \u00e0 830 m\u00e8tres d\u2019altitude. Photo Pierre-Yves Royet\" target=\"_blank\" rel=\"noopener\">&#13;<br \/>\n                            <img decoding=\"async\" src=\"https:\/\/www.europesays.com\/fr\/wp-content\/uploads\/2025\/07\/le-petit-lac-de-montagne-est-situe-dans-une-clairiere-entouree-de-sapins-a-830-metres-d-altitude-pho.jpeg\"   alt=\"Le petit lac de montagne est situ\u00e9 dans une clairi\u00e8re entour\u00e9e de sapins \u00e0 830 m\u00e8tres d\u2019altitude. Photo Pierre-Yves Royet\" fetchpriority=\"high\" data-mobile=\"NW_listA_M|1752594016\" data-base=\"NW_listA|1752594016\"\/>&#13;<br \/>\n                        <\/a>&#13;<\/p>\n<p>Le petit lac de montagne est situ\u00e9 dans une clairi\u00e8re entour\u00e9e de sapins \u00e0 830 m\u00e8tres d\u2019altitude. Photo Pierre-Yves Royet<\/p>\n<p>                        &#13;<br \/>\n                                           &#13;\n                <\/li>\n<p>&#13;<br \/>\n            &#13;<\/p>\n<li class=\"carousel-wrapper__slides--slide item\" id=\"slide-2\">&#13;<br \/>\n                                    &#13;<br \/>\n                        <a class=\"chocolat-image GA-tracking\" data-ga_type=\"click\" data-ga_category=\"D\u00e9tail\" data-ga_action=\"zoomer\" data-ga_label=\"aggrandir image\" href=\"https:\/\/cdn-s-www.leprogres.fr\/images\/94a1b758-c1d1-4230-a269-020401a7c4d0\/NW_raw\/photo-yves-bourrier-1752153590.jpg\" title=\"Photo Yves Bourrier\" target=\"_blank\" rel=\"noopener\">&#13;<br \/>\n                            <img decoding=\"async\" src=\"https:\/\/www.europesays.com\/fr\/wp-content\/uploads\/2025\/07\/photo-yves-bourrier-1752153590.jpg\"   alt=\"Photo Yves Bourrier\" loading=\"lazy\" fetchpriority=\"low\" data-mobile=\"NW_listA_M|1752153590\" data-base=\"NW_listA|1752153590\"\/>&#13;<br \/>\n                        <\/a>&#13;<br \/>\n                        &#13;<br \/>\n                                           &#13;\n                <\/li>\n<p>&#13;<br \/>\n            &#13;<\/p>\n<li class=\"carousel-wrapper__slides--slide item\" id=\"slide-3\">&#13;<br \/>\n                                    &#13;<br \/>\n                        <a class=\"chocolat-image GA-tracking\" data-ga_type=\"click\" data-ga_category=\"D\u00e9tail\" data-ga_action=\"zoomer\" data-ga_label=\"aggrandir image\" href=\"https:\/\/cdn-s-www.leprogres.fr\/images\/03059500-2be1-44b2-a5a6-7bd3f56725a4\/NW_raw\/photo-yves-bourrier-1748706198.jpg\" title=\"Photo Yves Bourrier\" target=\"_blank\" rel=\"noopener\">&#13;<br \/>\n                            <img decoding=\"async\" src=\"https:\/\/www.europesays.com\/fr\/wp-content\/uploads\/2025\/07\/photo-yves-bourrier-1748706198.jpg\"   alt=\"Photo Yves Bourrier\" loading=\"lazy\" fetchpriority=\"low\" data-mobile=\"NW_listA_M|1748706198\" data-base=\"NW_listA|1748706198\"\/>&#13;<br \/>\n                        <\/a>&#13;<br \/>\n                        &#13;<br \/>\n                                           &#13;\n                <\/li>\n<p>&#13;<br \/>\n            &#13;\n                <\/ul>\n<p>On commence peut-\u00eatre par le plus mignon\u00a0: le lac Genin, surnomm\u00e9 \u00ab\u00a0le petit Canada\u00a0\u00bb, est un \u00e9crin de verdure en plein c\u0153ur du Haut-Bugey, au beau milieu des sapins. Perch\u00e9 \u00e0 plus de 800 m\u00e8tres d\u2019altitude, le lac partag\u00e9 entre les communes d\u2019Oyonnax, Echallon et Charix promet un peu plus de fra\u00eecheur que dans les terres.<\/p>\n<p>Il est aussi un excellent point de d\u00e9part de plusieurs randonn\u00e9es et sous r\u00e9serve d\u2019un peu de marche, vous pourrez m\u00eame vous essayer \u00e0 un accrobranche.<\/p>\n<p>Attention tout de m\u00eame \u00e0 la surfr\u00e9quentation de ce petit site priv\u00e9 et pr\u00e9serv\u00e9\u00a0: <a href=\"https:\/\/www.leprogres.fr\/economie\/2025\/07\/07\/surfrequentation-de-nos-lacs-la-faute-aux-reseaux-sociaux-lyonnais\" target=\"_blank\" rel=\"noopener\">jusqu\u2019\u00e0 50 000 visiteurs s\u2019y rendent chaque jour<\/a>. De quoi faire enrager les locaux.<\/p>\n<p class=\"note\">Oyonnax (Ain). 100 km de Lyon, 1\u00a0h\u00a013 via A40 et A4. Gratuit.<\/p>\n<p><strong>9<\/strong><\/p>\n<p><strong>Le plan d\u2019eau du Bordelan (Rh\u00f4ne) : 10 hectares<\/strong><\/p>\n<ul class=\"galerieContent carousel-wrapper__slides\" id=\"5515f2a0-4b66-4d40-b1f1-b43628f23c27\">        &#13;<\/p>\n<li class=\"carousel-wrapper__slides--slide item\" id=\"slide-1\">&#13;<br \/>\n                                    &#13;<br \/>\n                        <a class=\"chocolat-image GA-tracking\" data-ga_type=\"click\" data-ga_category=\"D\u00e9tail\" data-ga_action=\"zoomer\" data-ga_label=\"aggrandir image\" href=\"https:\/\/cdn-s-www.leprogres.fr\/images\/5a80c18e-2ff6-4107-b6a3-71b2eb4e3502\/NW_raw\/de-l-eau-du-sable-de-la-verdure-et-des-activites-pour-tous-les-ages-photo-marie-noelle-toinon-1719594495.jpg\" title=\"De l\u2019eau, du sable, de la verdure et des activit\u00e9s pour tous les \u00e2ges. Photo Marie-No\u00eblle Toinon\" target=\"_blank\" rel=\"noopener\">&#13;<br \/>\n                            <img decoding=\"async\" src=\"https:\/\/www.europesays.com\/fr\/wp-content\/uploads\/2025\/07\/de-l-eau-du-sable-de-la-verdure-et-des-activites-pour-tous-les-ages-photo-marie-noelle-toinon-174341.jpeg\"   alt=\"De l\u2019eau, du sable, de la verdure et des activit\u00e9s pour tous les \u00e2ges. Photo Marie-No\u00eblle Toinon\" fetchpriority=\"high\" data-mobile=\"NW_listA_M|1719594495\" data-base=\"NW_listA|1743413192\"\/>&#13;<br \/>\n                        <\/a>&#13;<\/p>\n<p>De l\u2019eau, du sable, de la verdure et des activit\u00e9s pour tous les \u00e2ges. Photo Marie-No\u00eblle Toinon<\/p>\n<p>                        &#13;<br \/>\n                                           &#13;\n                <\/li>\n<p>&#13;<br \/>\n            &#13;<\/p>\n<li class=\"carousel-wrapper__slides--slide item\" id=\"slide-2\">&#13;<br \/>\n                                    &#13;<br \/>\n                        <a class=\"chocolat-image GA-tracking\" data-ga_type=\"click\" data-ga_category=\"D\u00e9tail\" data-ga_action=\"zoomer\" data-ga_label=\"aggrandir image\" href=\"https:\/\/cdn-s-www.leprogres.fr\/images\/808f1076-2fd2-4a38-b00e-e223dfb56211\/NW_raw\/photo-romane-viallon-1752594341.jpg\" title=\"\u00a0Photo Romane Viallon\" target=\"_blank\" rel=\"noopener\">&#13;<br \/>\n                            <img decoding=\"async\" src=\"https:\/\/www.europesays.com\/fr\/wp-content\/uploads\/2025\/07\/photo-romane-viallon-1752594341.jpg\"   alt=\"\u00a0Photo Romane Viallon\" loading=\"lazy\" fetchpriority=\"low\" data-mobile=\"NW_listA_M|1752594341\" data-base=\"NW_listA|1752594341\"\/>&#13;<br \/>\n                        <\/a>&#13;<br \/>\n                        &#13;<br \/>\n                                           &#13;\n                <\/li>\n<p>&#13;<br \/>\n            &#13;\n                <\/ul>\n<p>Plage de sable blanc ou pelouse\u00a0? \u00c0 Villefranche-sur-Sa\u00f4ne, vous aurez le choix. Aux portes du Beaujolais, le plan d\u2019eau du Bordelan jouit d\u2019un large espace de baignade ainsi que d\u2019un terrain de beach-volley, d\u2019un snack ou encore une buvette\u2026<\/p>\n<p>Mais le plus de cet endroit reste les nombreuses animations pour occuper les enfants, par exemple <a href=\"https:\/\/www.leprogres.fr\/culture-loisirs\/2023\/08\/02\/j-ai-teste-pour-vous-le-tir-a-l-arc-au-plan-d-eau-du-bordelan\" target=\"_blank\" rel=\"noopener\">du tir \u00e0 l\u2019arc<\/a>, du paddle, une ludoth\u00e8que et m\u00eame un parc aquatique, le Calade Water Park (payant) sur la partie droite du plan d\u2019eau.<\/p>\n<p class=\"note\">Villefranche-sur-Sa\u00f4ne. 30 km de Lyon, 35 minutes via A6 ou A46. 4 \u20ac pour les adultes, 2 \u20ac pour les \u2013 de 13 ans, gratuit pour les moins de 6 ans et les plus de 65 ans.<\/p>\n<p><strong>8<\/strong><\/p>\n<p><strong>Lac de Cormoranche (Ain) : 24 hectares<\/strong><\/p>\n<ul class=\"galerieContent carousel-wrapper__slides\" id=\"b3ff4b92-c9c0-4210-9974-be4ad81d8061\">        &#13;<\/p>\n<li class=\"carousel-wrapper__slides--slide item\" id=\"slide-1\">&#13;<br \/>\n                                    &#13;<br \/>\n                        <a class=\"chocolat-image GA-tracking\" data-ga_type=\"click\" data-ga_category=\"D\u00e9tail\" data-ga_action=\"zoomer\" data-ga_label=\"aggrandir image\" href=\"https:\/\/cdn-s-www.leprogres.fr\/images\/85f34071-f10e-49ba-8375-b1bcb115e6be\/NW_raw\/photo-laurent-thevenot-1720262422.jpg\" title=\"Photo Laurent Thevenot\" target=\"_blank\" rel=\"noopener\">&#13;<br \/>\n                            <img decoding=\"async\" src=\"https:\/\/www.europesays.com\/fr\/wp-content\/uploads\/2025\/07\/photo-laurent-thevenot-1743413192.jpg\"   alt=\"Photo Laurent Thevenot\" fetchpriority=\"high\" data-mobile=\"NW_listA_M|1720262422\" data-base=\"NW_listA|1743413192\"\/>&#13;<br \/>\n                        <\/a>&#13;<br \/>\n                        &#13;<br \/>\n                                           &#13;\n                <\/li>\n<p>&#13;<br \/>\n            &#13;<\/p>\n<li class=\"carousel-wrapper__slides--slide item\" id=\"slide-2\">&#13;<br \/>\n                                    &#13;<br \/>\n                        <a class=\"chocolat-image GA-tracking\" data-ga_type=\"click\" data-ga_category=\"D\u00e9tail\" data-ga_action=\"zoomer\" data-ga_label=\"aggrandir image\" href=\"https:\/\/cdn-s-www.leprogres.fr\/images\/247e3874-c2af-4435-a965-7f02c54241b9\/NW_raw\/photo-laurent-thevenot-1625557958.jpg\" title=\"Photo Laurent Thevenot\" target=\"_blank\" rel=\"noopener\">&#13;<br \/>\n                            <img decoding=\"async\" src=\"https:\/\/www.europesays.com\/fr\/wp-content\/uploads\/2025\/07\/1752985520_942_photo-laurent-thevenot-1743413192.jpg\"   alt=\"Photo Laurent Thevenot\" loading=\"lazy\" fetchpriority=\"low\" data-mobile=\"NW_listA_M|1625557958\" data-base=\"NW_listA|1743413192\"\/>&#13;<br \/>\n                        <\/a>&#13;<br \/>\n                        &#13;<br \/>\n                                           &#13;\n                <\/li>\n<p>&#13;<br \/>\n            &#13;\n                <\/ul>\n<p>\u00c0 une heure de Lyon, la base de loisirs du lac de Cormoranche offre aux visiteurs une grande piscine naturelle. Elle est adoss\u00e9e \u00e0 un camping, ce qui rend l\u2019ambiance familiale.<\/p>\n<p>De nombreuses activit\u00e9s sont possibles sur le site : location de v\u00e9los, de kayaks, de p\u00e9dalos, trampoline, minigolf, disc golf. Nouveaut\u00e9 cette saison, l\u2019X-Trem Tower de l\u2019acqua parc Be Fun d\u2019une hauteur de 12 m\u00e8tres.<\/p>\n<p>Attention, les endroits ombrag\u00e9s ne sont pas l\u00e9gion, pr\u00e9voyez un parasol.<\/p>\n<p class=\"note\">Cormoranche (Ain), 75 km de Lyon, 1\u00a0h\u00a005 via A6. 4,40 \u20ac \u00e0 partir de 14 ans, 2,70 \u20ac de 3 \u00e0 14 ans, gratuit \u2013 de 3 ans.\u00a0<\/p>\n<p><strong>7<\/strong><\/p>\n<p><strong>Lac des Sapins (Rh\u00f4ne) : 40 hectares<\/strong><\/p>\n<ul class=\"galerieContent carousel-wrapper__slides\" id=\"8d1fab7e-b967-482c-a032-7bd4a1bd3042\">        &#13;<\/p>\n<li class=\"carousel-wrapper__slides--slide item\" id=\"slide-1\">&#13;<br \/>\n                                    &#13;<br \/>\n                        <a class=\"chocolat-image GA-tracking\" data-ga_type=\"click\" data-ga_category=\"D\u00e9tail\" data-ga_action=\"zoomer\" data-ga_label=\"aggrandir image\" href=\"https:\/\/cdn-s-www.leprogres.fr\/images\/a88a6e28-c319-4498-a5bd-48db1088c5bb\/NW_raw\/photo-guillaume-laclotre-1724360742.jpg\" title=\"Photo Guillaume Laclotre\" target=\"_blank\" rel=\"noopener\">&#13;<br \/>\n                            <img decoding=\"async\" src=\"https:\/\/www.europesays.com\/fr\/wp-content\/uploads\/2025\/07\/photo-guillaume-laclotre-1743413192.jpg\"   alt=\"Photo Guillaume Laclotre\" fetchpriority=\"high\" data-mobile=\"NW_listA_M|1724360742\" data-base=\"NW_listA|1743413192\"\/>&#13;<br \/>\n                        <\/a>&#13;<br \/>\n                        &#13;<br \/>\n                                           &#13;\n                <\/li>\n<p>&#13;<br \/>\n            &#13;<\/p>\n<li class=\"carousel-wrapper__slides--slide item\" id=\"slide-2\">&#13;<br \/>\n                                    &#13;<br \/>\n                        <a class=\"chocolat-image GA-tracking\" data-ga_type=\"click\" data-ga_category=\"D\u00e9tail\" data-ga_action=\"zoomer\" data-ga_label=\"aggrandir image\" href=\"https:\/\/cdn-s-www.leprogres.fr\/images\/fff9af04-d325-4951-a83f-5471ff7b4264\/NW_raw\/photo-jessica-monteiro-teixeira-1752594799.jpg\" title=\"Photo Jessica Monteiro Teixeira\" target=\"_blank\" rel=\"noopener\">&#13;<br \/>\n                            <img decoding=\"async\" src=\"https:\/\/www.europesays.com\/fr\/wp-content\/uploads\/2025\/07\/photo-jessica-monteiro-teixeira-1752594799.jpg\"   alt=\"Photo Jessica Monteiro Teixeira\" loading=\"lazy\" fetchpriority=\"low\" data-mobile=\"NW_listA_M|1752594799\" data-base=\"NW_listA|1752594799\"\/>&#13;<br \/>\n                        <\/a>&#13;<\/p>\n<p>Photo Jessica Monteiro Teixeira<\/p>\n<p>                        &#13;<br \/>\n                                           &#13;\n                <\/li>\n<p>&#13;<br \/>\n            &#13;\n                <\/ul>\n<p>Direction le nord-ouest du d\u00e9partement du Rh\u00f4ne pour un lieu atypique, tr\u00e8s pris\u00e9 des familles l\u2019\u00e9t\u00e9.<\/p>\n<p>D\u2019un c\u00f4t\u00e9 un espace de baignade gratuit dans le lac. De l\u2019autre, la piscine biologique, une eau pure, sans chlore, la plus grande d\u2019Europe (8 000 m\u00b2), mais payante. Attention, cet espace est limit\u00e9 \u00e0 2500 personnes.<\/p>\n<p>Autour, des activit\u00e9s en pagaille\u00a0: p\u00e9dalos, balades \u00e0 cheval, randonn\u00e9es \u00e0 pied ou en VTT et m\u00eame un village avec des cabanes perch\u00e9es pour dormir.<\/p>\n<p class=\"note\">Cublize. 65 km de Lyon, 1\u00a0h\u00a015 via l\u2019A89. Parking payant. Une partie gratuite, une autre payante. Entr\u00e9e\u00a0: 6\u20ac \u00e0 partir de 16 ans, 5 \u20ac entre 3 et 16 ans, gratuit pour les moins de 3 ans.<\/p>\n<p><strong>6<\/strong><\/p>\n<p><strong>Lac de Chazey-sur-Ain (Ain) : 55 hectares<\/strong><\/p>\n<ul class=\"galerieContent carousel-wrapper__slides\" id=\"4a2ee4f7-7b48-4e1b-8614-477d8fa6a51d\">        &#13;<\/p>\n<li class=\"carousel-wrapper__slides--slide item\" id=\"slide-1\">&#13;<br \/>\n                                    &#13;<br \/>\n                        <a class=\"chocolat-image GA-tracking\" data-ga_type=\"click\" data-ga_category=\"D\u00e9tail\" data-ga_action=\"zoomer\" data-ga_label=\"aggrandir image\" href=\"https:\/\/cdn-s-www.leprogres.fr\/images\/310836e3-e961-440c-b73d-c665debf9d6c\/NW_raw\/les-baigneurs-ne-sont-pas-decus-par-le-lac-et-ses-eaux-turquoise-photo-amandine-eymes-1689786650.jpg\" title=\"Les baigneurs ne sont pas d\u00e9\u00e7us par le lac et ses eaux turquoise. Photo Amandine Eymes\" target=\"_blank\" rel=\"noopener\">&#13;<br \/>\n                            <img decoding=\"async\" src=\"https:\/\/www.europesays.com\/fr\/wp-content\/uploads\/2025\/07\/les-baigneurs-ne-sont-pas-decus-par-le-lac-et-ses-eaux-turquoise-photo-amandine-eymes-1743413192.jpg\"   alt=\"Les baigneurs ne sont pas d\u00e9\u00e7us par le lac et ses eaux turquoise. Photo Amandine Eymes\" fetchpriority=\"high\" data-mobile=\"NW_listA_M|1689786650\" data-base=\"NW_listA|1743413192\"\/>&#13;<br \/>\n                        <\/a>&#13;<\/p>\n<p>Les baigneurs ne sont pas d\u00e9\u00e7us par le lac et ses eaux turquoise. Photo Amandine Eymes<\/p>\n<p>                        &#13;<br \/>\n                                           &#13;\n                <\/li>\n<p>&#13;<br \/>\n            &#13;<\/p>\n<li class=\"carousel-wrapper__slides--slide item\" id=\"slide-2\">&#13;<br \/>\n                                    &#13;<br \/>\n                        <a class=\"chocolat-image GA-tracking\" data-ga_type=\"click\" data-ga_category=\"D\u00e9tail\" data-ga_action=\"zoomer\" data-ga_label=\"aggrandir image\" href=\"https:\/\/cdn-s-www.leprogres.fr\/images\/7089433a-f12c-44e6-937a-ae2894503d5a\/NW_raw\/photo-fournie-1689786650.jpg\" title=\"Photo fournie\" target=\"_blank\" rel=\"noopener\">&#13;<br \/>\n                            <img decoding=\"async\" src=\"https:\/\/www.europesays.com\/fr\/wp-content\/uploads\/2025\/07\/photo-fournie-1743413192.jpg\"   alt=\"Photo fournie\" loading=\"lazy\" fetchpriority=\"low\" data-mobile=\"NW_listA_M|1689786650\" data-base=\"NW_listA|1743413192\"\/>&#13;<br \/>\n                        <\/a>&#13;<br \/>\n                        &#13;<br \/>\n                                           &#13;\n                <\/li>\n<p>&#13;<br \/>\n            &#13;\n                <\/ul>\n<p>Cet endroit est encore assez pr\u00e9serv\u00e9 du \u00ab\u00a0tourisme de masse\u00a0\u00bb. Situ\u00e9 \u00e0 250 m\u00e8tres d\u2019altitude, il est d\u00e9crit par certains sur les r\u00e9seaux sociaux comme \u00ab\u00a0une parenth\u00e8se enchant\u00e9e \u00e0 l\u2019eau turquoise\u00a0\u00bb. Il est vrai que la couleur des fonds marins fait envie.<\/p>\n<p>Sur place, ne vous attendez pas \u00e0 une base de loisirs. La baignade y est gratuite mais non surveill\u00e9e et les p\u00eacheurs sont les plus assidus. De plus, il faudra 2 km de marche avant d\u2019acc\u00e9der au lac, puisque le maire a d\u00e9cid\u00e9 en 2020 d\u2019<a href=\"https:\/\/www.leprogres.fr\/economie\/2023\/07\/19\/lac-de-chazey-sur-ain-on-veut-que-cela-reste-une-zone-naturelle\" target=\"_blank\" rel=\"noopener\">installer une barri\u00e8re pour restreindre les acc\u00e8s<\/a>.<\/p>\n<p>La zone est class\u00e9e Natura 2000, il est ainsi interdit d\u2019abandonner ses d\u00e9chets sur le sol, de faire des feux ou des barbecues, ou de laisser des objets dans l\u2019eau.<\/p>\n<p class=\"note\">Chazay-sur-Ain (Ain), 42 km de Lyon, 40 minutes l\u2019A42. Gratuit.<\/p>\n<p><strong>5<\/strong><\/p>\n<p><strong>Plan d\u2019eau du Colombier (Rh\u00f4ne) : 64 hectares<\/strong><\/p>\n<ul class=\"galerieContent carousel-wrapper__slides\" id=\"4428e4a3-9b68-42ff-a6d9-823fff941d40\">        &#13;<\/p>\n<li class=\"carousel-wrapper__slides--slide item\" id=\"slide-1\">&#13;<br \/>\n                                    &#13;<br \/>\n                        <a class=\"chocolat-image GA-tracking\" data-ga_type=\"click\" data-ga_category=\"D\u00e9tail\" data-ga_action=\"zoomer\" data-ga_label=\"aggrandir image\" href=\"https:\/\/cdn-s-www.leprogres.fr\/images\/bb712054-a4d9-4fd1-bf98-0af8fa7099c3\/NW_raw\/la-zone-de-baignade-surveillee-au-plan-d-eau-du-colombier-a-anse-photo-guillaume-beraud-1752857973.jpg\" title=\"La zone de baignade surveill\u00e9e au plan d&#039;eau du Colombier \u00e0 Anse.Photo Guillaume Beraud\" target=\"_blank\" rel=\"noopener\">&#13;<br \/>\n                            <img decoding=\"async\" src=\"https:\/\/www.europesays.com\/fr\/wp-content\/uploads\/2025\/07\/la-zone-de-baignade-surveillee-au-plan-d-eau-du-colombier-a-anse-photo-guillaume-beraud-1752857973.j.jpeg\"   alt=\"La zone de baignade surveill\u00e9e au plan d'eau du Colombier \u00e0 Anse.Photo Guillaume Beraud\" fetchpriority=\"high\" data-mobile=\"NW_listA_M|1752857973\" data-base=\"NW_listA|1752857973\"\/>&#13;<br \/>\n                        <\/a>&#13;<\/p>\n<p>La zone de baignade surveill\u00e9e au plan d&rsquo;eau du Colombier \u00e0 Anse.Photo Guillaume Beraud<\/p>\n<p>                        &#13;<br \/>\n                                           &#13;\n                <\/li>\n<p>&#13;<br \/>\n            &#13;<\/p>\n<li class=\"carousel-wrapper__slides--slide item\" id=\"slide-2\">&#13;<br \/>\n                                    &#13;<br \/>\n                        <a class=\"chocolat-image GA-tracking\" data-ga_type=\"click\" data-ga_category=\"D\u00e9tail\" data-ga_action=\"zoomer\" data-ga_label=\"aggrandir image\" href=\"https:\/\/cdn-s-www.leprogres.fr\/images\/3a9cc354-d6b3-4e6a-a67a-26d611ee6e97\/NW_raw\/photo-paul-ganassali-1653231626.jpg\" title=\"Photo Paul Ganassali\" target=\"_blank\" rel=\"noopener\">&#13;<br \/>\n                            <img decoding=\"async\" src=\"https:\/\/www.europesays.com\/fr\/wp-content\/uploads\/2025\/07\/photo-paul-ganassali-1743413192.jpg\"   alt=\"Photo Paul Ganassali\" loading=\"lazy\" fetchpriority=\"low\" data-mobile=\"NW_listA_M|1653231626\" data-base=\"NW_listA|1743413192\"\/>&#13;<br \/>\n                        <\/a>&#13;<br \/>\n                        &#13;<br \/>\n                                           &#13;\n                <\/li>\n<p>&#13;<br \/>\n            &#13;\n                <\/ul>\n<p>Il est une des options les plus rentables rapport qualit\u00e9-distance. \u00c0 environ 40 minutes du centre de Lyon, le plan d\u2019eau du Colombier a l\u2019avantage d\u2019avoir un acc\u00e8s gratuit. La baignade y est surveill\u00e9e.<\/p>\n<p>Le site, qui est une ancienne gravi\u00e8re r\u00e9am\u00e9nag\u00e9e, poss\u00e8de \u00e9galement l\u2019aquapark B\u00e9luga (payant), qui regorge de structures gonflables ou autres catapultes sur 900 m\u00b2.<\/p>\n<p>En bonus, vous pouvez \u00e9galement faire le tour du plan d\u2019eau \u00e0 pied en 45 minutes. Avant un petit plouf\u00a0?<\/p>\n<p class=\"note\">Anse. 40 km de Lyon, 35 minutes via D306. Gratuit.<\/p>\n<p><strong>4<\/strong><\/p>\n<p><strong>Lac de Nantua (Ain) : 141 hectares<\/strong><\/p>\n<ul class=\"galerieContent carousel-wrapper__slides\" id=\"01a1aafe-31f0-491c-8305-67a50a2df7fb\">        &#13;<\/p>\n<li class=\"carousel-wrapper__slides--slide item\" id=\"slide-1\">&#13;<br \/>\n                                    &#13;<br \/>\n                        <a class=\"chocolat-image GA-tracking\" data-ga_type=\"click\" data-ga_category=\"D\u00e9tail\" data-ga_action=\"zoomer\" data-ga_label=\"aggrandir image\" href=\"https:\/\/cdn-s-www.leprogres.fr\/images\/904fd6fc-3df8-4bb5-957a-d6e757466428\/NW_raw\/le-lac-de-nantua-depuis-la-route-photo-catherine-aulaz-1751893536.jpg\" title=\"Le lac de Nantua depuis la route. Photo Catherine Aulaz\" target=\"_blank\" rel=\"noopener\">&#13;<br \/>\n                            <img decoding=\"async\" src=\"https:\/\/www.europesays.com\/fr\/wp-content\/uploads\/2025\/07\/le-lac-de-nantua-depuis-la-route-photo-catherine-aulaz-1751893536.jpg\"   alt=\"Le lac de Nantua depuis la route. Photo Catherine Aulaz\" fetchpriority=\"high\" data-mobile=\"NW_listA_M|1751893536\" data-base=\"NW_listA|1751893536\"\/>&#13;<br \/>\n                        <\/a>&#13;<\/p>\n<p>Le lac de Nantua depuis la route. Photo Catherine Aulaz<\/p>\n<p>                        &#13;<br \/>\n                                           &#13;\n                <\/li>\n<p>&#13;<br \/>\n            &#13;<\/p>\n<li class=\"carousel-wrapper__slides--slide item\" id=\"slide-2\">&#13;<br \/>\n                                    &#13;<br \/>\n                        <a class=\"chocolat-image GA-tracking\" data-ga_type=\"click\" data-ga_category=\"D\u00e9tail\" data-ga_action=\"zoomer\" data-ga_label=\"aggrandir image\" href=\"https:\/\/cdn-s-www.leprogres.fr\/images\/fe54bed5-2415-4201-aade-1b5fc24b0b13\/NW_raw\/photo-catherine-aulaz-1752595944.jpg\" title=\"Photo Catherine Aulaz\" target=\"_blank\" rel=\"noopener\">&#13;<br \/>\n                            <img decoding=\"async\" src=\"https:\/\/www.europesays.com\/fr\/wp-content\/uploads\/2025\/07\/photo-catherine-aulaz-1752595944.jpg\"   alt=\"Photo Catherine Aulaz\" loading=\"lazy\" fetchpriority=\"low\" data-mobile=\"NW_listA_M|1752595944\" data-base=\"NW_listA|1752595944\"\/>&#13;<br \/>\n                        <\/a>&#13;<br \/>\n                        &#13;<br \/>\n                                           &#13;\n                <\/li>\n<p>&#13;<br \/>\n            &#13;<\/p>\n<li class=\"carousel-wrapper__slides--slide item\" id=\"slide-3\">&#13;<br \/>\n                                    &#13;<br \/>\n                        <a class=\"chocolat-image GA-tracking\" data-ga_type=\"click\" data-ga_category=\"D\u00e9tail\" data-ga_action=\"zoomer\" data-ga_label=\"aggrandir image\" href=\"https:\/\/cdn-s-www.leprogres.fr\/images\/cf6174fa-b4f2-485f-890f-e6329c873f41\/NW_raw\/photo-catherine-aulaz-1752595944.jpg\" title=\"Photo Catherine Aulaz\" target=\"_blank\" rel=\"noopener\">&#13;<br \/>\n                            <img decoding=\"async\" src=\"https:\/\/www.europesays.com\/fr\/wp-content\/uploads\/2025\/07\/1752985522_299_photo-catherine-aulaz-1752595944.jpg\"   alt=\"Photo Catherine Aulaz\" loading=\"lazy\" fetchpriority=\"low\" data-mobile=\"NW_listA_M|1752595944\" data-base=\"NW_listA|1752595944\"\/>&#13;<br \/>\n                        <\/a>&#13;<br \/>\n                        &#13;<br \/>\n                                           &#13;\n                <\/li>\n<p>&#13;<br \/>\n            &#13;\n                <\/ul>\n<p>Un lac au milieu des montagnes du Jura. Des falaises de calcaire qui entourent cet espace d\u2019origine glaci\u00e8re. Une eau qui change de couleur au gr\u00e9 de la m\u00e9t\u00e9o. Vous l\u2019avez compris, le cadre promet. Et en plus, c\u2019est gratuit et surveill\u00e9 (pas partout).<\/p>\n<p>Deux plages principales existent\u00a0: Albert-Griot, accessible depuis le parking de l\u2019esplanade et o\u00f9 il est possible de manger et boire au snack, et celle de la Colonne, depuis laquelle on acc\u00e8de par la route du Port.<\/p>\n<p>Autour, cano\u00ebs, catamarans, planches \u00e0 voile, paddles, p\u00e9dalos ou encore pirogues peuvent \u00eatre lou\u00e9s. Et si vous avez de la chance, vous pourrez peut-\u00eatre ramasser des \u00e9crevisses.<\/p>\n<p class=\"note\">Nantua (Ain), 85 km de Lyon, 1\u00a0h\u00a010 via l\u2019A42.\u00a0Gratuit.<\/p>\n<p><strong>3<\/strong><\/p>\n<p><strong>Grand Parc Miribel Jonage, lac des Eaux Bleues (Rh\u00f4ne) : 350 hectares<\/strong><\/p>\n<ul class=\"galerieContent carousel-wrapper__slides\" id=\"85194716-3223-4ab9-9443-366fca08afe9\">        &#13;<\/p>\n<li class=\"carousel-wrapper__slides--slide item\" id=\"slide-1\">&#13;<br \/>\n                                    &#13;<br \/>\n                        <a class=\"chocolat-image GA-tracking\" data-ga_type=\"click\" data-ga_category=\"D\u00e9tail\" data-ga_action=\"zoomer\" data-ga_label=\"aggrandir image\" href=\"https:\/\/cdn-s-www.leprogres.fr\/images\/275bd7d1-cc6f-4f1d-bd3f-2551b60df7e4\/NW_raw\/ici-la-plage-de-l-atol-avec-sable-fin-et-un-monde-fou-pendant-les-journees-de-canicule-photo-joel-philippon-1692352074.jpg\" title=\"Ici la plage de l&#039;Atol, avec sable fin et un monde fou pendant les journ\u00e9es de canicule. Photo Jo\u00ebl Philippon\" target=\"_blank\" rel=\"noopener\">&#13;<br \/>\n                            <img decoding=\"async\" src=\"https:\/\/www.europesays.com\/fr\/wp-content\/uploads\/2025\/07\/ici-la-plage-de-l-atol-avec-sable-fin-et-un-monde-fou-pendant-les-journees-de-canicule-photo-joel-ph.jpeg\"   alt=\"Ici la plage de l'Atol, avec sable fin et un monde fou pendant les journ\u00e9es de canicule. Photo Jo\u00ebl Philippon\" fetchpriority=\"high\" data-mobile=\"NW_listA_M|1692352074\" data-base=\"NW_listA|1743413192\"\/>&#13;<br \/>\n                        <\/a>&#13;<\/p>\n<p>Ici la plage de l&rsquo;Atol, avec sable fin et un monde fou pendant les journ\u00e9es de canicule. Photo Jo\u00ebl Philippon<\/p>\n<p>                        &#13;<br \/>\n                                           &#13;\n                <\/li>\n<p>&#13;<br \/>\n            &#13;<\/p>\n<li class=\"carousel-wrapper__slides--slide item\" id=\"slide-2\">&#13;<br \/>\n                                    &#13;<br \/>\n                        <a class=\"chocolat-image GA-tracking\" data-ga_type=\"click\" data-ga_category=\"D\u00e9tail\" data-ga_action=\"zoomer\" data-ga_label=\"aggrandir image\" href=\"https:\/\/cdn-s-www.leprogres.fr\/images\/18e71e2a-b669-4f78-be55-d1d920fe0657\/NW_raw\/sur-la-plage-du-morlet-photo-joel-philippon-1688978096.jpg\" title=\"Sur la plage du Morlet. Photo Jo\u00ebl Philippon\" target=\"_blank\" rel=\"noopener\">&#13;<br \/>\n                            <img decoding=\"async\" src=\"https:\/\/www.europesays.com\/fr\/wp-content\/uploads\/2025\/07\/sur-la-plage-du-morlet-photo-joel-philippon-1743413192.jpg\"   alt=\"Sur la plage du Morlet. Photo Jo\u00ebl Philippon\" loading=\"lazy\" fetchpriority=\"low\" data-mobile=\"NW_listA_M|1688978096\" data-base=\"NW_listA|1743413192\"\/>&#13;<br \/>\n                        <\/a>&#13;<\/p>\n<p>Sur la plage du Morlet. Photo Jo\u00ebl Philippon<\/p>\n<p>                        &#13;<br \/>\n                                           &#13;\n                <\/li>\n<p>&#13;<br \/>\n            &#13;<\/p>\n<li class=\"carousel-wrapper__slides--slide item\" id=\"slide-3\">&#13;<br \/>\n                                    &#13;<br \/>\n                        <a class=\"chocolat-image GA-tracking\" data-ga_type=\"click\" data-ga_category=\"D\u00e9tail\" data-ga_action=\"zoomer\" data-ga_label=\"aggrandir image\" href=\"https:\/\/cdn-s-www.leprogres.fr\/images\/9177c07c-d339-465e-850a-893e5524b725\/NW_raw\/photo-pierre-augros-1655714617.jpg\" title=\"Photo Pierre Augros\" target=\"_blank\" rel=\"noopener\">&#13;<br \/>\n                            <img decoding=\"async\" src=\"https:\/\/www.europesays.com\/fr\/wp-content\/uploads\/2025\/07\/photo-pierre-augros-1743413192.jpg\"   alt=\"Photo Pierre Augros\" loading=\"lazy\" fetchpriority=\"low\" data-mobile=\"NW_listA_M|1655714617\" data-base=\"NW_listA|1743413192\"\/>&#13;<br \/>\n                        <\/a>&#13;<br \/>\n                        &#13;<br \/>\n                                           &#13;\n                <\/li>\n<p>&#13;<br \/>\n            &#13;\n                <\/ul>\n<p>C\u2019est peut-\u00eatre le plus populaire. Le lac du Grand parc est connu de tous les Lyonnais et a l\u2019avantage d\u2019\u00eatre tout proche et desservi par les transports en commun. \u00c0 cheval sur plusieurs communes de l\u2019Est lyonnais et de l\u2019Ain, il attire chaque ann\u00e9e des milliers de vacanciers (jusqu\u2019\u00e0 100 000 en un week-end).<\/p>\n<p>Le lac est bord\u00e9 par 4 plages am\u00e9nag\u00e9es et surveill\u00e9es. Trois d&rsquo;entre elles sont gratuites : Le Morlet, La Baraka, Le Fontanil.\u00a0La quatri\u00e8me, L&rsquo;Atol, est payante mais elle poss\u00e8de son sable blanc et une eau turquoise et de <a href=\"https:\/\/www.leprogres.fr\/culture-loisirs\/2025\/07\/13\/grand-parc-de-miribel-jonage-des-activites-tout-l-ete-sur-la-plage-du-fontanil\" target=\"_blank\" rel=\"noopener\">nombreuses activit\u00e9s<\/a>.<\/p>\n<p>Le site est parfois terni par une mauvaise r\u00e9putation, notamment \u00e0 cause de nuisances des usagers. Attention \u00e9galement \u00e0 la s\u00e9curit\u00e9, de nombreuses noyades ont lieu chaque \u00e9t\u00e9.<\/p>\n<p class=\"note\">Vaulx-en-Velin. 14 km de Lyon, 20 minutes via A42. Gratuit sauf la plage de l\u2019Atol\u00a0: \u00e0 partir de 12 ans\u00a0: 8,5\u20ac, de 4 \u00e0 12 ans 4\u20ac, gratuit pour les moins de 4 ans.\u00a0<\/p>\n<p><strong>2<\/strong><\/p>\n<p><strong>Lac de Paladru (Is\u00e8re) : 390 hectares<\/strong><\/p>\n<p>Une eau turquoise \u00e0 rendre jalouses les lagunes des Antilles. Le lac de Paladru dans l\u2019Is\u00e8re, est \u00e0 la crois\u00e9e des chemins entre Lyonnais et Grenoblois. A 500 m\u00e8tres d\u2019altitude, il s\u2019\u00e9tend sur 6 km avec de nombreuses possibilit\u00e9s de baignades. Des plages surveill\u00e9es ou non, payantes ou gratuites (plage du Pin, municipale de Paladru, Charavines plage, municipale de Montferrat).<\/p>\n<p>Pour rappel,<a href=\"https:\/\/www.leprogres.fr\/environnement\/2025\/07\/06\/baignade-interdite-au-moins-jusqu-a-mardi-sur-une-plage-du-lac-de-paladru\" target=\"_blank\" rel=\"noopener\"> la plage gratuite de Charavines a \u00e9t\u00e9 interdite \u00e0 la baignade<\/a> pendant quelques jours d\u00e9but juillet \u00e0 cause de la pr\u00e9sence de mousse dans l\u2019eau.<\/p>\n<p>En prime, il se dit que la craie lacustre qui recouvre les fonds est vant\u00e9e pour ses vertus b\u00e9n\u00e9fiques pour la peau.<\/p>\n<p class=\"note\">Charavines (Is\u00e8re). 92 km de Lyon, 1\u00a0h\u00a010 via A43 et A48. Gratuit ou payant selon les plages. <a href=\" https:\/\/tourisme.paysvoironnais.com\/la-destination\/le-lac-de-paladru\/\" target=\"_blank\">Les tarifs ici<\/a>.<\/p>\n<p><strong>1<\/strong><\/p>\n<p><strong>Le lac d\u2019Aiguebelette (Savoie) : 545 hectares<\/strong><\/p>\n<ul class=\"galerieContent carousel-wrapper__slides\" id=\"4d104bc3-8ea8-4542-89b4-2edaadabedbe\">        &#13;<\/p>\n<li class=\"carousel-wrapper__slides--slide item\" id=\"slide-1\">&#13;<br \/>\n                                    &#13;<br \/>\n                        <a class=\"chocolat-image GA-tracking\" data-ga_type=\"click\" data-ga_category=\"D\u00e9tail\" data-ga_action=\"zoomer\" data-ga_label=\"aggrandir image\" href=\"https:\/\/cdn-s-www.leprogres.fr\/images\/b13b33d4-a6ab-4188-a946-805020f35693\/NW_raw\/photo-frederic-chambert-1752595944.jpg\" title=\"Photo Fr\u00e9d\u00e9ric Chambert\" target=\"_blank\" rel=\"noopener\">&#13;<br \/>\n                            <img decoding=\"async\" src=\"https:\/\/www.europesays.com\/fr\/wp-content\/uploads\/2025\/07\/photo-frederic-chambert-1752595944.jpg\"   alt=\"Photo Fr\u00e9d\u00e9ric Chambert\" fetchpriority=\"high\" data-mobile=\"NW_listA_M|1752595944\" data-base=\"NW_listA|1752595944\"\/>&#13;<br \/>\n                        <\/a>&#13;<\/p>\n<p>Photo Fr\u00e9d\u00e9ric Chambert<\/p>\n<p>                        &#13;<br \/>\n                                           &#13;\n                <\/li>\n<p>&#13;<br \/>\n            &#13;<\/p>\n<li class=\"carousel-wrapper__slides--slide item\" id=\"slide-2\">&#13;<br \/>\n                                    &#13;<br \/>\n                        <a class=\"chocolat-image GA-tracking\" data-ga_type=\"click\" data-ga_category=\"D\u00e9tail\" data-ga_action=\"zoomer\" data-ga_label=\"aggrandir image\" href=\"https:\/\/cdn-s-www.leprogres.fr\/images\/b8351d55-aaa8-4dcf-8b8b-7c6a7dcad044\/NW_raw\/photo-frederic-chambert-1752595944.jpg\" title=\"Photo Fr\u00e9d\u00e9ric Chambert\" target=\"_blank\" rel=\"noopener\">&#13;<br \/>\n                            <img decoding=\"async\" src=\"https:\/\/www.europesays.com\/fr\/wp-content\/uploads\/2025\/07\/1752985523_6_photo-frederic-chambert-1752595944.jpg\"   alt=\"Photo Fr\u00e9d\u00e9ric Chambert\" loading=\"lazy\" fetchpriority=\"low\" data-mobile=\"NW_listA_M|1752595944\" data-base=\"NW_listA|1752595944\"\/>&#13;<br \/>\n                        <\/a>&#13;<\/p>\n<p>Photo Fr\u00e9d\u00e9ric Chambert<\/p>\n<p>                        &#13;<br \/>\n                                           &#13;\n                <\/li>\n<p>&#13;<br \/>\n            &#13;<\/p>\n<li class=\"carousel-wrapper__slides--slide item\" id=\"slide-3\">&#13;<br \/>\n                                    &#13;<br \/>\n                        <a class=\"chocolat-image GA-tracking\" data-ga_type=\"click\" data-ga_category=\"D\u00e9tail\" data-ga_action=\"zoomer\" data-ga_label=\"aggrandir image\" href=\"https:\/\/cdn-s-www.leprogres.fr\/images\/e5bd7441-ab6a-4f47-87d4-6c09bec08614\/NW_raw\/photo-frederic-chambert-1721920466.jpg\" title=\"Photo Fr\u00e9d\u00e9ric Chambert\" target=\"_blank\" rel=\"noopener\">&#13;<br \/>\n                            <img decoding=\"async\" src=\"https:\/\/www.europesays.com\/fr\/wp-content\/uploads\/2025\/07\/photo-frederic-chambert-1743413192.jpg\"   alt=\"Photo Fr\u00e9d\u00e9ric Chambert\" loading=\"lazy\" fetchpriority=\"low\" data-mobile=\"NW_listA_M|1721920466\" data-base=\"NW_listA|1743413192\"\/>&#13;<br \/>\n                        <\/a>&#13;<\/p>\n<p>Photo Fr\u00e9d\u00e9ric Chambert<\/p>\n<p>                        &#13;<br \/>\n                                           &#13;\n                <\/li>\n<p>&#13;<br \/>\n            &#13;\n                <\/ul>\n<p>De petites maisons sur pilotis, des eaux \u00e0 26\u00b0 C en \u00e9t\u00e9 et surtout, une magnifique couleur vert \u00e9meraude. Bienvenue en Savoie, au lac d\u2019Aigueblette. Avec ses sept plages \u2013 gratuites ou payantes -, il est le troisi\u00e8me plus grand lac naturel de France, tout en proposant de nombreuses activit\u00e9s nautiques. Les amateurs de sensations fortes pourront \u00e9galement s\u2019essayer au parapente ou \u00e0 la via ferrata.<\/p>\n<p>Seul hic, il s\u2019agit d\u2019un des lieux les plus pris\u00e9s de la r\u00e9gion, <a href=\"https:\/\/www.leprogres.fr\/economie\/2024\/08\/22\/lac-d-aiguebelette-une-legere-baisse-de-frequentation-en-juin-et-en-juillet\" target=\"_blank\" rel=\"noopener\">vous risquez donc de croiser du monde<\/a>.<\/p>\n<p class=\"note\">Saint-Alban-de-Montbel (Savoie). 96 km de Lyon, 1\u00a0h\u00a010 via l\u2019A43. Gratuit ou payant selon les plages. <a href=\"https:\/\/www.pays-lac-aiguebelette.com\/je-pratique\/eau\/plages\/\" target=\"_blank\" rel=\"noopener\">Les tarifs ici<\/a>.<\/p>\n<p>        &#13;<br \/>\n          <a href=\"https:\/\/cdn-s-www.leprogres.fr\/images\/fbe202af-7d9c-43ae-b74b-208f278d749e\/NW_raw\/photo-le-dl-1437686751.jpg\" title=\"Photo Le DL\" class=\"chocolat-image GA-tracking\" data-ga_type=\"click\" data-ga_category=\"D\u00e9tail\" data-ga_action=\"zoomer\" data-ga_label=\"agrandir image\" target=\"_blank\" rel=\"noopener\">&#13;<br \/>\n            <img loading=\"lazy\" decoding=\"async\" src=\"https:\/\/www.europesays.com\/fr\/wp-content\/uploads\/2025\/07\/photo-le-dl-1437686751.jpg\" alt=\"Photo Le DL\"\/>&#13;<br \/>\n          <\/a>&#13;<br \/>\n          &#13;<\/p>\n<p class=\"insetTitle\">Le site o\u00f9 vous auriez pu vous baigner mais non : l\u2019\u00e9tang de Fallavier en Is\u00e8re<\/p>\n<p>Il \u00e9tait au d\u00e9part un petit havre de paix. L\u2019\u00e9tang de Fallavier dans le Nord-Is\u00e8re, qui s\u2019\u00e9tend sur 33 hectares, \u00e9tait un lieu calme et pr\u00e9serv\u00e9. Mais de moins en moins ces derni\u00e8res ann\u00e9es. Alors l\u2019intercommunalit\u00e9 a fait, d\u00e9but juillet 2025, un choix fort en <a href=\"https:\/\/www.leprogres.fr\/environnement\/2025\/07\/05\/decision-surprenante-injuste-il-est-desormais-interdit-de-se-baigner-a-l-etang-de-fallavier\" target=\"_blank\" rel=\"noopener\">interdisant purement et simplement la baignade<\/a>.<\/p>\n<p>\u00ab\u00a0Nous faisions face \u00e0 des pics de fr\u00e9quentation extr\u00eame, avec la pr\u00e9sence de 900 \u00e0 1\u00a0000 personnes par jour, c\u2019\u00e9tait devenu trop important pour nous\u00a0\u00bb, indiquait le maire.<\/p>\n<p>Pourtant, cela n\u2019a pas emp\u00each\u00e9 certains de brav\u00e9 la r\u00e8gle ce 14 juillet\u2026<\/p>\n","protected":false},"excerpt":{"rendered":"10 Lac Genin (Ain) : 8 hectares &#13; &#13; &#13; &#13; &#13; &#13; Le petit lac de montagne&hellip;\n","protected":false},"author":2,"featured_media":260304,"comment_status":"","ping_status":"","sticky":false,"template":"","format":"standard","meta":{"footnotes":""},"categories":[1889],"tags":[1111,11,2738,2430,1687,3152,2757,3153,3154,3155,3156,1777,674,107,1011,27,108,2428,12,2661,25,2429,273],"class_list":{"0":"post-260303","1":"post","2":"type-post","3":"status-publish","4":"format-standard","5":"has-post-thumbnail","7":"category-lyon","8":"tag-actu","9":"tag-actualites","10":"tag-ain","11":"tag-auvergne-rhone-alpes","12":"tag-culture-loisirs","13":"tag-edition-est-lyonnais","14":"tag-edition-lyon-villeurbanne","15":"tag-edition-ouest-lyonnais","16":"tag-edition-sud-lyonnais","17":"tag-edition-tarare","18":"tag-edition-villefranche","19":"tag-eu","20":"tag-europe","21":"tag-fil-info","22":"tag-fr","23":"tag-france","24":"tag-isere","25":"tag-lyon","26":"tag-news","27":"tag-patrimoine-culturel","28":"tag-republique-francaise","29":"tag-rhone","30":"tag-selection-de-la-redaction"},"share_on_mastodon":{"url":"https:\/\/pubeurope.com\/@fr\/114883666995861210","error":""},"_links":{"self":[{"href":"https:\/\/www.europesays.com\/fr\/wp-json\/wp\/v2\/posts\/260303","targetHints":{"allow":["GET"]}}],"collection":[{"href":"https:\/\/www.europesays.com\/fr\/wp-json\/wp\/v2\/posts"}],"about":[{"href":"https:\/\/www.europesays.com\/fr\/wp-json\/wp\/v2\/types\/post"}],"author":[{"embeddable":true,"href":"https:\/\/www.europesays.com\/fr\/wp-json\/wp\/v2\/users\/2"}],"replies":[{"embeddable":true,"href":"https:\/\/www.europesays.com\/fr\/wp-json\/wp\/v2\/comments?post=260303"}],"version-history":[{"count":0,"href":"https:\/\/www.europesays.com\/fr\/wp-json\/wp\/v2\/posts\/260303\/revisions"}],"wp:featuredmedia":[{"embeddable":true,"href":"https:\/\/www.europesays.com\/fr\/wp-json\/wp\/v2\/media\/260304"}],"wp:attachment":[{"href":"https:\/\/www.europesays.com\/fr\/wp-json\/wp\/v2\/media?parent=260303"}],"wp:term":[{"taxonomy":"category","embeddable":true,"href":"https:\/\/www.europesays.com\/fr\/wp-json\/wp\/v2\/categories?post=260303"},{"taxonomy":"post_tag","embeddable":true,"href":"https:\/\/www.europesays.com\/fr\/wp-json\/wp\/v2\/tags?post=260303"}],"curies":[{"name":"wp","href":"https:\/\/api.w.org\/{rel}","templated":true}]}}