{"id":260309,"date":"2025-07-20T04:29:14","date_gmt":"2025-07-20T04:29:14","guid":{"rendered":"https:\/\/www.europesays.com\/fr\/260309\/"},"modified":"2025-07-20T04:29:14","modified_gmt":"2025-07-20T04:29:14","slug":"cest-decevant-pierre-richard-vivement-critique-pour-setre-oppose-a-louverture-dune-superette-dans-son-quartier-en-plein-coeur-de-paris","status":"publish","type":"post","link":"https:\/\/www.europesays.com\/fr\/260309\/","title":{"rendered":"\u00ab\u00a0C&rsquo;est d\u00e9cevant\u00a0\u00bb : Pierre Richard vivement critiqu\u00e9 pour s\u2019\u00eatre oppos\u00e9 \u00e0 l\u2019ouverture d\u2019une sup\u00e9rette dans son quartier en plein coeur de Paris"},"content":{"rendered":"<p>Plusieurs personnalit\u00e9s ont sign\u00e9 une p\u00e9tition contre l\u2019ouverture d\u2019un Carrefour City dans le 6\u00e8me arrondissement de Paris. Parmi les signataires, Pierre Richard ou encore Alain Souchon, qui ont \u00e9t\u00e9 vivement critiqu\u00e9s sur les r\u00e9seaux sociaux.<\/p>\n<p>Dans le tr\u00e8s chic 6e arrondissement de Paris, pr\u00e8s du Jardin du Luxembourg, une pol\u00e9mique agite les rues Vavin et Br\u00e9a : <strong>l\u2019ouverture imminente d\u2019un Carrefour City suscite la col\u00e8re des riverains<\/strong>, soutenus par plusieurs c\u00e9l\u00e9brit\u00e9s. \u00c0 l\u2019origine de la contestation, Bruno Segr\u00e9, ex-journaliste \u00e9conomique, <strong>qui a lanc\u00e9 une p\u00e9tition recueillant plus de 3 000 signatures<\/strong>. Les opposants d\u00e9noncent la banalisation du quartier et redoutent la disparition des derniers commerces ind\u00e9pendants, d\u00e9j\u00e0 affaiblis par l\u2019arriv\u00e9e pass\u00e9e d\u2019un McDonald&rsquo;s et la multiplication des locations Airbnb. Pour eux, l\u2019ouverture de cette sup\u00e9rette signerait la fin d\u2019une \u201c\u00e2me villageoise\u201d propre au quartier.<\/p>\n<p>\u201c<strong>Quand on est \u00e0 plus de 20 000 euros le m2, on n\u2019a pas envie d\u2019avoir de la racaille en bas de chez soi<\/strong>\u201d, a l\u00e2ch\u00e9 dans Le Monde Simon Benbaruk, pr\u00e9sident de l\u2019association des commer\u00e7ants. De son c\u00f4t\u00e9, la mairie, favorable au projet, met en avant la libert\u00e9 d\u2019entreprendre. Malgr\u00e9 les recours et les actions m\u00e9diatiques,<strong> les habitants restent mobilis\u00e9s pour tenter d\u2019emp\u00eacher l\u2019arriv\u00e9e du supermarch\u00e9<\/strong>, per\u00e7u comme un symbole d&rsquo;uniformisation et de d\u00e9shumanisation du quartier.<\/p>\n<p>                                                                        Pierre Richard, Alain Souchon\u2026 Des stars critiqu\u00e9es par les internautes apr\u00e8s la signature d\u2019une p\u00e9tition contre l\u2019ouverture d\u2019un supermarch\u00e9 dans Paris<\/p>\n<p>Sur les r\u00e9seaux sociaux, les internautes ont \u00e9t\u00e9 nombreux \u00e0 pointer du doigt la signature de cette p\u00e9tition. A tel point que <strong>le nom de Pierre Richard est arriv\u00e9 en premi\u00e8re position des tendances sur X<\/strong>, o\u00f9 il a essuy\u00e9 une vague de critiques. \u201cC\u2019est super d\u00e9cevant\u201d, \u201cPourtant leurs nounous, concierges, femmes de m\u00e9nage et autres personnes \u00e0 leurs services aimeraient sans doute aller au carrefour city elles non ?\u201d, \u201cLa vieillesse est vraiment un naufrage\u201d, \u201cC&rsquo;est beau l&rsquo;entre soi, \u00e7a veut garder ses privil\u00e8ges, ils n&rsquo;ont pourtant pas su garder leurs commerces de proximit\u00e9\u201d, \u201cDes bourgeois\u201d, ont critiqu\u00e9 plusieurs internautes. Parmi les autres signataires, <strong>on retrouve aussi <\/strong><a href=\"https:\/\/www.voici.fr\/bios-people\/alain-souchon\" data-link-people=\"d71a59c0-fe34-4572-86aa-ce405ed4c0d4\" rel=\"nofollow noopener\" target=\"_blank\"><strong>Alain Souchon<\/strong><\/a><strong>, <\/strong><a href=\"https:\/\/www.voici.fr\/bios-people\/alain-finkielkraut\" data-link-people=\"1b0059b9-c551-4f88-bae2-ef386b8b9be4\" rel=\"nofollow noopener\" target=\"_blank\"><strong>Alain Finkielkraut<\/strong><\/a><strong>, ou encore <\/strong><a href=\"https:\/\/www.voici.fr\/bios-people\/catherine-frot\" data-link-people=\"7afd0073-e4bd-4a6f-8940-bc3324986a31\" rel=\"nofollow noopener\" target=\"_blank\"><strong>Catherine Frot<\/strong><\/a><strong>.<\/strong><\/p>\n<blockquote class=\"twitter-tweet\">\n<p lang=\"fr\" dir=\"ltr\">Catherine Frot, Denis Olivennes, Alain Souchon, Ruth Elkrief, Alain Finkielkraut et Pierre Richard s&rsquo;unissent autour d&rsquo;une p\u00e9tition de petits bourgeois souhaitant maintenir un entre-soi de nantis des beaux quartiers. <br \/>Avec de jolis relents racistes \ud83d\udc4c <a href=\"https:\/\/t.co\/BdNBf9kLBQ\" rel=\"nofollow\">pic.twitter.com\/BdNBf9kLBQ<\/a><\/p>\n<p>\u2014 MouMou (@MouMou_Guichard) <a href=\"https:\/\/twitter.com\/MouMou_Guichard\/status\/1946536039528509616?ref_src=twsrc%5Etfw\" rel=\"nofollow noopener\" target=\"_blank\">July 19, 2025<\/a><\/p><\/blockquote>\n<p>Pierre Richard a \u00e9t\u00e9 exclu de l\u2019association Les Papillons apr\u00e8s avoir soutenu G\u00e9rard Depardieu<\/p>\n<p>Ce n\u2019est pas la premi\u00e8re fois que <strong>Pierre Richard se fait \u00e9pingler \u00e0 cause d\u2019une p\u00e9tition<\/strong>. En 2023, il avait sign\u00e9<a href=\"https:\/\/www.voici.fr\/news-people\/gerard-depardieu-et-pierre-richard-hilares-le-duo-mythique-amuse-les-internautes-sur-un-tournage-690316\" rel=\"nofollow noopener\" target=\"_blank\"> une tribune en faveur de G\u00e9rard Depardieu <\/a>et avait imm\u00e9diatement \u00e9t\u00e9<strong> exclu de l\u2019association Les Papillons<\/strong>, qui oeuvre pour la lutte contre les violences faites aux enfants, dont il \u00e9tait l\u2019ambassadeur. Laurent Boyet, le pr\u00e9sident de l\u2019association, avait publi\u00e9 un communiqu\u00e9 sur son compte X pour clarifier les raisons de l&rsquo;exclusion de Pierre Richard.<\/p>\n<p>Selon lui, cette d\u00e9cision n\u2019avait rien \u00e0 voir avec une quelconque querelle personnelle entre les deux hommes, mais <strong>d\u00e9coule directement de la signature par Pierre Richard cette tribune en soutien \u00e0 <\/strong><a href=\"https:\/\/www.voici.fr\/bios-people\/gerard-depardieu\" data-link-people=\"69de275f-2b32-4591-a0fd-1eb1379db11a\" rel=\"nofollow noopener\" target=\"_blank\"><strong>G\u00e9rard Depardieu<\/strong><\/a><strong>.<\/strong> Pour Boyet, ce texte revenait \u00e0 accorder un \u00ab\u00a0blanc-seing\u00a0\u00bb \u00e0 Depardieu, <a href=\"https:\/\/www.voici.fr\/news-people\/il-travaille-lui-amelie-l-accusatrice-de-gerard-depardieu-reagit-a-la-condamnation-de-l-acteur-zaptv-804343\" rel=\"nofollow noopener\" target=\"_blank\">malgr\u00e9 les accusations graves qui le visent<\/a>, ce que l&rsquo;association juge inacceptable. Il avait rappel\u00e9<a href=\"https:\/\/www.voici.fr\/news-people\/affaire-gerard-depardieu-les-auteurs-du-complement-d-enquete-attaquent-l-acteur-et-yann-moix-en-justice-801037\" rel=\"nofollow noopener\" target=\"_blank\"> les propos choquants de Depardieu diffus\u00e9s dans Compl\u00e9ment d&rsquo;enqu\u00eate<\/a>, et affirm\u00e9 qu&rsquo;il \u00e9tait<strong> impensable de continuer \u00e0 compter Pierre Richard parmi leurs ambassadeurs dans ces conditions.<\/strong><\/p>\n<p>                                                                                                        <script async src=\"https:\/\/platform.twitter.com\/widgets.js\" charset=\"utf-8\"><\/script><\/p>\n","protected":false},"excerpt":{"rendered":"Plusieurs personnalit\u00e9s ont sign\u00e9 une p\u00e9tition contre l\u2019ouverture d\u2019un Carrefour City dans le 6\u00e8me arrondissement de Paris. Parmi&hellip;\n","protected":false},"author":2,"featured_media":260310,"comment_status":"","ping_status":"","sticky":false,"template":"","format":"standard","meta":{"footnotes":""},"categories":[1888],"tags":[253,1111,1928,11,1927,7196,1777,674,1011,27,12,1926,626,1925,2844,7705,25,7618,5030],"class_list":{"0":"post-260309","1":"post","2":"type-post","3":"status-publish","4":"format-standard","5":"has-post-thumbnail","7":"category-paris","8":"tag-acteur","9":"tag-actu","10":"tag-actu-paris","11":"tag-actualites","12":"tag-actualites-paris","13":"tag-cinu00e9ma","14":"tag-eu","15":"tag-europe","16":"tag-fr","17":"tag-france","18":"tag-news","19":"tag-news-paris","20":"tag-paris","21":"tag-paris-news","22":"tag-petition","23":"tag-pierre-richard","24":"tag-republique-francaise","25":"tag-soutien","26":"tag-tribune"},"share_on_mastodon":{"url":"https:\/\/pubeurope.com\/@fr\/114883681762413457","error":""},"_links":{"self":[{"href":"https:\/\/www.europesays.com\/fr\/wp-json\/wp\/v2\/posts\/260309","targetHints":{"allow":["GET"]}}],"collection":[{"href":"https:\/\/www.europesays.com\/fr\/wp-json\/wp\/v2\/posts"}],"about":[{"href":"https:\/\/www.europesays.com\/fr\/wp-json\/wp\/v2\/types\/post"}],"author":[{"embeddable":true,"href":"https:\/\/www.europesays.com\/fr\/wp-json\/wp\/v2\/users\/2"}],"replies":[{"embeddable":true,"href":"https:\/\/www.europesays.com\/fr\/wp-json\/wp\/v2\/comments?post=260309"}],"version-history":[{"count":0,"href":"https:\/\/www.europesays.com\/fr\/wp-json\/wp\/v2\/posts\/260309\/revisions"}],"wp:featuredmedia":[{"embeddable":true,"href":"https:\/\/www.europesays.com\/fr\/wp-json\/wp\/v2\/media\/260310"}],"wp:attachment":[{"href":"https:\/\/www.europesays.com\/fr\/wp-json\/wp\/v2\/media?parent=260309"}],"wp:term":[{"taxonomy":"category","embeddable":true,"href":"https:\/\/www.europesays.com\/fr\/wp-json\/wp\/v2\/categories?post=260309"},{"taxonomy":"post_tag","embeddable":true,"href":"https:\/\/www.europesays.com\/fr\/wp-json\/wp\/v2\/tags?post=260309"}],"curies":[{"name":"wp","href":"https:\/\/api.w.org\/{rel}","templated":true}]}}