{"id":26032,"date":"2025-04-15T06:28:43","date_gmt":"2025-04-15T06:28:43","guid":{"rendered":"https:\/\/www.europesays.com\/fr\/26032\/"},"modified":"2025-04-15T06:28:43","modified_gmt":"2025-04-15T06:28:43","slug":"revivez-auxerre-lyon-1-3-ligue-1-j29-auxerre-lyon","status":"publish","type":"post","link":"https:\/\/www.europesays.com\/fr\/26032\/","title":{"rendered":"Revivez Auxerre-Lyon (1-3) &#8211; Ligue 1 &#8211; J29 &#8211; Auxerre-Lyon"},"content":{"rendered":"<p>\u00a0<\/p>\n<p>\u00a0<\/p>\n<p><strong>ET C&rsquo;EST FINI !!! Tr\u00e8s beau match du d\u00e9but \u00e0 la fin, Auxerre a coul\u00e9 face aux offensives lyonnaises ! Les visiteurs r\u00e9alisent la tr\u00e8s belle op\u00e9ration du weekend, en acc\u00e9dant \u00e0 la quatri\u00e8me place, synonyme de barrages de Ligue des champions, \u00e0 un petit point de l&rsquo;OM, troisi\u00e8me ! R\u00e9sultat s\u00e9v\u00e8re pour des Auxerrois qui ont propos\u00e9 du jeu jusque dans les derniers instants. Lyon se met en confiance avant d&rsquo;aller visiter Old Trafford ce jeudi, puis le Chaudron dimanche ! A CIAO BONSOIR !!<\/strong><\/p>\n","protected":false},"excerpt":{"rendered":"\u00a0 \u00a0 ET C&rsquo;EST FINI !!! Tr\u00e8s beau match du d\u00e9but \u00e0 la fin, Auxerre a coul\u00e9 face&hellip;\n","protected":false},"author":2,"featured_media":26033,"comment_status":"","ping_status":"","sticky":false,"template":"","format":"standard","meta":{"footnotes":""},"categories":[1889],"tags":[1111,47,11,61,2430,69,65,64,1777,674,63,1011,27,68,66,2428,12,62,70,25,67],"class_list":{"0":"post-26032","1":"post","2":"type-post","3":"status-publish","4":"format-standard","5":"has-post-thumbnail","7":"category-lyon","8":"tag-actu","9":"tag-actualite","10":"tag-actualites","11":"tag-actus-football","12":"tag-auvergne-rhone-alpes","13":"tag-bundesliga","14":"tag-championnats-europeens","15":"tag-equipe-de-france","16":"tag-eu","17":"tag-europe","18":"tag-football","19":"tag-fr","20":"tag-france","21":"tag-ligua","22":"tag-ligue-1","23":"tag-lyon","24":"tag-news","25":"tag-news-foot","26":"tag-premier-league","27":"tag-republique-francaise","28":"tag-serie-a"},"share_on_mastodon":{"url":"https:\/\/pubeurope.com\/@fr\/114340567644556149","error":""},"_links":{"self":[{"href":"https:\/\/www.europesays.com\/fr\/wp-json\/wp\/v2\/posts\/26032","targetHints":{"allow":["GET"]}}],"collection":[{"href":"https:\/\/www.europesays.com\/fr\/wp-json\/wp\/v2\/posts"}],"about":[{"href":"https:\/\/www.europesays.com\/fr\/wp-json\/wp\/v2\/types\/post"}],"author":[{"embeddable":true,"href":"https:\/\/www.europesays.com\/fr\/wp-json\/wp\/v2\/users\/2"}],"replies":[{"embeddable":true,"href":"https:\/\/www.europesays.com\/fr\/wp-json\/wp\/v2\/comments?post=26032"}],"version-history":[{"count":0,"href":"https:\/\/www.europesays.com\/fr\/wp-json\/wp\/v2\/posts\/26032\/revisions"}],"wp:featuredmedia":[{"embeddable":true,"href":"https:\/\/www.europesays.com\/fr\/wp-json\/wp\/v2\/media\/26033"}],"wp:attachment":[{"href":"https:\/\/www.europesays.com\/fr\/wp-json\/wp\/v2\/media?parent=26032"}],"wp:term":[{"taxonomy":"category","embeddable":true,"href":"https:\/\/www.europesays.com\/fr\/wp-json\/wp\/v2\/categories?post=26032"},{"taxonomy":"post_tag","embeddable":true,"href":"https:\/\/www.europesays.com\/fr\/wp-json\/wp\/v2\/tags?post=26032"}],"curies":[{"name":"wp","href":"https:\/\/api.w.org\/{rel}","templated":true}]}}