{"id":260320,"date":"2025-07-20T04:35:13","date_gmt":"2025-07-20T04:35:13","guid":{"rendered":"https:\/\/www.europesays.com\/fr\/260320\/"},"modified":"2025-07-20T04:35:13","modified_gmt":"2025-07-20T04:35:13","slug":"multimedia-en-plein-virage-post-brexit-le-royaume-uni-veut-resserrer-ses-liens-avec-la-france-et-lallemagne-synthese-xinhua","status":"publish","type":"post","link":"https:\/\/www.europesays.com\/fr\/260320\/","title":{"rendered":"(Multim\u00e9dia) En plein virage post-Brexit, le Royaume-Uni veut resserrer ses liens avec la France et l&rsquo;Allemagne (SYNTHESE) &#8211; Xinhua"},"content":{"rendered":"<p><img decoding=\"async\" controls=\"controls\" src=\"https:\/\/www.europesays.com\/fr\/wp-content\/uploads\/2025\/07\/20250720ad03e5e43e5a450d8cf85a5bb002df2f_XxjifrF007007_20250720_CBMFN0A001.JPG\"\/>Photo prise le 16 mai 2023 montrant une vue de la fa\u00e7ade du Mus\u00e9e Victoria et Albert (V&amp;A) \u00e0 Londres, au Royaume-Uni. (Xinhua)<\/p>\n<p><strong>Au Victoria and Albert Museum (V&amp;A), pavois\u00e9 aux couleurs du Royaume-Uni et de l&rsquo;Allemagne, le Premier ministre britannique Keir Starmer et le chancelier allemand Friedrich Merz ont sign\u00e9 jeudi un vaste accord bilat\u00e9ral couvrant des domaines tels que la d\u00e9fense et la migration.<\/strong><\/p>\n<p>LONDRES, 19 juillet (Xinhua) &#8212; Au Victoria and Albert Museum (V&amp;A), pavois\u00e9 aux couleurs du Royaume-Uni et de l&rsquo;Allemagne, le Premier ministre britannique Keir Starmer et le chancelier allemand Friedrich Merz ont sign\u00e9 jeudi un vaste accord bilat\u00e9ral couvrant des domaines tels que la d\u00e9fense et la migration.<\/p>\n<p>Le sommet s&rsquo;est d\u00e9roul\u00e9 dans la foul\u00e9e de la visite d&rsquo;Etat du pr\u00e9sident fran\u00e7ais Emmanuel Macron la semaine derni\u00e8re. Ensemble, ces d\u00e9veloppements marquent un renouveau discret mais significatif du groupe trilat\u00e9ral connu sous le nom de E3 &#8212; comprenant le Royaume-Uni, la France et l&rsquo;Allemagne &#8212; dans un contexte de turbulences mondiales croissantes.<\/p>\n<p>Form\u00e9 \u00e0 l&rsquo;origine comme une coalition ad hoc ax\u00e9e sur le programme nucl\u00e9aire iranien, le groupe E3 r\u00e9appara\u00eet aujourd&rsquo;hui comme un pilier essentiel de la diplomatie europ\u00e9enne en mati\u00e8re de s\u00e9curit\u00e9. Comme l&rsquo;a not\u00e9 vendredi le groupe de r\u00e9flexion britannique Chatham House, le groupe est \u00ab\u00a0de retour au c\u0153ur de la s\u00e9curit\u00e9 europ\u00e9enne\u00a0\u00bb.<\/p>\n<p>LE VIRAGE POST-BREXIT<\/p>\n<p>Pour de nombreux observateurs, ce changement signale une nouvelle orientation strat\u00e9gique impuls\u00e9e par le gouvernement travailliste, M. Starmer cherchant \u00e0 stabiliser et \u00e0 reconstruire les liens autrefois rompus entre le Royaume-Uni et l&rsquo;Union europ\u00e9enne (UE) au lendemain du Brexit.<\/p>\n<p>Comme l&rsquo;a observ\u00e9 Iain Begg, professeur \u00e0 la London School of Economics, la s\u00e9quence d&rsquo;\u00e9v\u00e9nements &#8212; qui commence par la \u00ab\u00a0r\u00e9initialisation\u00a0\u00bb avec l&rsquo;UE en mai, suivie de la visite d&rsquo;Etat de M. Macron d\u00e9but juillet, et qui culmine avec le \u00ab\u00a0trait\u00e9 de Kensington\u00a0\u00bb entre le Royaume-Uni et l&rsquo;Allemagne &#8212; augure de meilleures relations, globalement, entre le Royaume-Uni et l&rsquo;Union apr\u00e8s les divisions pr\u00e9cipit\u00e9es par le Brexit.<\/p>\n<p>\u00ab\u00a0L&rsquo;E3, un forum diplomatique flexible entre le Royaume-Uni, la France et l&rsquo;Allemagne, a repris de l&rsquo;importance dans le sillage du Brexit\u00a0\u00bb, indique l&rsquo;article de Chatham House.<\/p>\n<p>Cette tendance refl\u00e8te \u00e9galement un changement d&rsquo;opinion publique, qui a \u00e9t\u00e9 r\u00e9v\u00e9l\u00e9 dans une enqu\u00eate men\u00e9e jeudi par le groupe de r\u00e9flexion British Foreign Policy Group bas\u00e9 \u00e0 Londres. Selon les r\u00e9sultats de l&rsquo;enqu\u00eate, le public britannique est de plus en plus d\u00e9\u00e7u de la \u00ab\u00a0relation sp\u00e9ciale\u00a0\u00bb, autrefois salu\u00e9e, avec les Etats-Unis, en particulier sous le pr\u00e9sident Donald Trump. Face \u00e0 une incertitude strat\u00e9gique et \u00e0 des politiques am\u00e9ricaines erratiques, de nombreux Britanniques regardent \u00e0 nouveau de l&rsquo;autre c\u00f4t\u00e9 de la Manche.<\/p>\n<p>La confiance du public britannique envers les Etats-Unis a fortement chut\u00e9, passant de 53% en 2024 \u00e0 seulement 38% en 2025, tandis que plus de 60% des Britanniques soutiennent d\u00e9sormais des liens plus \u00e9troits avec l&rsquo;Union europ\u00e9enne, motiv\u00e9s en partie par des inqui\u00e9tudes au sujet de la gouvernance de Donald Trump.<\/p>\n<p>Surnomm\u00e9 Trait\u00e9 de Kensington, le nouvel accord germano-britannique r\u00e9affirme la coop\u00e9ration entre les deux pays \u00e0 travers toute une gamme de sujets : un engagement partag\u00e9 \u00e0 limiter l&rsquo;\u00e9l\u00e9vation de la temp\u00e9rature mondiale \u00e0 1,5 degr\u00e9s Celsius au-dessus des niveaux pr\u00e9industriels ; renforcer le commerce bilat\u00e9ral dans le cadre des accords existants entre l&rsquo;Union europ\u00e9enne et le Royaume-Uni ; et faire progresser la coop\u00e9ration en mati\u00e8re de s\u00e9curit\u00e9 et de d\u00e9fense, notamment avec des exercices militaires conjoints, une lutte contre les cybermenaces et la guerre de l&rsquo;information, et la coordination des exportations d&rsquo;armes.<\/p>\n<p>Selon Chatham House, bien que plus modeste dans sa port\u00e9e que l&rsquo;accord franco-britannique sign\u00e9 la semaine derni\u00e8re, o\u00f9 figure notamment une d\u00e9claration nucl\u00e9aire conjointe sans pr\u00e9c\u00e9dent plaidant pour une coordination des dissuasions nucl\u00e9aires ind\u00e9pendantes des deux pays, le trait\u00e9 de jeudi \u00ab\u00a0a ancr\u00e9 l&rsquo;E3 en tant que pilier central de la s\u00e9curit\u00e9 europ\u00e9enne\u00a0\u00bb.<\/p>\n<p>UN CONTREPOIDS A L&rsquo;IMPREVISIBILITE AMERICAINE<\/p>\n<p>Dan Hough, professeur de politique \u00e0 l&rsquo;Universit\u00e9 du Sussex, a d\u00e9clar\u00e9 \u00e0 Xinhua qu&rsquo;il y a aujourd&rsquo;hui \u00ab\u00a0une v\u00e9ritable impulsion pour travailler de mani\u00e8re constructive sur les questions o\u00f9 ils n&rsquo;avaient pas \u00e0 travailler de mani\u00e8re constructive dans le pass\u00e9 parce que l&rsquo;influence am\u00e9ricaine \u00e9tait tellement forte\u00a0\u00bb.<\/p>\n<p>\u00ab\u00a0Cependant, \u00e9tant donn\u00e9 le comportement de Donald Trump \u00e0 la Maison Blanche, nous ne pouvons plus compter sur cela\u00a0\u00bb, a-t-il ajout\u00e9.<\/p>\n<p>De plus, avec un engagement am\u00e9ricain envers l&rsquo;OTAN qui n&rsquo;est plus garanti, en particulier sous l&rsquo;influence de Donald Trump, l&rsquo;E3 est de plus en plus consid\u00e9r\u00e9 comme un \u00ab\u00a0cercle d&rsquo;amis\u00a0\u00bb autonome capable d&rsquo;agir dans l&rsquo;int\u00e9r\u00eat strat\u00e9gique de l&rsquo;Europe, a de son c\u00f4t\u00e9 soulign\u00e9 John Bryson, professeur et expert en g\u00e9ographie \u00e9conomique \u00e0 l&rsquo;Universit\u00e9 de Birmingham.<\/p>\n<p>Vasilis Petropoulos, chercheur \u00e0 la Fondation hell\u00e9nique pour la politique europ\u00e9enne et \u00e9trang\u00e8re et ancien \u00e9l\u00e8ve de l&rsquo;\u00e9cole Fletcher \u00e0 l&rsquo;Universit\u00e9 Tufts, a \u00e9galement not\u00e9 que \u00ab\u00a0si le premier mandat de Donald Trump a pu offrir aux Europ\u00e9ens un rappel \u00e0 la r\u00e9alit\u00e9 n\u00e9cessaire, c&rsquo;\u00e9tait la d\u00e9sillusion quant \u00e0 la viabilit\u00e9 de leur d\u00e9pendance \u00e0 l&rsquo;\u00e9gard des Etats-Unis\u00a0\u00bb.<\/p>\n<p>Cependant, contrairement aux trait\u00e9s formels ou aux institutions supranationales, l&rsquo;E3 reste un arrangement d\u00e9lib\u00e9r\u00e9ment flexible. Il permet malgr\u00e9 tout aux trois plus grandes puissances militaires et \u00e9conomiques d&rsquo;Europe de se coordonner rapidement sur la politique \u00e9trang\u00e8re, la d\u00e9fense et les migrations, et cela sans les charges proc\u00e9durales de Bruxelles, a d\u00e9clar\u00e9 le groupe de r\u00e9flexion britannique dans \u00ab\u00a0Une Europe en mutation\u00a0\u00bb.<\/p>\n<p>Dan Hough a \u00e9galement soulign\u00e9 que, des syst\u00e8mes d&rsquo;\u00e9change de jeunes et des r\u00e9formes des visas \u00e0 la planification conjointe de la d\u00e9fense et au soutien \u00e0 l&rsquo;Ukraine, \u00ab\u00a0la phase actuelle de la diplomatie britannique est d\u00e9finie par le r\u00e9alisme, pas par la nostalgie\u00a0\u00bb.<\/p>\n<p>\u00ab\u00a0Cela ne suffit pas en soi pour combler les lacunes entre l&rsquo;Union europ\u00e9enne et l&rsquo;OTAN qui ont \u00e9t\u00e9 cr\u00e9\u00e9es par le Brexit\u00a0\u00bb, a indiqu\u00e9 Chatham House.<\/p>\n<p>Iain Begg a pour sa part not\u00e9 que tout sentiment que ces trait\u00e9s pourraient ouvrir la voie au Royaume-Uni pour rejoindre le march\u00e9 unique, sans parler de l&rsquo;Union europ\u00e9enne, est d\u00e9plac\u00e9.<\/p>\n","protected":false},"excerpt":{"rendered":"Photo prise le 16 mai 2023 montrant une vue de la fa\u00e7ade du Mus\u00e9e Victoria et Albert (V&amp;A)&hellip;\n","protected":false},"author":2,"featured_media":260321,"comment_status":"","ping_status":"","sticky":false,"template":"","format":"standard","meta":{"footnotes":""},"categories":[1588],"tags":[11,672,40041,73,1777,674,27,12,473,1853,40042,1851,1850,1852],"class_list":{"0":"post-260320","1":"post","2":"type-post","3":"status-publish","4":"format-standard","5":"has-post-thumbnail","7":"category-royaume-uni","8":"tag-actualites","9":"tag-allemagne","10":"tag-e3","11":"tag-etats-unis","12":"tag-eu","13":"tag-europe","14":"tag-france","15":"tag-news","16":"tag-royaume-uni","17":"tag-royaume-uni-de-grande-bretagne-et-dirlande-du-nord","18":"tag-synthese","19":"tag-uk","20":"tag-united-kingdom","21":"tag-united-kingdom-of-great-britain-and-northern-ireland"},"share_on_mastodon":{"url":"https:\/\/pubeurope.com\/@fr\/114883705163973798","error":""},"_links":{"self":[{"href":"https:\/\/www.europesays.com\/fr\/wp-json\/wp\/v2\/posts\/260320","targetHints":{"allow":["GET"]}}],"collection":[{"href":"https:\/\/www.europesays.com\/fr\/wp-json\/wp\/v2\/posts"}],"about":[{"href":"https:\/\/www.europesays.com\/fr\/wp-json\/wp\/v2\/types\/post"}],"author":[{"embeddable":true,"href":"https:\/\/www.europesays.com\/fr\/wp-json\/wp\/v2\/users\/2"}],"replies":[{"embeddable":true,"href":"https:\/\/www.europesays.com\/fr\/wp-json\/wp\/v2\/comments?post=260320"}],"version-history":[{"count":0,"href":"https:\/\/www.europesays.com\/fr\/wp-json\/wp\/v2\/posts\/260320\/revisions"}],"wp:featuredmedia":[{"embeddable":true,"href":"https:\/\/www.europesays.com\/fr\/wp-json\/wp\/v2\/media\/260321"}],"wp:attachment":[{"href":"https:\/\/www.europesays.com\/fr\/wp-json\/wp\/v2\/media?parent=260320"}],"wp:term":[{"taxonomy":"category","embeddable":true,"href":"https:\/\/www.europesays.com\/fr\/wp-json\/wp\/v2\/categories?post=260320"},{"taxonomy":"post_tag","embeddable":true,"href":"https:\/\/www.europesays.com\/fr\/wp-json\/wp\/v2\/tags?post=260320"}],"curies":[{"name":"wp","href":"https:\/\/api.w.org\/{rel}","templated":true}]}}