{"id":260322,"date":"2025-07-20T04:36:21","date_gmt":"2025-07-20T04:36:21","guid":{"rendered":"https:\/\/www.europesays.com\/fr\/260322\/"},"modified":"2025-07-20T04:36:21","modified_gmt":"2025-07-20T04:36:21","slug":"pourquoi-les-riches-ne-fuient-presque-jamais-leur-pays","status":"publish","type":"post","link":"https:\/\/www.europesays.com\/fr\/260322\/","title":{"rendered":"Pourquoi les riches ne fuient (presque) jamais leur pays"},"content":{"rendered":"\n<p>Donald Trump d\u00e9roule le tapis rouge aux plus riches. Avec sa \u201cgold card\u201d, un visa sp\u00e9cial co\u00fbtant 5\u00a0millions de dollars, le pr\u00e9sident am\u00e9ricain promet une entr\u00e9e privil\u00e9gi\u00e9e \u00e0 ceux qui apportent leur fortune sur le sol am\u00e9ricain. En une semaine, pr\u00e8s de 70\u00a0000\u00a0personnes se sont d\u00e9j\u00e0 inscrites. Objectif\u00a0: faire des \u00c9tats-Unis un havre fiscal pour les \u00e9lites mondiales. Pourtant, cette promesse d\u2019exil dor\u00e9 s\u00e9duit bien moins que ce que l\u2019on pourrait croire.<\/p>\n<p>Si la mobilit\u00e9 du capital est r\u00e9elle, celle des milliardaires reste tr\u00e8s relative. <a class=\"ithalc\" data-ithal=\"lien_externe\" data-ithalc=\"[nav_article]\" target=\"_blank\" href=\"https:\/\/www.zeit.de\/geld\/2025-06\/steuerflucht-milliardaere-vermoegen-erbschaftssteuer-auswanderung\/komplettansicht\" rel=\"noopener\">Comme le note <strong>Die Zeit<\/strong><\/a><strong> <\/strong>dans une enqu\u00eate approfondie, la peur d\u2019un exode fiscal massif est largement exag\u00e9r\u00e9e. \u201cIl est donc plus probable qu\u2019un milliardaire meure plut\u00f4t qu\u2019il n\u2019\u00e9migre\u201d, observe le sociologue am\u00e9ricain Cristobal Young. Entre 2010 et\u00a02015, seuls 22 milliardaires am\u00e9ricains ont chang\u00e9 d\u2019\u00c9tat de r\u00e9sidence, tandis que 7\u00a0% d\u2019entre eux d\u00e9c\u00e9daient dans le m\u00eame temps.<\/p>\n<p>               Les super-riches ne votent pas avec leurs pieds       <\/p>\n<p>M\u00eame dans des pays qui ont alourdi leur fiscalit\u00e9, les riches ne fuient pas en masse. En Norv\u00e8ge, apr\u00e8s la hausse de l\u2019imp\u00f4t sur la fortune, 43 grands contribuables sont partis \u2013 certes, avec 34\u00a0milliards de couronnes, mais les recettes fiscales ont bondi de 18,4 \u00e0 28,6\u00a0milliards en trois ans. En Allemagne, le spectre d\u2019une taxe sur le patrimoine fait ressurgir les m\u00eames menaces de d\u00e9part. Pourtant, les donn\u00e9es racontent une autre histoire\u00a0: seuls 16 des 170\u00a0milliardaires allemands vivent \u00e0 l\u2019\u00e9tranger. Et ceux qui sont partis \u2013 souvent en Suisse \u2013 ont majoritairement h\u00e9rit\u00e9 de leur fortune.<\/p>\n<p>L\u2019attachement local l\u2019emporte sur les incitations fiscales. \u201cDe tels entrepreneurs ne tra\u00eenent pas sur une \u00eele des Cara\u00efbes. Ils s\u2019int\u00e9ressent aux normes environnementales dans le secteur automobile ou d\u00e9battent de la politique locale\u201d, r\u00e9sume l\u2019\u00e9conomiste zurichoise Isabel Mart\u00ednez. Le capital social enracin\u00e9 \u2013 r\u00e9seaux professionnels, influence politique, ancrage familial \u2013 l\u2019emporte souvent sur l\u2019attrait des paradis fiscaux.<\/p>\n<p>En somme, \u201cchanger de domicile n\u2019amuse personne. Ce n\u2019est pas quelque chose que les gens ais\u00e9s font volontiers et fr\u00e9quemment\u201d, rappelle Cristobal Young. M\u00eame les membres de la jet-set, comme Eduardo Saverin, cofondateur de Facebook exil\u00e9 \u00e0 Singapour, ne font pas figure de majorit\u00e9.<\/p>\n<p>L\u2019imp\u00f4t peut faire fuir quelques privil\u00e9gi\u00e9s, mais il ne provoque pas d\u2019h\u00e9morragie. L\u2019Allemagne reste la troisi\u00e8me nation en nombre de riches, derri\u00e8re les \u00c9tats-Unis et la Chine. Et ce n\u2019est pas un visa dor\u00e9 ou une promesse de paradis fiscal qui y changera grand-chose. Comme le conclut le quotidien allemand\u00a0: \u201cLe capital est peut-\u00eatre mobile, mais les personnes ne le sont pas autant.\u201d<\/p>\n","protected":false},"excerpt":{"rendered":"Donald Trump d\u00e9roule le tapis rouge aux plus riches. Avec sa \u201cgold card\u201d, un visa sp\u00e9cial co\u00fbtant 5\u00a0millions&hellip;\n","protected":false},"author":2,"featured_media":260323,"comment_status":"","ping_status":"","sticky":false,"template":"","format":"standard","meta":{"footnotes":""},"categories":[1587],"tags":[11,672,1804,1856,1805,1803,1777,674,4315,1801,12,1802,17786,2542],"class_list":{"0":"post-260322","1":"post","2":"type-post","3":"status-publish","4":"format-standard","5":"has-post-thumbnail","7":"category-allemagne","8":"tag-actualites","9":"tag-allemagne","10":"tag-bundesrepublik-deutschland","11":"tag-courrier-expat","12":"tag-de","13":"tag-deutschland","14":"tag-eu","15":"tag-europe","16":"tag-expatriation","17":"tag-germany","18":"tag-news","19":"tag-republique-federale-dallemagne","20":"tag-richesse","21":"tag-u00e9conomie"},"share_on_mastodon":{"url":"https:\/\/pubeurope.com\/@fr\/114883709078759671","error":""},"_links":{"self":[{"href":"https:\/\/www.europesays.com\/fr\/wp-json\/wp\/v2\/posts\/260322","targetHints":{"allow":["GET"]}}],"collection":[{"href":"https:\/\/www.europesays.com\/fr\/wp-json\/wp\/v2\/posts"}],"about":[{"href":"https:\/\/www.europesays.com\/fr\/wp-json\/wp\/v2\/types\/post"}],"author":[{"embeddable":true,"href":"https:\/\/www.europesays.com\/fr\/wp-json\/wp\/v2\/users\/2"}],"replies":[{"embeddable":true,"href":"https:\/\/www.europesays.com\/fr\/wp-json\/wp\/v2\/comments?post=260322"}],"version-history":[{"count":0,"href":"https:\/\/www.europesays.com\/fr\/wp-json\/wp\/v2\/posts\/260322\/revisions"}],"wp:featuredmedia":[{"embeddable":true,"href":"https:\/\/www.europesays.com\/fr\/wp-json\/wp\/v2\/media\/260323"}],"wp:attachment":[{"href":"https:\/\/www.europesays.com\/fr\/wp-json\/wp\/v2\/media?parent=260322"}],"wp:term":[{"taxonomy":"category","embeddable":true,"href":"https:\/\/www.europesays.com\/fr\/wp-json\/wp\/v2\/categories?post=260322"},{"taxonomy":"post_tag","embeddable":true,"href":"https:\/\/www.europesays.com\/fr\/wp-json\/wp\/v2\/tags?post=260322"}],"curies":[{"name":"wp","href":"https:\/\/api.w.org\/{rel}","templated":true}]}}