{"id":260326,"date":"2025-07-20T04:38:10","date_gmt":"2025-07-20T04:38:10","guid":{"rendered":"https:\/\/www.europesays.com\/fr\/260326\/"},"modified":"2025-07-20T04:38:10","modified_gmt":"2025-07-20T04:38:10","slug":"merz-exclut-une-adhesion-rapide-de-lukraine-a-lue","status":"publish","type":"post","link":"https:\/\/www.europesays.com\/fr\/260326\/","title":{"rendered":"Merz exclut une adh\u00e9sion rapide de l&rsquo;Ukraine \u00e0 l&rsquo;UE"},"content":{"rendered":"<p><strong>\u00a0Le chancelier allemand Friedrich Merz a exprim\u00e9 des doutes sur une adh\u00e9sion ukrainienne imminente \u00e0 l\u2019UE, soulignant son improbabilit\u00e9 tant que le conflit persistait.<\/strong><\/p>\n<p>\u00ab\u00a0<strong>Notre priorit\u00e9 absolue est de tout faire pour en terminer avec cette guerre<\/strong>\u00ab\u00a0, a-t-il d\u00e9clar\u00e9 lors d\u2019une conf\u00e9rence de presse avec le pr\u00e9sident roumain Nicusor Dan.<\/p>\n<p>\u00ab\u00a0<strong>Nous discuterons ensuite de la reconstruction\u00a0\u00bb, a-t-il ajout\u00e9, estimant que ce processus prendrait<\/strong> \u00ab\u00a0plusieurs ann\u00e9es\u00a0\u00bb.<\/p>\n<p>Friedrich Merz a insist\u00e9 sur un rapprochement progressif, excluant toute adh\u00e9sion durant les hostilit\u00e9s.<\/p>\n<p>Cette position intervient alors que la Commission europ\u00e9enne a pr\u00e9vu 100 milliards d\u2019euros pour l\u2019Ukraine dans son projet budg\u00e9taire 2028-2034, une initiative critiqu\u00e9e par le premier ministre hongrois Viktor Orban qui y voit une man\u0153uvre pour faciliter l\u2019adh\u00e9sion ukrainienne.<\/p>\n","protected":false},"excerpt":{"rendered":"\u00a0Le chancelier allemand Friedrich Merz a exprim\u00e9 des doutes sur une adh\u00e9sion ukrainienne imminente \u00e0 l\u2019UE, soulignant son&hellip;\n","protected":false},"author":2,"featured_media":260327,"comment_status":"","ping_status":"","sticky":false,"template":"","format":"standard","meta":{"footnotes":""},"categories":[1586],"tags":[11,40043,1777,674,1779,1011,27,18613,12,25,1778,220,364],"class_list":{"0":"post-260326","1":"post","2":"type-post","3":"status-publish","4":"format-standard","5":"has-post-thumbnail","7":"category-europe","8":"tag-actualites","9":"tag-adhesion","10":"tag-eu","11":"tag-europe","12":"tag-european-union","13":"tag-fr","14":"tag-france","15":"tag-merz","16":"tag-news","17":"tag-republique-francaise","18":"tag-ue","19":"tag-ukraine","20":"tag-union-europeenne"},"share_on_mastodon":{"url":"https:\/\/pubeurope.com\/@fr\/114883717431308356","error":""},"_links":{"self":[{"href":"https:\/\/www.europesays.com\/fr\/wp-json\/wp\/v2\/posts\/260326","targetHints":{"allow":["GET"]}}],"collection":[{"href":"https:\/\/www.europesays.com\/fr\/wp-json\/wp\/v2\/posts"}],"about":[{"href":"https:\/\/www.europesays.com\/fr\/wp-json\/wp\/v2\/types\/post"}],"author":[{"embeddable":true,"href":"https:\/\/www.europesays.com\/fr\/wp-json\/wp\/v2\/users\/2"}],"replies":[{"embeddable":true,"href":"https:\/\/www.europesays.com\/fr\/wp-json\/wp\/v2\/comments?post=260326"}],"version-history":[{"count":0,"href":"https:\/\/www.europesays.com\/fr\/wp-json\/wp\/v2\/posts\/260326\/revisions"}],"wp:featuredmedia":[{"embeddable":true,"href":"https:\/\/www.europesays.com\/fr\/wp-json\/wp\/v2\/media\/260327"}],"wp:attachment":[{"href":"https:\/\/www.europesays.com\/fr\/wp-json\/wp\/v2\/media?parent=260326"}],"wp:term":[{"taxonomy":"category","embeddable":true,"href":"https:\/\/www.europesays.com\/fr\/wp-json\/wp\/v2\/categories?post=260326"},{"taxonomy":"post_tag","embeddable":true,"href":"https:\/\/www.europesays.com\/fr\/wp-json\/wp\/v2\/tags?post=260326"}],"curies":[{"name":"wp","href":"https:\/\/api.w.org\/{rel}","templated":true}]}}