{"id":260330,"date":"2025-07-20T04:40:21","date_gmt":"2025-07-20T04:40:21","guid":{"rendered":"https:\/\/www.europesays.com\/fr\/260330\/"},"modified":"2025-07-20T04:40:21","modified_gmt":"2025-07-20T04:40:21","slug":"7-departements-concernes-les-secteurs-qui-seront-particulierement-touches","status":"publish","type":"post","link":"https:\/\/www.europesays.com\/fr\/260330\/","title":{"rendered":"7 d\u00e9partements concern\u00e9s, les secteurs qui seront particuli\u00e8rement touch\u00e9s"},"content":{"rendered":"<p>            Par<br \/>\n        <strong><br \/>\n            <a href=\"https:\/\/actu.fr\/auteur\/david-saint-sernin\" title=\"Consulter tous les articles de David Saint-Sernin\" rel=\"nofollow noopener\" target=\"_blank\">David Saint-Sernin<\/a><br \/>\n        <\/strong><\/p>\n<p>        Publi\u00e9 le<\/p>\n<p>            19 juil. 2025 \u00e0 17h52        <\/p>\n<p>Samedi 19\u00a0juillet 2025, en d\u00e9but de journ\u00e9e, quelques<a href=\"https:\/\/actu.fr\/tag\/orages\" rel=\"nofollow noopener\" target=\"_blank\"> orages<\/a> ont r\u00e9veill\u00e9 le Tarn, le Lot et l\u2019Aveyron. Le secteur de Castres-Mazamet a \u00e9t\u00e9 bien arros\u00e9, et m\u00eame subi quelques chutes de gr\u00eale. Quelques coups de tonnerre ont \u00e9galement \u00e9t\u00e9 entendus en Haute-Garonne.<\/p>\n<p>Une d\u00e9gradation orageuse plus marqu\u00e9e<\/p>\n<p class=\" wall-content\">Cela va se r\u00e9p\u00e9ter ce dimanche 20\u00a0juillet avec, cette fois-ci, une <strong>d\u00e9gradation orageuse plus organis\u00e9e<\/strong>, et plus marqu\u00e9e sur l\u2019Occitanie.<\/p>\n<p class=\" wall-content\">Ce samedi soir, <strong>M\u00e9t\u00e9o France<\/strong> place 7 d\u00e9partements de la r\u00e9gion Occitanie\u00a0sous surveillance. Le Tarn-et-Garonne, le Tarn, l\u2019Aveyron, l\u2019H\u00e9rault, le Gard, la Loz\u00e8re et la Haute-Garonne sont plac\u00e9s en <strong>vigilance jaune aux orages.<\/strong><\/p>\n<p>D\u2019abord dans le Tarn et l\u2019Aveyron<\/p>\n<p class=\" wall-content\">Certains d\u00e9partements comme la Loz\u00e8re, le Gard, l\u2019H\u00e9rault, le Tarn et l\u2019Aveyron seraient frapp\u00e9s d\u00e8s l\u2019apr\u00e8s-midi, particuli\u00e8rement les C\u00e9vennes, le massif de l\u2019Espinouse, les Monts-de-Lacaune, le L\u00e9vezou, le Larzac et l\u2019Aubrac. C\u2019est dans les d\u00e9partements de la Loz\u00e8re et de l\u2019Aveyron que les orages seraient les plus violents, avec potentiellement de bonnes pr\u00e9cipitations pluvieuses.<\/p>\n<p>    <img   decoding=\"async\" loading=\"lazy\" src=\"https:\/\/www.europesays.com\/fr\/wp-content\/uploads\/2025\/07\/capture-decran-2025-07-19-173955-960x640.png\" alt=\"C'est dans le Tarn, l'Aveyron, et les C\u00e9vennes que les orages \u00e9clateront en premier, d\u00e8s l'apr\u00e8s-midi de dimanche. \" width=\"960\" height=\"640\"\/><br \/>\n    C\u2019est dans le Tarn et l\u2019Aveyron que les orages \u00e9clateront en premier, d\u00e8s l\u2019apr\u00e8s-midi de dimanche. (\u00a9M\u00e9t\u00e9o France)Pour la fin de journ\u00e9e en Haute-Garonne<\/p>\n<p class=\" wall-content\">En Haute-Garonne, la d\u00e9gradation orageuse est attendue pour la fin de journ\u00e9e de dimanche, vers 20h. Elle concernerait plus particuli\u00e8rement la moiti\u00e9 nord du d\u00e9partement.<\/p>\n<p>Vid\u00e9os : en ce moment sur Actu<br \/>\n    <img   decoding=\"async\" loading=\"lazy\" src=\"https:\/\/www.europesays.com\/fr\/wp-content\/uploads\/2025\/07\/capture-decran-2025-07-19-171544-960x640.png\" alt=\"Des orages sont attendus en Haute-Garonne et dans six autres d\u00e9partements d'Occitanie plac\u00e9s en vigilance jaune par M\u00e9t\u00e9o France.\" width=\"960\" height=\"640\"\/><br \/>\n    Des orages sont attendus en Haute-Garonne et dans six autres d\u00e9partements d\u2019Occitanie plac\u00e9s en vigilance jaune par M\u00e9t\u00e9o France. (\u00a9M\u00e9t\u00e9o France)<\/p>\n<p class=\" wall-content\">Suivez toute l\u2019actualit\u00e9 de vos villes et m\u00e9dias favoris en vous inscrivant \u00e0 <a href=\"https:\/\/moncompte.actu.fr\" title=\"D\u00e9couvez Mon Actu\" rel=\"nofollow noopener\" data-trk=\"{&quot;cta&quot;:{&quot;action&quot;:&quot;https:\\\/\\\/moncompte.actu.fr&quot;,&quot;category&quot;:&quot;mon compte&quot;,&quot;from&quot;:&quot;article footer&quot;,&quot;name&quot;:&quot;Mon actu&quot;,&quot;type&quot;:&quot;cta&quot;}}\" target=\"_blank\">Mon Actu<\/a>.<\/p>\n","protected":false},"excerpt":{"rendered":"Par David Saint-Sernin Publi\u00e9 le 19 juil. 2025 \u00e0 17h52 Samedi 19\u00a0juillet 2025, en d\u00e9but de journ\u00e9e, quelques&hellip;\n","protected":false},"author":2,"featured_media":260331,"comment_status":"","ping_status":"","sticky":false,"template":"","format":"standard","meta":{"footnotes":""},"categories":[2],"tags":[11,1011,27,12,4594,25,104],"class_list":{"0":"post-260330","1":"post","2":"type-post","3":"status-publish","4":"format-standard","5":"has-post-thumbnail","7":"category-actualites","8":"tag-actualites","9":"tag-fr","10":"tag-france","11":"tag-news","12":"tag-orages","13":"tag-republique-francaise","14":"tag-societe"},"share_on_mastodon":{"url":"https:\/\/pubeurope.com\/@fr\/114883725164801456","error":""},"_links":{"self":[{"href":"https:\/\/www.europesays.com\/fr\/wp-json\/wp\/v2\/posts\/260330","targetHints":{"allow":["GET"]}}],"collection":[{"href":"https:\/\/www.europesays.com\/fr\/wp-json\/wp\/v2\/posts"}],"about":[{"href":"https:\/\/www.europesays.com\/fr\/wp-json\/wp\/v2\/types\/post"}],"author":[{"embeddable":true,"href":"https:\/\/www.europesays.com\/fr\/wp-json\/wp\/v2\/users\/2"}],"replies":[{"embeddable":true,"href":"https:\/\/www.europesays.com\/fr\/wp-json\/wp\/v2\/comments?post=260330"}],"version-history":[{"count":0,"href":"https:\/\/www.europesays.com\/fr\/wp-json\/wp\/v2\/posts\/260330\/revisions"}],"wp:featuredmedia":[{"embeddable":true,"href":"https:\/\/www.europesays.com\/fr\/wp-json\/wp\/v2\/media\/260331"}],"wp:attachment":[{"href":"https:\/\/www.europesays.com\/fr\/wp-json\/wp\/v2\/media?parent=260330"}],"wp:term":[{"taxonomy":"category","embeddable":true,"href":"https:\/\/www.europesays.com\/fr\/wp-json\/wp\/v2\/categories?post=260330"},{"taxonomy":"post_tag","embeddable":true,"href":"https:\/\/www.europesays.com\/fr\/wp-json\/wp\/v2\/tags?post=260330"}],"curies":[{"name":"wp","href":"https:\/\/api.w.org\/{rel}","templated":true}]}}