{"id":260338,"date":"2025-07-20T04:45:13","date_gmt":"2025-07-20T04:45:13","guid":{"rendered":"https:\/\/www.europesays.com\/fr\/260338\/"},"modified":"2025-07-20T04:45:13","modified_gmt":"2025-07-20T04:45:13","slug":"lois-boisson-soffre-la-tete-de-serie-numero-1-et-une-premiere-finale-wta-a-hambourg","status":"publish","type":"post","link":"https:\/\/www.europesays.com\/fr\/260338\/","title":{"rendered":"Lo\u00efs Boisson s&rsquo;offre la t\u00eate de s\u00e9rie num\u00e9ro 1 et une premi\u00e8re finale WTA \u00e0 Hambourg"},"content":{"rendered":"<p>Un peu plus d&rsquo;un mois apr\u00e8s son parcours sensationnel \u00e0 Roland-Garros, Lo\u00efs Boisson va disputer sa premi\u00e8re finale sur le circuit WTA \u00e0 Hambourg. La Fran\u00e7aise a domin\u00e9 l&rsquo;Ukrainienne Dayana Yastremska, t\u00eate de s\u00e9rie num\u00e9ro 1, ce samedi en demi-finale (6-1, 7-6).<\/p>\n<p>R\u00e9v\u00e9lation du dernier Roland-Garros, <a href=\"https:\/\/rmcsport.bfmtv.com\/tennis\/lois-boisson_DN-202506050569.html\" title=\"Lo\u00efs Boisson\" class=\"internal_link\" rel=\"nofollow noopener\" target=\"_blank\">Lo\u00efs Boisson<\/a> (63e mondiale) continue de franchir les \u00e9tapes. De retour sur terre battue avant la tourn\u00e9e am\u00e9ricaine sur dur, la num\u00e9ro une fran\u00e7aise confirme ses bonnes dispositions sur la surface et va disputer la premi\u00e8re finale de sa carri\u00e8re \u00e0 Hambourg (WTA 250) apr\u00e8s sa large victoire contre <a href=\"https:\/\/rmcsport.bfmtv.com\/tennis\/open-australie\/open-d-australie-exploit-de-l-ukrainienne-yastremska-issue-des-qualifications-et-qualifiee-en-demi-finales_AV-202401240046.html\" title=\"Open d&#039;Australie: exploit de l&#039;Ukrainienne Yastremska, issue des qualifications et qualifi\u00e9e en demi-finales\" class=\"internal_link\" rel=\"nofollow noopener\" target=\"_blank\">Dayana Yastremska<\/a> (6-1, 7-6(5)) samedi.<\/p>\n<p><a href=\"https:\/\/rmcsport.bfmtv.com\/tennis\/wimbledon\/sponsors-staff-notoriete-ce-qui-a-change-ou-pas-pour-lois-boisson-depuis-roland-garros_AV-202506240624.html\" title=\"Sponsors, staff, notori\u00e9t\u00e9... Ce qui a chang\u00e9 (ou pas) pour Lo\u00efs Boisson depuis Roland-Garros\" class=\"internal_link\" rel=\"nofollow noopener\" target=\"_blank\">La Dijonnaise<\/a> est parfaitement entr\u00e9e dans sa rencontre face \u00e0 la 39e mondiale, t\u00eate de s\u00e9rie num\u00e9ro 1 du tournoi allemand, remportant cinq jeux de suite pour s&rsquo;adjuger facilement le premier set. Elle a ensuite pris le service de l&rsquo;Ukrainienne d&rsquo;entr\u00e9e au deuxi\u00e8me set mais a craqu\u00e9 au moment de servir pour le match. Le deuxi\u00e8me acte s&rsquo;est finalement d\u00e9cid\u00e9 au tie-break que la Tricolore a bien n\u00e9goci\u00e9. Malgr\u00e9 une premi\u00e8re balle de match rat\u00e9e sur son service, elle a ensuite conclu sur un coup droit trop long de son adversaire.<\/p>\n<p>Une adversaire \u00e0 sa port\u00e9e en finale<\/p>\n<p>361e mondiale avant Roland-Garros, Lo\u00efs Boisson avait atteint le dernier carr\u00e9 du Grand Chelem parisien apr\u00e8s une fabuleuse \u00e9pop\u00e9e et des victoires sur <a href=\"https:\/\/rmcsport.bfmtv.com\/tennis\/roland-garros\/roland-garros-jouer-sur-ce-court-c-etait-fou-l-intense-emotion-de-boisson-apres-son-exploit-face-a-pegula_AP-202506020532.html\" title=\"Roland-Garros: &quot;Jouer sur ce court, c&#039;\u00e9tait fou!&quot;, l&#039;intense \u00e9motion de Boisson apr\u00e8s son exploit face \u00e0 Pegula\" class=\"internal_link\" rel=\"nofollow noopener\" target=\"_blank\">deux joueuses du top 10<\/a> (Jessica Pegula et Mirra Andreeva). Elle ne s&rsquo;\u00e9tait inclin\u00e9e que face \u00e0 la num\u00e9ro 2 mondiale et future vainqueure, l&rsquo;Am\u00e9ricaine <a href=\"https:\/\/rmcsport.bfmtv.com\/tennis\/roland-garros\/direct-roland-garros-suivez-en-direct-les-demi-finales-femmes-avec-lois-boisson-en-live_LN-202506050189.html\" title=\"Lo\u00efs Boisson-Coco Gauff: fin du r\u00eave pour la Fran\u00e7aise, qui s&#039;arr\u00eate aux portes de la finale de Roland-Garros\" class=\"internal_link\" rel=\"nofollow noopener\" target=\"_blank\">Coco Gauff<\/a>.<\/p>\n<p>La Fran\u00e7aise avait ensuite demand\u00e9 une wild-card pour Wimbledon, <a href=\"https:\/\/rmcsport.bfmtv.com\/tennis\/wimbledon\/lois-boisson-non-invitee-a-wimbledon-les-anglais-n-en-ont-rien-a-foutre-assure-julien-benneteau_AV-202506210161.html\" title=\"Lo\u00efs Boisson non invit\u00e9e \u00e0 Wimbledon? &quot;Les Anglais n&#039;en ont rien \u00e0 foutre&quot;, assure Julien Benneteau\" class=\"internal_link\" rel=\"nofollow noopener\" target=\"_blank\">sans succ\u00e8s<\/a>. Elle s&rsquo;\u00e9tait inclin\u00e9e au premier tour des qualifications pour sa grande premi\u00e8re sur gazon. D\u00e9faite d\u00e8s le deuxi\u00e8me tour du tournoi WTA 125 de Bastad la semaine derni\u00e8re, la Tricolore a retrouv\u00e9 sa bonne dynamique cette semaine en Allemagne avec notamment une victoire exp\u00e9ditive en quarts de finale et <a href=\"https:\/\/rmcsport.bfmtv.com\/tennis\/wta\/tennis-boisson-en-quarts-a-hambourg-apres-un-match-tres-tendu-face-a-korpatsch_AV-202507160637.html\" title=\"Tennis: Boisson en quarts \u00e0 Hambourg apr\u00e8s un match tr\u00e8s tendu face \u00e0 Korpatsch\" class=\"internal_link\" rel=\"nofollow noopener\" target=\"_blank\">un combat de trois heures<\/a> remport\u00e9 au 2e tour.<\/p>\n<p>Il ne reste d\u00e9sormais qu&rsquo;une marche \u00e0 Lo\u00efs Boisson pour soulever son premier troph\u00e9e sur le circuit: ce sera dimanche (14h) contre la Hongroise Anna Bondar (77e).<\/p>\n","protected":false},"excerpt":{"rendered":"Un peu plus d&rsquo;un mois apr\u00e8s son parcours sensationnel \u00e0 Roland-Garros, Lo\u00efs Boisson va disputer sa premi\u00e8re finale&hellip;\n","protected":false},"author":2,"featured_media":260339,"comment_status":"","ping_status":"","sticky":false,"template":"","format":"standard","meta":{"footnotes":""},"categories":[1415],"tags":[1011,27,60,1467],"class_list":{"0":"post-260338","1":"post","2":"type-post","3":"status-publish","4":"format-standard","5":"has-post-thumbnail","7":"category-tennis","8":"tag-fr","9":"tag-france","10":"tag-sports","11":"tag-tennis"},"share_on_mastodon":{"url":"https:\/\/pubeurope.com\/@fr\/114883744380850414","error":""},"_links":{"self":[{"href":"https:\/\/www.europesays.com\/fr\/wp-json\/wp\/v2\/posts\/260338","targetHints":{"allow":["GET"]}}],"collection":[{"href":"https:\/\/www.europesays.com\/fr\/wp-json\/wp\/v2\/posts"}],"about":[{"href":"https:\/\/www.europesays.com\/fr\/wp-json\/wp\/v2\/types\/post"}],"author":[{"embeddable":true,"href":"https:\/\/www.europesays.com\/fr\/wp-json\/wp\/v2\/users\/2"}],"replies":[{"embeddable":true,"href":"https:\/\/www.europesays.com\/fr\/wp-json\/wp\/v2\/comments?post=260338"}],"version-history":[{"count":0,"href":"https:\/\/www.europesays.com\/fr\/wp-json\/wp\/v2\/posts\/260338\/revisions"}],"wp:featuredmedia":[{"embeddable":true,"href":"https:\/\/www.europesays.com\/fr\/wp-json\/wp\/v2\/media\/260339"}],"wp:attachment":[{"href":"https:\/\/www.europesays.com\/fr\/wp-json\/wp\/v2\/media?parent=260338"}],"wp:term":[{"taxonomy":"category","embeddable":true,"href":"https:\/\/www.europesays.com\/fr\/wp-json\/wp\/v2\/categories?post=260338"},{"taxonomy":"post_tag","embeddable":true,"href":"https:\/\/www.europesays.com\/fr\/wp-json\/wp\/v2\/tags?post=260338"}],"curies":[{"name":"wp","href":"https:\/\/api.w.org\/{rel}","templated":true}]}}