{"id":260348,"date":"2025-07-20T04:52:09","date_gmt":"2025-07-20T04:52:09","guid":{"rendered":"https:\/\/www.europesays.com\/fr\/260348\/"},"modified":"2025-07-20T04:52:09","modified_gmt":"2025-07-20T04:52:09","slug":"juste-apres-sa-mort-jai-compris-quun-artiste-disparu-est-une-sorte-de-bebe-dont-il-faut-soccuper-sinon-son-oeuvre-disparait-a-son-tour","status":"publish","type":"post","link":"https:\/\/www.europesays.com\/fr\/260348\/","title":{"rendered":"\u00ab\u00a0Juste apr\u00e8s sa mort, j\u2019ai compris qu\u2019un artiste disparu est une sorte de b\u00e9b\u00e9 dont il faut s\u2019occuper. Sinon son \u0153uvre dispara\u00eet \u00e0 son tour\u00a0\u00bb"},"content":{"rendered":"\n<p class=\"article__paragraph article__paragraph--lf \">On pourrait imaginer la fille de Charlotte Perriand alanguie dans la c\u00e9l\u00e8bre chaise longue dessin\u00e9e par sa m\u00e8re en\u00a01928, berc\u00e9e par le flot continu des royalties. Mais c\u2019est une femme affair\u00e9e qui re\u00e7oit dans l\u2019ancien atelier parisien de la designer, devenu, apr\u00e8s la mort de celle-ci, en\u00a01999, son bureau. Pernette Perriand-Barsac, 80\u00a0ans, regard bleu vif, cheveux courts et baskets immacul\u00e9es, d\u00e9gage une certaine autorit\u00e9.<\/p>\n<p class=\"article__paragraph article__paragraph--lf \">Derri\u00e8re elle, la d\u00e9passant d\u2019une t\u00eate, son mari et compagnon de travail, Jacques Barsac, 73\u00a0ans, volubile et aimable. Par pure modestie, il se pr\u00e9sente comme le \u00ab\u00a0grouillot\u00a0\u00bb de leur petite entreprise informelle, vou\u00e9e au patrimoine de Charlotte Perriand. Auteur d\u2019une dizaine d\u2019ouvrages sur son \u0153uvre, dont un catalogue raisonn\u00e9 en quatre volumes (Norma, 2015, 2017, 2019), Jacques Barsac est un bourreau de travail. Et le meilleur connaisseur de \u00ab\u00a0Charlotte\u00a0\u00bb, comme sa femme et lui l\u2019appellent famili\u00e8rement.<\/p>\n<p class=\"article__paragraph article__paragraph--lf \">Dans le milieu du design, ils sont \u00ab\u00a0Pernette et Jacques\u00a0\u00bb, connus pour leur d\u00e9termination. Depuis vingt ans, ces ayants droit ultra-sollicit\u00e9s g\u00e8rent de main de ma\u00eetre la post\u00e9rit\u00e9 de leur m\u00e8re et belle-m\u00e8re. Rien de ce qui se dit, s\u2019\u00e9crit ou se produit sur Charlotte Perriand n\u2019\u00e9chappe \u00e0 leur \u0153il. \u00ab\u00a0Ils contr\u00f4lent\u00a0\u00bb, t\u00e9moigne un salari\u00e9 de la Fondation Louis Vuitton qui les a vus au travail lors de la grande r\u00e9trospective \u00ab\u00a0<a href=\"https:\/\/www.lemonde.fr\/culture\/article\/2019\/10\/02\/charlotte-perriand-un-art-de-vivre-et-de-construire-la-vie_6013847_3246.html\" rel=\"nofollow noopener\" target=\"_blank\">Le Nouveau Monde de Charlotte Perriand<\/a>\u00a0\u00bb (dont Jacques Barsac \u00e9tait cocommissaire), en\u00a02019.<\/p>\n<p>           \u00ab\u00a0J\u2019\u00e9tais toujours l\u00e0 pour elle\u00a0\u00bb        <\/p>\n<p class=\"reading-mode-only \"><strong>Il vous reste 91.68% de cet article \u00e0 lire. La suite est r\u00e9serv\u00e9e aux abonn\u00e9s.<\/strong><\/p>\n","protected":false},"excerpt":{"rendered":"On pourrait imaginer la fille de Charlotte Perriand alanguie dans la c\u00e9l\u00e8bre chaise longue dessin\u00e9e par sa m\u00e8re&hellip;\n","protected":false},"author":2,"featured_media":260349,"comment_status":"","ping_status":"","sticky":false,"template":"","format":"standard","meta":{"footnotes":""},"categories":[1358],"tags":[1348,1384,1385,1386,58,59,1011,27],"class_list":{"0":"post-260348","1":"post","2":"type-post","3":"status-publish","4":"format-standard","5":"has-post-thumbnail","7":"category-arts-et-design","8":"tag-arts","9":"tag-arts-and-design","10":"tag-arts-et-design","11":"tag-design","12":"tag-divertissement","13":"tag-entertainment","14":"tag-fr","15":"tag-france"},"share_on_mastodon":{"url":"https:\/\/pubeurope.com\/@fr\/114883771964450288","error":""},"_links":{"self":[{"href":"https:\/\/www.europesays.com\/fr\/wp-json\/wp\/v2\/posts\/260348","targetHints":{"allow":["GET"]}}],"collection":[{"href":"https:\/\/www.europesays.com\/fr\/wp-json\/wp\/v2\/posts"}],"about":[{"href":"https:\/\/www.europesays.com\/fr\/wp-json\/wp\/v2\/types\/post"}],"author":[{"embeddable":true,"href":"https:\/\/www.europesays.com\/fr\/wp-json\/wp\/v2\/users\/2"}],"replies":[{"embeddable":true,"href":"https:\/\/www.europesays.com\/fr\/wp-json\/wp\/v2\/comments?post=260348"}],"version-history":[{"count":0,"href":"https:\/\/www.europesays.com\/fr\/wp-json\/wp\/v2\/posts\/260348\/revisions"}],"wp:featuredmedia":[{"embeddable":true,"href":"https:\/\/www.europesays.com\/fr\/wp-json\/wp\/v2\/media\/260349"}],"wp:attachment":[{"href":"https:\/\/www.europesays.com\/fr\/wp-json\/wp\/v2\/media?parent=260348"}],"wp:term":[{"taxonomy":"category","embeddable":true,"href":"https:\/\/www.europesays.com\/fr\/wp-json\/wp\/v2\/categories?post=260348"},{"taxonomy":"post_tag","embeddable":true,"href":"https:\/\/www.europesays.com\/fr\/wp-json\/wp\/v2\/tags?post=260348"}],"curies":[{"name":"wp","href":"https:\/\/api.w.org\/{rel}","templated":true}]}}