{"id":260372,"date":"2025-07-20T05:05:13","date_gmt":"2025-07-20T05:05:13","guid":{"rendered":"https:\/\/www.europesays.com\/fr\/260372\/"},"modified":"2025-07-20T05:05:13","modified_gmt":"2025-07-20T05:05:13","slug":"loire-il-y-a-60-ans-le-coup-de-maitre-du-jongleur-de-la-mort-au-dessus-du-barrage-de-grangent","status":"publish","type":"post","link":"https:\/\/www.europesays.com\/fr\/260372\/","title":{"rendered":"Loire. Il y a 60 ans, le coup de ma\u00eetre du \u00ab jongleur de la mort \u00bb au-dessus du barrage de Grangent"},"content":{"rendered":"<p>40 000 spectateurs pour un record du monde. Le dimanche 18 juillet 1965 reste dans la m\u00e9moire de nombreux Lig\u00e9riens tant ils \u00e9taient nombreux, ce jour-l\u00e0, \u00e0 se masser autour du barrage du Grangent pour assister \u00e0 l&rsquo;exploit du funambule Henri Rechatin, plus connu sous son nom d&rsquo;artiste\u00a0: Henry&rsquo;s.<\/p>\n<p>Jamais les pentes qui cernent la retenue d&rsquo;eau n&rsquo;avaient vu une telle affluence. \u00ab Entre le mur du barrage de Grangent et le ch\u00e2teau d&rsquo;Essalois, sur toutes les collines avoisinantes, sur chaque chemin carrossable, des centaines et des centaines de voitures avaient d\u00e9pos\u00e9, d\u00e8s les premi\u00e8res heures de l&rsquo;apr\u00e8s-midi, des milliers de spectateurs venus assister \u00e0 l&rsquo;exploit du jongleur de la mort\u00a0\u00bb, \u00e9crivent nos journalistes \u00c9tienne Massardier et Jean Bertail dans La Tribune &#8211; Le Progr\u00e8s du lundi 19 juillet 1965.<\/p>\n<p>  &#13;<br \/>\n      <a href=\"https:\/\/cdn-s-www.leprogres.fr\/images\/8137b30b-8e7e-4b03-8c0e-eda11ccf7b56\/NW_raw\/le-lundi-19-juillet-1965-au-lendemain-de-l-evenement-la-premiere-page-de-la-tribune-le-progres-s-ouvre-sur-cette-photo-aerienne-captee-depuis-l-avion-du-progres-elle-donne-toute-la-hauteur-de-l-exploit-realise-par-le-funambule-stephanois-photo-archives-la-tribune-le-progres-1750241520.jpg\" title=\"Le lundi 19 juillet 1965, au lendemain de l&#039;\u00e9v\u00e9nement, la premi\u00e8re page de La Tribune - Le Progr\u00e8s s&#039;ouvre sur cette photo a\u00e9rienne capt\u00e9e depuis l&#039;avion du Progr\u00e8s : elle donne toute la hauteur de l&#039;exploit r\u00e9alis\u00e9 par le funambule st\u00e9phanois. Photo archives La Tribune - Le Progr\u00e8s\" class=\"chocolat-image GA-tracking\" data-ga_type=\"click\" data-ga_category=\"D\u00e9tail\" data-ga_action=\"zoomer\" data-ga_label=\"agrandir image\" target=\"_blank\" rel=\"noopener\">&#13;<br \/>\n          <img loading=\"lazy\" decoding=\"async\" src=\"https:\/\/www.europesays.com\/fr\/wp-content\/uploads\/2025\/07\/le-lundi-19-juillet-1965-au-lendemain-de-l-evenement-la-premiere-page-de-la-tribune-le-progres-s-ouv.jpeg\" data-mobile=\"NW_listC_M|1750241520\" data-base=\"NW_listC|1750241520\" alt=\"Le lundi 19 juillet 1965, au lendemain de l'\u00e9v\u00e9nement, la premi\u00e8re page de La Tribune - Le Progr\u00e8s s'ouvre sur cette photo a\u00e9rienne capt\u00e9e depuis l'avion du Progr\u00e8s : elle donne toute la hauteur de l'exploit r\u00e9alis\u00e9 par le funambule st\u00e9phanois. Photo archives La Tribune - Le Progr\u00e8s\"\/>&#13;<br \/>\n      <\/a>&#13;<\/p>\n<p>Le lundi 19 juillet 1965, au lendemain de l&rsquo;\u00e9v\u00e9nement, la premi\u00e8re page de La Tribune &#8211; Le Progr\u00e8s s&rsquo;ouvre sur cette photo a\u00e9rienne capt\u00e9e depuis l&rsquo;avion du Progr\u00e8s : elle donne toute la hauteur de l&rsquo;exploit r\u00e9alis\u00e9 par le funambule st\u00e9phanois. Photo archives La Tribune &#8211; Le Progr\u00e8s<\/p>\n<p>&#13;<\/p>\n<p>  Une travers\u00e9e de 1600 m\u00e8tres, \u00e0 200 m\u00e8tres au-dessus du vide<\/p>\n<p>La foule est \u00e0 la hauteur de l&rsquo;enjeu&#8230; et du suspens. En effet, dans la matin\u00e9e, Henry&rsquo;s a d\u00fb encaisser une mauvaise nouvelle : \u00ab l&rsquo;absence de l&rsquo;h\u00e9licopt\u00e8re de la protection civile qui nous avait \u00e9t\u00e9 promis. En cas de coup dur, cet h\u00e9licopt\u00e8re \u00e9tait ma seule chance de salut. Je me dois donc de n&rsquo;accuser aucune d\u00e9faillance, sinon ce sera mon dernier exploit\u00a0\u00bb.<\/p>\n<p>\u00c0\u00a016 h 47, Henry&rsquo;s s&rsquo;\u00e9lance. Il salue les organisateurs de l&rsquo;\u00e9v\u00e9nement (l&rsquo;association nationale d&rsquo;action sociale du personnel de la s\u00fbret\u00e9 nationale), embrasse sa femme Janyck, et s&rsquo;avance sur son c\u00e2ble, long de 1600 m\u00e8tres et suspendu \u00e0 200 m\u00e8tres au-dessus du vide.Pantalon rouge, blouson blanc, tenant dans ses bras les deux balanciers (17 kilos), il avance pas apr\u00e8s pas, survolant la centaine de voiliers et de bateaux \u00e0 moteur lanc\u00e9s sur les eaux du barrage pour admirer le spectacle. Dans les airs, l&rsquo;avion du Progr\u00e8s survole aussi la sc\u00e8ne pour immortaliser l&rsquo;instant.<\/p>\n<p>Les minutes d\u00e9filent. Et Henry&rsquo;s continue sa progression. \u00ab\u00a0\u00c0 18h27, heure \u00e0 laquelle Henry&rsquo;s esp\u00e9rait en avoir termin\u00e9 avec son \u00e9preuve, un peu plus de la moiti\u00e9 du parcours seulement \u00e9tait parcouru. Les spectateurs s&rsquo;inqui\u00e9taient\u00a0: \u00ab\u00a0ne sera-t-il point trop fatigu\u00e9, apr\u00e8s tant d&rsquo;efforts, pour arriver au ch\u00e2teau ?\u00a0\u00bb. Mais Henry&rsquo;s, imperturbable tel un automate, avan\u00e7ait, avan\u00e7ait toujours&#8230;\u00a0\u00bb<\/p>\n<p>  &#13;<br \/>\n      <a href=\"https:\/\/cdn-s-www.leprogres.fr\/images\/248dd7e8-c80b-4200-a7f0-e064c706725a\/NW_raw\/a-peine-le-premier-defi-releve-henry-s-retourne-sur-son-cable-a-moto-cette-fois-avec-son-epouse-janyck-suspendue-sur-un-trapeze-photo-archives-la-tribune-le-progres-1752960268.jpg\" title=\"A peine le premier d\u00e9fi relev\u00e9, Henry&#039;s retourne sur son c\u00e2ble, \u00e0 moto cette fois, avec son \u00e9pouse Janyck suspendue sur un trap\u00e8ze. Photo archives La Tribune - Le Progr\u00e8s\" class=\"chocolat-image GA-tracking\" data-ga_type=\"click\" data-ga_category=\"D\u00e9tail\" data-ga_action=\"zoomer\" data-ga_label=\"agrandir image\" target=\"_blank\" rel=\"noopener\">&#13;<br \/>\n          <img loading=\"lazy\" decoding=\"async\" src=\"https:\/\/www.europesays.com\/fr\/wp-content\/uploads\/2025\/07\/a-peine-le-premier-defi-releve-henry-s-retourne-sur-son-cable-a-moto-cette-fois-avec-son-epouse-jany.jpeg\" data-mobile=\"NW_listC_M|1752960268\" data-base=\"NW_listC|1752960268\" alt=\"A peine le premier d\u00e9fi relev\u00e9, Henry's retourne sur son c\u00e2ble, \u00e0 moto cette fois, avec son \u00e9pouse Janyck suspendue sur un trap\u00e8ze. Photo archives La Tribune - Le Progr\u00e8s\"\/>&#13;<br \/>\n      <\/a>&#13;<\/p>\n<p>A peine le premier d\u00e9fi relev\u00e9, Henry&rsquo;s retourne sur son c\u00e2ble, \u00e0 moto cette fois, avec son \u00e9pouse Janyck suspendue sur un trap\u00e8ze. Photo archives La Tribune &#8211; Le Progr\u00e8s<\/p>\n<p>&#13;<\/p>\n<p>  Sa travers\u00e9e termin\u00e9e, il r\u00e9it\u00e8re l&rsquo;exploit en moto<\/p>\n<p>Puis arrive la d\u00e9livrance. Il est 19h03\u00a0: \u00ab fatigu\u00e9, certes, mais toujours souriant, Henry(&lsquo;s embrasse sa femme. Entre une double haie de spectateurs enthousiastes, il est mitraill\u00e9 par les flashes des photographes et doit r\u00e9pondre aux interviews de la radio, de la t\u00e9l\u00e9vision et de la presse \u00e9crite\u00a0\u00bb. Le voil\u00e0 d\u00e9tenteur d&rsquo;un record du monde\u00a0: il vient de surpasser le pr\u00e9c\u00e9dent record de (1250 m\u00e8tres de long \u00e0 200 m\u00e8tres de hauteur) d\u00e9tenu par le Tch\u00e8que Rudy Omankowsky depuis sa travers\u00e9e du <a href=\"https:\/\/www.leprogres.fr\/p\/lac-de-gerardmer\" target=\"_blank\" rel=\"noopener\">lac de G\u00e9rardmer<\/a> (Vosges), en 1962.<\/p>\n<p>\u00ab Deux heures et seize minutes de fatigue, d&rsquo;\u00e9quilibre et de courage tranquille auront \u00e9t\u00e9 n\u00e9cessaires pour faire d&rsquo;Henry&rsquo;s le plus grand champion du funambulisme international\u00a0\u00bb. Comme si cela ne suffisait pas, moins d&rsquo;une heure apr\u00e8s son record, Henry&rsquo;s rel\u00e8ve un nouveau d\u00e9fi\u00a0: avec son \u00e9pouse Janyck, il r\u00e9it\u00e8re la travers\u00e9e au guidon d&rsquo;une moto\u00a0: \u00ab la jeune femme suspendue au trap\u00e8ze sous la moto et lui, s\u00fbr de son triomphe et de cet avenir qu&rsquo;il pr\u00e9pare depuis tant d&rsquo;ann\u00e9es, \u00e0 force de courage, de patience, de pers\u00e9v\u00e9rance, bravant le danger et se jouant des exploits les plus audacieux\u00a0\u00bb.<\/p>\n<p class=\"insetTitle\">Sous le regard d&rsquo;une foule immense&#8230; et de Michel Drucker<\/p>\n<p>L&rsquo;exploit d&rsquo;Henry&rsquo;s (qu&rsquo;il r\u00e9it\u00e8rera ensuite en 1995), aura donc marqu\u00e9 des g\u00e9n\u00e9rations de St\u00e9phanois. Et d\u00e8s le lendemain, on mesure tout le retentissement de l&rsquo;\u00e9v\u00e9nement\u00a0: \u00ab On ne pouvait que songer, avec cette moto qui partait au loin, qu&rsquo;avec elle, Henry&rsquo;s portait un titre de champion du monde, qu&rsquo;il devenait aussi une gloire pour notre r\u00e9gion, et que longtemps, dans les ann\u00e9es \u00e0 venir, Grangent s&rsquo;inscrirait gr\u00e2ce \u00e0 lui parmi l&rsquo;histoire des hauts faits de la bravoure\u00a0\u00bb, \u00e9crit notamment Jean Bertail (*) dans La Tribune &#8211; Le Progr\u00e8s du lundi 19 juillet 1965. <\/p>\n<p>Douze minutes dans Les coulisses de l&rsquo;exploit<\/p>\n<p>Au point que l&rsquo;\u00e9v\u00e9nement a aussi fait les belles heures de la t\u00e9l\u00e9vision. <a href=\"https:\/\/www.leprogres.fr\/p\/michel-drucker\" target=\"_blank\" rel=\"noopener\">Michel Drucker<\/a> \u00e9tait ainsi pr\u00e9sent, le dimanche 18 juillet 1965, sur les collines d&rsquo;Essalois, pour immortaliser cette folle \u00e9pop\u00e9e avec les cam\u00e9ras de l&rsquo;ORTF. Le reportage de quasiment douze minutes est ensuite diffus\u00e9 dans l&rsquo;\u00e9mission Les coulisses de l&rsquo;exploit (disponible sur <a href=\"https:\/\/www.ina.fr\/ina-eclaire-actu\/video\/cpf04007713\/un-homme-sur-un-fil\" target=\"_blank\" rel=\"noopener\">le site Internet de l&rsquo;Ina<\/a>).<\/p>\n<p class=\"note\">(*) En 1980, Jean Bertail \u00e9crira un livre\u00a0: Henry&rsquo;s, le funambule aux exploits.<\/p>\n","protected":false},"excerpt":{"rendered":"40 000 spectateurs pour un record du monde. Le dimanche 18 juillet 1965 reste dans la m\u00e9moire de&hellip;\n","protected":false},"author":2,"featured_media":260373,"comment_status":"","ping_status":"","sticky":false,"template":"","format":"standard","meta":{"footnotes":""},"categories":[9653],"tags":[1111,11,2430,7539,1777,674,107,1011,27,937,1757,3367,12,25,11985,4001,7538,29878,273,10806,3140],"class_list":{"0":"post-260372","1":"post","2":"type-post","3":"status-publish","4":"format-standard","5":"has-post-thumbnail","7":"category-saint-etienne","8":"tag-actu","9":"tag-actualites","10":"tag-auvergne-rhone-alpes","11":"tag-edition-loire-sud","12":"tag-eu","13":"tag-europe","14":"tag-fil-info","15":"tag-fr","16":"tag-france","17":"tag-histoire","18":"tag-insolite","19":"tag-loire","20":"tag-news","21":"tag-republique-francaise","22":"tag-retro","23":"tag-saint-etienne","24":"tag-saint-etienne-ville","25":"tag-saint-victor-sur-loire","26":"tag-selection-de-la-redaction","27":"tag-selection-de-la-redaction-42","28":"tag-spectacle"},"share_on_mastodon":{"url":"https:\/\/pubeurope.com\/@fr\/114883823193279181","error":""},"_links":{"self":[{"href":"https:\/\/www.europesays.com\/fr\/wp-json\/wp\/v2\/posts\/260372","targetHints":{"allow":["GET"]}}],"collection":[{"href":"https:\/\/www.europesays.com\/fr\/wp-json\/wp\/v2\/posts"}],"about":[{"href":"https:\/\/www.europesays.com\/fr\/wp-json\/wp\/v2\/types\/post"}],"author":[{"embeddable":true,"href":"https:\/\/www.europesays.com\/fr\/wp-json\/wp\/v2\/users\/2"}],"replies":[{"embeddable":true,"href":"https:\/\/www.europesays.com\/fr\/wp-json\/wp\/v2\/comments?post=260372"}],"version-history":[{"count":0,"href":"https:\/\/www.europesays.com\/fr\/wp-json\/wp\/v2\/posts\/260372\/revisions"}],"wp:featuredmedia":[{"embeddable":true,"href":"https:\/\/www.europesays.com\/fr\/wp-json\/wp\/v2\/media\/260373"}],"wp:attachment":[{"href":"https:\/\/www.europesays.com\/fr\/wp-json\/wp\/v2\/media?parent=260372"}],"wp:term":[{"taxonomy":"category","embeddable":true,"href":"https:\/\/www.europesays.com\/fr\/wp-json\/wp\/v2\/categories?post=260372"},{"taxonomy":"post_tag","embeddable":true,"href":"https:\/\/www.europesays.com\/fr\/wp-json\/wp\/v2\/tags?post=260372"}],"curies":[{"name":"wp","href":"https:\/\/api.w.org\/{rel}","templated":true}]}}