{"id":260376,"date":"2025-07-20T05:07:10","date_gmt":"2025-07-20T05:07:10","guid":{"rendered":"https:\/\/www.europesays.com\/fr\/260376\/"},"modified":"2025-07-20T05:07:10","modified_gmt":"2025-07-20T05:07:10","slug":"nancy-un-incendie-se-declare-avenue-du-general-leclerc-le-pire-evite-grace-a-une-chaine-humaine","status":"publish","type":"post","link":"https:\/\/www.europesays.com\/fr\/260376\/","title":{"rendered":"Nancy. Un incendie se d\u00e9clare avenue du G\u00e9n\u00e9ral Leclerc, le pire \u00e9vit\u00e9 gr\u00e2ce \u00e0 une cha\u00eene humaine"},"content":{"rendered":"<p>Sur les coups de 0 h 40, l\u2019alerte est donn\u00e9e pour la caserne de Vandoeuvre, rapidement \u00e9paul\u00e9e par une \u00e9quipe de la caserne de Rives de Meurthe-Nancy : un incendie vient de se d\u00e9clarer au premier \u00e9tage d\u2019un immeuble de quatre appartements et deux \u00e9tages.<\/p>\n<p>Un voisin avait pr\u00e9alablement donn\u00e9 l\u2019alerte, et pr\u00e9venu spontan\u00e9ment la police nationale, rapidement sur les lieux. Celle-ci a permis l\u2019extraction de trois habitants, non sans mal comme l\u2019expliquait l\u2019un des agents venus \u00e0 leur secours : \u00ab Les personnes ne savaient plus se diriger, prises dans la fum\u00e9e opaque, c\u2019\u00e9tait vraiment impressionnant \u00bb. Juste avant, quatre locataires avaient r\u00e9ussi \u00e0 sortir d\u2019eux-m\u00eames de l\u2019habitation.<\/p>\n<p>Restait une derni\u00e8re personne bloqu\u00e9e au deuxi\u00e8me \u00e9tage, rapidement secourue par les pompiers de Vandoeuvre qui avaient alors d\u00e9ploy\u00e9 la grande \u00e9chelle. Choqu\u00e9e, la personne \u00e9tait ensuite rapidement prise en charge par les secours m\u00e9dicaux.<\/p>\n<p>Les soldats du feu ont ensuite eu peine \u00e0 avancer dans l\u2019immeuble, frein\u00e9s par d\u2019incessants arcs \u00e9lectriques dont les claquements violents et secs r\u00e9sonnaient dans la rue. A 1 h 25, les pompiers, sous la responsabilit\u00e9 du lieutenant Cyril Caudal, avaient maitris\u00e9 le feu ravageur du premier \u00e9tage de l\u2019immeuble. L\u2019origine du feu reste \u00e0 d\u00e9terminer.<\/p>\n","protected":false},"excerpt":{"rendered":"Sur les coups de 0 h 40, l\u2019alerte est donn\u00e9e pour la caserne de Vandoeuvre, rapidement \u00e9paul\u00e9e par&hellip;\n","protected":false},"author":2,"featured_media":260377,"comment_status":"","ping_status":"","sticky":false,"template":"","format":"standard","meta":{"footnotes":""},"categories":[9635],"tags":[1111,11,1704,1777,674,274,1011,27,775,3457,1702,12,25],"class_list":{"0":"post-260376","1":"post","2":"type-post","3":"status-publish","4":"format-standard","5":"has-post-thumbnail","7":"category-nancy","8":"tag-actu","9":"tag-actualites","10":"tag-edition-nancy-et-agglomeration","11":"tag-eu","12":"tag-europe","13":"tag-faits-divers-justice","14":"tag-fr","15":"tag-france","16":"tag-grand-est","17":"tag-meurthe-et-moselle","18":"tag-nancy","19":"tag-news","20":"tag-republique-francaise"},"share_on_mastodon":{"url":"https:\/\/pubeurope.com\/@fr\/114883830968332107","error":""},"_links":{"self":[{"href":"https:\/\/www.europesays.com\/fr\/wp-json\/wp\/v2\/posts\/260376","targetHints":{"allow":["GET"]}}],"collection":[{"href":"https:\/\/www.europesays.com\/fr\/wp-json\/wp\/v2\/posts"}],"about":[{"href":"https:\/\/www.europesays.com\/fr\/wp-json\/wp\/v2\/types\/post"}],"author":[{"embeddable":true,"href":"https:\/\/www.europesays.com\/fr\/wp-json\/wp\/v2\/users\/2"}],"replies":[{"embeddable":true,"href":"https:\/\/www.europesays.com\/fr\/wp-json\/wp\/v2\/comments?post=260376"}],"version-history":[{"count":0,"href":"https:\/\/www.europesays.com\/fr\/wp-json\/wp\/v2\/posts\/260376\/revisions"}],"wp:featuredmedia":[{"embeddable":true,"href":"https:\/\/www.europesays.com\/fr\/wp-json\/wp\/v2\/media\/260377"}],"wp:attachment":[{"href":"https:\/\/www.europesays.com\/fr\/wp-json\/wp\/v2\/media?parent=260376"}],"wp:term":[{"taxonomy":"category","embeddable":true,"href":"https:\/\/www.europesays.com\/fr\/wp-json\/wp\/v2\/categories?post=260376"},{"taxonomy":"post_tag","embeddable":true,"href":"https:\/\/www.europesays.com\/fr\/wp-json\/wp\/v2\/tags?post=260376"}],"curies":[{"name":"wp","href":"https:\/\/api.w.org\/{rel}","templated":true}]}}