{"id":260378,"date":"2025-07-20T05:08:10","date_gmt":"2025-07-20T05:08:10","guid":{"rendered":"https:\/\/www.europesays.com\/fr\/260378\/"},"modified":"2025-07-20T05:08:10","modified_gmt":"2025-07-20T05:08:10","slug":"de-nouveaux-travaux-annonces-dans-une-zone-frequentee-voici-les-perturbations-prevues","status":"publish","type":"post","link":"https:\/\/www.europesays.com\/fr\/260378\/","title":{"rendered":"de nouveaux travaux annonc\u00e9s dans une zone fr\u00e9quent\u00e9e, voici les perturbations pr\u00e9vues"},"content":{"rendered":"<p>            Par<br \/>\n        <strong><br \/>\n            <a href=\"https:\/\/actu.fr\/auteur\/emil-vautrin\" title=\"Consulter tous les articles de Emil Vautrin\" target=\"_blank\" rel=\"noopener\">Emil Vautrin<\/a><br \/>\n        <\/strong><\/p>\n<p>        Publi\u00e9 le<\/p>\n<p>            20 juil. 2025 \u00e0 7h02        <\/p>\n<p>Alors que des travaux de maintenance du <a href=\"https:\/\/actu.fr\/grand-est\/nancy_54395\/reseau-stan-le-trolleybus-va-augmenter-sa-frequence-des-la-rentree-scolaire-on-fait-le-point_62861252.html\" target=\"_blank\" rel=\"noopener\">trolley<\/a> viennent d\u2019avoir lieu \u00e0 <a href=\"https:\/\/actu.fr\/grand-est\/nancy_54395\" target=\"_blank\" rel=\"noopener\">Nancy<\/a> et que d\u2019autres ont d\u00e9j\u00e0 \u00e9t\u00e9 annonc\u00e9s pour <a href=\"https:\/\/actu.fr\/grand-est\/nancy_54395\/a-nancy-ce-boulevard-tres-frequente-va-etre-transforme-on-vous-presente-le-nouveau-projet_62788175.html\" target=\"_blank\" rel=\"noopener\">l\u2019automne<\/a>, une nouvelle salve aura lieu du 21 juillet au 8 ao\u00fbt.<\/p>\n<p class=\" wall-content\">Ils se d\u00e9rouleront dans le quartier Mar\u00e9chal Juin \/ G\u00e9n\u00e9ral Fabvier en raison du maillage de deux r\u00e9seaux par GRDF.<\/p>\n<p>Le stationnement l\u00e9g\u00e8rement restreint et la circulation modifi\u00e9e<\/p>\n<p class=\" wall-content\">Pendant la dur\u00e9e de l\u2019op\u00e9ration, il sera <strong>interdit de stationner<\/strong> avenue du Mar\u00e9chal Juin, du n\u00b014 au n\u00b020 bis. La <strong>circulation<\/strong> sera quant \u00e0 elle plus impact\u00e9e : elle sera interdite avenue du Mar\u00e9chal Juin, entre le n\u00b020 et la rue du G\u00e9n\u00e9ral Fabvier.<\/p>\n<p class=\" wall-content\">Entre la rue Emile Cou\u00e9 et le n\u00b020 de l\u2019avenue du Mar\u00e9chal Juin, la circulation sera \u00e0 <strong>double sens, mais sans issue<\/strong>. L\u2019acc\u00e8s des riverains sera maintenu par la rue Emile Cou\u00e9 sur la portion de l\u2019avenue du Mar\u00e9chal Juin entre la rue Jeanne d\u2019Arc et le n\u00b020.<\/p>\n<p class=\" wall-content\">Enfin, la sortie des riverains de la rue Emile Cou\u00e9 et de l\u2019avenue du Mar\u00e9chal Juin (partie comprise entre le n\u00b020 et la rue Jeanne d\u2019Arc) sera \u00e9galement maintenue par la rue Jeanne d\u2019Arc.<\/p>\n<p>Vid\u00e9os : en ce moment sur Actu<\/p>\n<p class=\" wall-content\">Un <strong>feu tricolore temporaire<\/strong> sera install\u00e9 au croisement de l\u2019avenue du Mar\u00e9chal Juin et de la rue Jeanne d\u2019Arc.<\/p>\n<p class=\" wall-content\">Suivez toute l\u2019actualit\u00e9 de vos villes et m\u00e9dias favoris en vous inscrivant \u00e0 <a href=\"https:\/\/moncompte.actu.fr\" title=\"D\u00e9couvez Mon Actu\" rel=\"nofollow noopener\" data-trk=\"{&quot;cta&quot;:{&quot;action&quot;:&quot;https:\\\/\\\/moncompte.actu.fr&quot;,&quot;category&quot;:&quot;mon compte&quot;,&quot;from&quot;:&quot;article footer&quot;,&quot;name&quot;:&quot;Mon actu&quot;,&quot;type&quot;:&quot;cta&quot;}}\" target=\"_blank\">Mon Actu<\/a>.<\/p>\n","protected":false},"excerpt":{"rendered":"Par Emil Vautrin Publi\u00e9 le 20 juil. 2025 \u00e0 7h02 Alors que des travaux de maintenance du trolley&hellip;\n","protected":false},"author":2,"featured_media":260379,"comment_status":"","ping_status":"","sticky":false,"template":"","format":"standard","meta":{"footnotes":""},"categories":[9635],"tags":[1111,11,3542,1777,674,1011,27,775,1702,12,25,104,6173,2086],"class_list":{"0":"post-260378","1":"post","2":"type-post","3":"status-publish","4":"format-standard","5":"has-post-thumbnail","7":"category-nancy","8":"tag-actu","9":"tag-actualites","10":"tag-circulation","11":"tag-eu","12":"tag-europe","13":"tag-fr","14":"tag-france","15":"tag-grand-est","16":"tag-nancy","17":"tag-news","18":"tag-republique-francaise","19":"tag-societe","20":"tag-stationnement","21":"tag-travaux"},"share_on_mastodon":{"url":"https:\/\/pubeurope.com\/@fr\/114883834862941618","error":""},"_links":{"self":[{"href":"https:\/\/www.europesays.com\/fr\/wp-json\/wp\/v2\/posts\/260378","targetHints":{"allow":["GET"]}}],"collection":[{"href":"https:\/\/www.europesays.com\/fr\/wp-json\/wp\/v2\/posts"}],"about":[{"href":"https:\/\/www.europesays.com\/fr\/wp-json\/wp\/v2\/types\/post"}],"author":[{"embeddable":true,"href":"https:\/\/www.europesays.com\/fr\/wp-json\/wp\/v2\/users\/2"}],"replies":[{"embeddable":true,"href":"https:\/\/www.europesays.com\/fr\/wp-json\/wp\/v2\/comments?post=260378"}],"version-history":[{"count":0,"href":"https:\/\/www.europesays.com\/fr\/wp-json\/wp\/v2\/posts\/260378\/revisions"}],"wp:featuredmedia":[{"embeddable":true,"href":"https:\/\/www.europesays.com\/fr\/wp-json\/wp\/v2\/media\/260379"}],"wp:attachment":[{"href":"https:\/\/www.europesays.com\/fr\/wp-json\/wp\/v2\/media?parent=260378"}],"wp:term":[{"taxonomy":"category","embeddable":true,"href":"https:\/\/www.europesays.com\/fr\/wp-json\/wp\/v2\/categories?post=260378"},{"taxonomy":"post_tag","embeddable":true,"href":"https:\/\/www.europesays.com\/fr\/wp-json\/wp\/v2\/tags?post=260378"}],"curies":[{"name":"wp","href":"https:\/\/api.w.org\/{rel}","templated":true}]}}