{"id":260384,"date":"2025-07-20T05:15:38","date_gmt":"2025-07-20T05:15:38","guid":{"rendered":"https:\/\/www.europesays.com\/fr\/260384\/"},"modified":"2025-07-20T05:15:38","modified_gmt":"2025-07-20T05:15:38","slug":"national-le-calendrier-complet-du-sm-caen-avec-aubagne-pour-debuter-le-derby-face-a-rouen-un","status":"publish","type":"post","link":"https:\/\/www.europesays.com\/fr\/260384\/","title":{"rendered":"National. Le calendrier complet du SM Caen avec Aubagne pour d\u00e9buter, le derby face \u00e0 Rouen un"},"content":{"rendered":"<p>Pour la premi\u00e8re fois depuis 1984, <a href=\"https:\/\/caen.maville.com\/sport\/detail_-sm-caen.-clubs-calendrier-statut-pro-diffusion-tv...-le-national-pour-les-nuls-_52656-6825149_actu.Htm\" target=\"_self\" rel=\"noopener\">le Stade Malherbe Caen retrouve la troisi\u00e8me division<\/a>. Sous l\u2019\u00e9gide de la F\u00e9d\u00e9ration fran\u00e7aise de football, le National vient tout juste de pr\u00e9senter son calendrier pour la saison 2025-2026, ce jeudi 17\u00a0juillet. Alors pour tous les supporters malherbistes qui tr\u00e9pignaient d\u2019impatience, rassurez vous tout le programme est ici.<\/p>\n<p><strong>Lire aussi\u00a0:<\/strong>\u00a0<a href=\"https:\/\/caen.maville.com\/sport\/detail_-sm-caen.-apres-la-defaite-en-amical-des-premieres-indications-avant-la-finalisation-de-l-effectif-_52656-6897748_actu.Htm\" target=\"_self\" rel=\"noopener\">SM Caen. Apr\u00e8s la d\u00e9faite en amical, des premi\u00e8res indications avant la finalisation de l\u2019effectif<\/a><\/p>\n<p>Encha\u00eenements Dijon, Sochaux, Valenciennes<\/p>\n<p>Les hommes de Maxime d\u2019Ornano d\u00e9buteront \u00e0 domicile face \u00e0 Aubagne, l\u2019une des sept formations non professionnelles de la division, le vendredi 8\u00a0ao\u00fbt, avant de refermer leur saison dans les Bouches-du-Rh\u00f4ne face \u00e0 cette m\u00eame \u00e9quipe, le vendredi 15\u00a0mai 2026, car, en National, le calendrier est parfaitement sym\u00e9trique. Malherbe aura le droit \u00e0 un premier derby, \u00e0 Quevilly-Rouen, d\u00e8s le vendredi 15\u00a0ao\u00fbt, tandis que le plus attendu, \u00e0 d\u2019Ornano face \u00e0 Rouen, interviendra le mardi 21\u00a0octobre (J11), lors de la seule journ\u00e9e en milieu de semaine de la saison.<\/p>\n<p>\u00c0 noter que l\u2019entr\u00e9e en Coupe de France a lieu au 5e tour pour les \u00e9quipes de National et que la fin des matches aller (J17) se disputera du c\u00f4t\u00e9 du stade Guy-Piriou \u00e0 Concarneau pour les Rouge et Bleu. Enfin, les mois de septembre et f\u00e9vrier pourraient \u00eatre importants avec un encha\u00eenement de trois gros du championnat que sont Dijon, Sochaux et Valenciennes.<\/p>\n<p>\n                Nous avons bloqu\u00e9 l\u2019affichage de ce contenu pour respecter vos choix en mati\u00e8re de cookies.<br \/>En cliquant sur \u00abConsulter\u00bb, vous acceptez le d\u00e9p\u00f4t de cookies par des services de r\u00e9seaux sociaux tels que Twitter.<br \/>\n                Consulter\n            <\/p>\n<blockquote class=\"twitter-tweet\" wp_automatic_readability=\"2.890625\">\n<p lang=\"fr\" dir=\"ltr\">Le calendrier 25\/26 est disponible ???<a href=\"https:\/\/twitter.com\/hashtag\/SMCaen?src=hash&amp;ref_src=twsrc%5Etfw\" target=\"_blank\" rel=\"noopener\">#SMCaen<\/a> <a href=\"https:\/\/twitter.com\/hashtag\/TeamSMC?src=hash&amp;ref_src=twsrc%5Etfw\" target=\"_blank\" rel=\"noopener\">#TeamSMC<\/a> <a href=\"https:\/\/t.co\/jUxENGVfwB\">pic.twitter.com\/jUxENGVfwB<\/a><\/p>\n<p>\u2014 Stade Malherbe Caen (@SMCaen) <a href=\"https:\/\/twitter.com\/SMCaen\/status\/1945848217976942771?ref_src=twsrc%5Etfw\" target=\"_blank\" rel=\"noopener\">July 17, 2025<\/a><\/p><\/blockquote>\n<p>Le calendrier complet<\/p>\n<p>J1. Vendredi 8\u00a0ao\u00fbt\u00a0: <strong>SM Caen<\/strong> &#8211; Aubagne<\/p>\n<p>J2. Vendredi 15\u00a0ao\u00fbt\u00a0: Quevilly-Rouen &#8211; <strong>SM Caen<\/strong><\/p>\n<p>J3. Vendredi 22\u00a0ao\u00fbt\u00a0: <strong>SM Caen<\/strong> &#8211; Versailles<\/p>\n<p>J4. Vendredi 29\u00a0ao\u00fbt\u00a0: Fleury &#8211; <strong>SM Caen<\/strong><\/p>\n<p>J5. Vendredi 5\u00a0septembre\u00a0: <strong>SM Caen<\/strong> &#8211; Dijon<\/p>\n<p>J6. Vendredi 12\u00a0septembre\u00a0: Sochaux &#8211; <strong>SM Caen<\/strong><\/p>\n<p>J7. Vendredi 19\u00a0septembre\u00a0: <strong>SM Caen<\/strong> &#8211; Valenciennes<\/p>\n<p>J8. Vendredi 26\u00a0septembre\u00a0: Ch\u00e2teauroux &#8211; <strong>SM Caen<\/strong><\/p>\n<p>J9. Vendredi 3\u00a0octobre\u00a0: <strong>SM Caen<\/strong> &#8211; Le Puy<\/p>\n<p>Coupe de France. Samedi 11\u00a0octobre\u00a0: Entr\u00e9e en lice au 5e tour<\/p>\n<p>J10. Vendredi 17\u00a0octobre\u00a0: Orl\u00e9ans &#8211; <strong>SM Caen<\/strong><\/p>\n<p>J11. Mardi 21\u00a0octobre\u00a0: <strong>SM Caen <\/strong>&#8211; Rouen<\/p>\n<p>J12. Vendredi 31\u00a0octobre\u00a0: Saint-Brieuc &#8211; <strong>SM Caen<\/strong><\/p>\n<p>J13. Vendredi 7\u00a0novembre\u00a0: <strong>SM Caen<\/strong> &#8211; Paris 13\u00a0Atletico<\/p>\n<p>J14. Vendredi 21\u00a0novembre\u00a0: <strong>SM Caen<\/strong> &#8211; Bourg-en-Bresse<\/p>\n<p>J15. Vendredi 5\u00a0d\u00e9cembre\u00a0: Villefranche-Beaujolais &#8211; <strong>SM Caen<\/strong><\/p>\n<p>J16. Vendredi 12\u00a0d\u00e9cembre\u00a0: <strong>SM Caen<\/strong> &#8211; Ajaccio ou Boulogne-sur-Mer<\/p>\n<p>J17. Vendredi 16\u00a0janvier\u00a0: Concarneau &#8211; <strong>SM Caen<\/strong> (fin des matches aller)<\/p>\n<p>J18. Vendredi 23\u00a0janvier\u00a0: <strong>SM Caen<\/strong> &#8211; Quevilly-Rouen<\/p>\n<p>J19. Vendredi 30\u00a0janvier\u00a0: Versailles &#8211; <strong>SM Caen<\/strong><\/p>\n<p>J20. Vendredi 6\u00a0f\u00e9vrier\u00a0: <strong>SM Caen<\/strong> &#8211; Fleury<\/p>\n<p>J21. Vendredi 13\u00a0f\u00e9vrier\u00a0: Dijon &#8211; <strong>SM Caen<\/strong><\/p>\n<p>J22. Vendredi 20\u00a0f\u00e9vrier\u00a0: <strong>SM Caen<\/strong> &#8211; Sochaux<\/p>\n<p>J23. Vendredi 27\u00a0f\u00e9vrier\u00a0: Valenciennes &#8211; <strong>SM Caen<\/strong><\/p>\n<p>J24. Vendredi 6\u00a0mars\u00a0: <strong>SM Caen<\/strong> &#8211; Ch\u00e2teauroux<\/p>\n<p>J25. Vendredi 13\u00a0mars\u00a0: Le Puy &#8211; <strong>SM Caen<\/strong><\/p>\n<p>J26. Vendredi 20\u00a0mars\u00a0: <strong>SM Caen <\/strong>&#8211;\u00a0Orl\u00e9ans<\/p>\n<p>J27. Vendredi 27\u00a0mars\u00a0: Rouen &#8211; <strong>SM Caen<\/strong><\/p>\n<p>J28. Vendredi 3\u00a0avril\u00a0: <strong>SM Caen<\/strong> &#8211; Saint-Brieuc<\/p>\n<p>J29. Vendredi 10\u00a0avril\u00a0: Paris 13\u00a0Atletico &#8211; <strong>SM Caen<\/strong><\/p>\n<p>J30. Vendredi 17\u00a0avril\u00a0: Bourg-en-Bresse &#8211; <strong>SM Caen<\/strong><\/p>\n<p>J31. Vendredi 24\u00a0avril\u00a0: <strong>SM Caen<\/strong> &#8211; Villefranche-Beaujolais<\/p>\n<p>J32. Vendredi 1er\u00a0mai\u00a0: Ajaccio ou Boulogne-sur-Mer &#8211; <strong>SM Caen<\/strong><\/p>\n<p>J33. Vendredi 8\u00a0mai\u00a0: <strong>SM Caen<\/strong> &#8211; Concarneau<\/p>\n<p>J34. Vendredi 15\u00a0mai\u00a0: Aubagne &#8211; <strong>SM Caen<\/strong> (derni\u00e8re journ\u00e9e)<\/p>\n<p>\u00a0<\/p>\n<p>\t\t<script async src=\"https:\/\/platform.twitter.com\/widgets.js\" charset=\"utf-8\"><\/script><\/p>\n","protected":false},"excerpt":{"rendered":"Pour la premi\u00e8re fois depuis 1984, le Stade Malherbe Caen retrouve la troisi\u00e8me division. Sous l\u2019\u00e9gide de la&hellip;\n","protected":false},"author":2,"featured_media":260385,"comment_status":"","ping_status":"","sticky":false,"template":"","format":"standard","meta":{"footnotes":""},"categories":[9587],"tags":[1111,11,1438,3809,1465,1777,674,63,1011,27,1792,1922,12,5161,25,9590,479,517,1470],"class_list":{"0":"post-260384","1":"post","2":"type-post","3":"status-publish","4":"format-standard","5":"has-post-thumbnail","7":"category-rouen","8":"tag-actu","9":"tag-actualites","10":"tag-angers","11":"tag-ball","12":"tag-basket","13":"tag-eu","14":"tag-europe","15":"tag-football","16":"tag-fr","17":"tag-france","18":"tag-handball","19":"tag-info","20":"tag-news","21":"tag-normandie","22":"tag-republique-francaise","23":"tag-rouen","24":"tag-rugby","25":"tag-sport","26":"tag-volley"},"share_on_mastodon":{"url":"https:\/\/pubeurope.com\/@fr\/114883862367662176","error":""},"_links":{"self":[{"href":"https:\/\/www.europesays.com\/fr\/wp-json\/wp\/v2\/posts\/260384","targetHints":{"allow":["GET"]}}],"collection":[{"href":"https:\/\/www.europesays.com\/fr\/wp-json\/wp\/v2\/posts"}],"about":[{"href":"https:\/\/www.europesays.com\/fr\/wp-json\/wp\/v2\/types\/post"}],"author":[{"embeddable":true,"href":"https:\/\/www.europesays.com\/fr\/wp-json\/wp\/v2\/users\/2"}],"replies":[{"embeddable":true,"href":"https:\/\/www.europesays.com\/fr\/wp-json\/wp\/v2\/comments?post=260384"}],"version-history":[{"count":0,"href":"https:\/\/www.europesays.com\/fr\/wp-json\/wp\/v2\/posts\/260384\/revisions"}],"wp:featuredmedia":[{"embeddable":true,"href":"https:\/\/www.europesays.com\/fr\/wp-json\/wp\/v2\/media\/260385"}],"wp:attachment":[{"href":"https:\/\/www.europesays.com\/fr\/wp-json\/wp\/v2\/media?parent=260384"}],"wp:term":[{"taxonomy":"category","embeddable":true,"href":"https:\/\/www.europesays.com\/fr\/wp-json\/wp\/v2\/categories?post=260384"},{"taxonomy":"post_tag","embeddable":true,"href":"https:\/\/www.europesays.com\/fr\/wp-json\/wp\/v2\/tags?post=260384"}],"curies":[{"name":"wp","href":"https:\/\/api.w.org\/{rel}","templated":true}]}}