{"id":260386,"date":"2025-07-20T05:17:13","date_gmt":"2025-07-20T05:17:13","guid":{"rendered":"https:\/\/www.europesays.com\/fr\/260386\/"},"modified":"2025-07-20T05:17:13","modified_gmt":"2025-07-20T05:17:13","slug":"pres-de-grenoble-pourquoi-une-centaine-darbres-va-etre-abattue-dans-cette-foret-aux-portes-des-alpes","status":"publish","type":"post","link":"https:\/\/www.europesays.com\/fr\/260386\/","title":{"rendered":"Pr\u00e8s de Grenoble. Pourquoi une centaine d&rsquo;arbres va \u00eatre abattue dans cette for\u00eat aux portes des Alpes"},"content":{"rendered":"<p>            Par<br \/>\n        <strong><br \/>\n            <a href=\"https:\/\/actu.fr\/auteur\/lisa-rodrigues\" title=\"Consulter tous les articles de Lisa Rodrigues\" target=\"_blank\" rel=\"noopener\">Lisa Rodrigues<\/a><br \/>\n        <\/strong><\/p>\n<p>        Publi\u00e9 le<\/p>\n<p>            20 juil. 2025 \u00e0 6h42        <\/p>\n<p>D\u2019immenses arbres et sapins, parfois multicentenaires, bordent le monast\u00e8re de Grande Chartreuse en <a href=\"https:\/\/actu.fr\/auvergne-rhone-alpes\/isere_38\" target=\"_blank\" rel=\"noopener\">Is\u00e8re<\/a>. Cette for\u00eat, en plein c\u0153ur du massif, n\u2019\u00e9chappe malheureusement pas aux effets n\u00e9fastes du changement climatique : arbres qui d\u00e9p\u00e9rissent, risque accru de feu de for\u00eat\u2026<br \/>Des risques qui ont pouss\u00e9 l\u2019Office nationale des for\u00eats (ONF), apr\u00e8s demande du monast\u00e8re et sur recommandation du SDIS 38, \u00e0 organiser une campagne d\u2019abattage pr\u00e9ventive d\u2019arbres. \u00ab\u00a0<strong>Entre 100 et 200<\/strong> <strong>sapins et feuillus\u00a0\u00bb<\/strong> (h\u00eatres, fr\u00eanes, \u00e9rables) sont concern\u00e9s, chiffre l\u2019ONF.<\/p>\n<p>    <a href=\"https:\/\/www.google.com\/maps\/embed?pb=!1m18!1m12!1m3!1d38815.55938546489!2d5.739838542437261!3d45.371944268690925!2m3!1f0!2f0!3f0!3m2!1i1024!2i768!4f13.1!3m3!1m2!1s0x478af941791cba23%3A0xf6bdb9de3d9b84c6!2sMonast%C3%A8re%20de%20la%20Grande%20Chartreuse%20-%20ferm%C3%A9%20au%20public!5e0!3m2!1sfr!2sfr!4v1752827501219!5m2!1sfr!2sfr\" title=\"Ouvrie le lien\" target=\"_blank\" rel=\"noopener\">Cliquez ici pour visualiser le contenu<\/a><\/p>\n<p>\u00ab\u00a0\u00c9viter que les arbres s\u2019\u00e9crasent sur le mur d\u2019enceinte\u00a0\u00bb<\/p>\n<p class=\" wall-content\">\u00ab\u00a0La mortalit\u00e9 de ces arbres est d\u00fb \u00e0 <strong>l\u2019accumulation de s\u00e9cheresse<\/strong> sur plusieurs ann\u00e9es cons\u00e9cutives\u00a0\u00bb qui les fragilisent grandement, explique l\u2019ONF \u00e0 <a href=\"https:\/\/actu.fr\/grenoble\/\" target=\"_blank\" rel=\"noopener\">actu Grenoble<\/a>. Un ph\u00e9nom\u00e8ne \u00e9galement constat\u00e9 sur d\u2019autres for\u00eats du massif, notamment plus au nord, \u00e0 <a href=\"https:\/\/actu.fr\/auvergne-rhone-alpes\/miribel-les-echelles_38236\/pres-de-grenoble-en-pleine-canicule-cette-commune-est-privee-d-eau-potable_52553108.html\" target=\"_blank\" rel=\"noopener\">Miribel-les-\u00c9chelles<\/a> dans le Rocharey.<\/p>\n<p class=\" wall-content\">L\u2019abattage pr\u00e9ventif des arbres a avant tout \u00e9t\u00e9 d\u00e9cid\u00e9 pour des <strong>raisons de s\u00e9curit\u00e9<\/strong>.<\/p>\n<blockquote class=\"ac-article-quote wall-content\">\n<p>La particularit\u00e9 de cette op\u00e9ration, c&rsquo;est d&rsquo;\u00e9viter que les arbres s&rsquo;\u00e9crasent sur le mur d&rsquo;enceinte du monast\u00e8re en contrebas. Si ces arbres \u00e9taient en pleine for\u00eat, on les aurait laiss\u00e9s.<\/p>\n<p>    <strong>Office nationale des for\u00eats<\/strong>\n            <\/p><\/blockquote>\n<p class=\" wall-content\">Cette proximit\u00e9 repr\u00e9sente \u00e9galement un risque en cas d\u2019incendie \u2013 l\u2019Is\u00e8re est \u00e0 la mi-juillet en vigilance jaune <a href=\"https:\/\/actu.fr\/tag\/feux-de-foret\" target=\"_blank\" rel=\"noopener\">feux de for\u00eat<\/a> -, le monast\u00e8re \u00e9tant \u00e0 quelques m\u00e8tres seulement des premiers arbres.<\/p>\n<p class=\" wall-content\">Ainsi, une fois l\u2019abattage termin\u00e9, la lisi\u00e8re de la for\u00eat va \u00eatre <strong>recul\u00e9e d\u2019environ 15 m\u00e8tres<\/strong> pour retrouver la prairie qui existait il y a un peu plus d\u2019un si\u00e8cle.<\/p>\n<p>R\u00e9utilisation du bois<\/p>\n<p class=\" wall-content\">Le bois coup\u00e9 va ensuite \u00eatre r\u00e9utilis\u00e9.<\/p>\n<p class=\" wall-content\">Les plus petits morceaux, comme les branches, seront laiss\u00e9s sur place pour servir \u00ab\u00a0d\u2019habitat et de nourriture \u00e0 de nombreuses esp\u00e8ces animales et v\u00e9g\u00e9tales\u00a0\u00bb.<\/p>\n<p class=\" wall-content\">\u00ab\u00a0Deux arbres vont \u00eatre transform\u00e9s en sculpture pour les valoriser\u00a0\u00bb, vraisemblablement dans le courant de l\u2019automne, pr\u00e9cise l\u2019ONF. Le reste du bois va \u00eatre \u00ab\u00a0envoy\u00e9 dans des scieries locales\u00a0\u00bb pour \u00eatre transform\u00e9 en charpente, planches ou bois de chauffage.<\/p>\n<p>Une piste de randonn\u00e9e ferm\u00e9e pendant l\u2019op\u00e9ration<\/p>\n<p class=\" wall-content\">Le chantier doit d\u00e9marrer \u00e0 la <strong>fin ao\u00fbt<\/strong> et pourrait durer entre trois semaines et un mois. Il sera interdit au public.<\/p>\n<p class=\" wall-content\">En cons\u00e9quence, \u00ab\u00a0la piste qui monte depuis la chapelle Saint-Bruno jusqu\u2019au calvaire sera ferm\u00e9e\u00a0\u00bb, pr\u00e9cise l\u2019ONF. En revanche, l\u2019all\u00e9e remontant depuis le mus\u00e9e de la Grande Chartreuse jusqu\u2019au monast\u00e8re \u2013 qui lui est <a href=\"https:\/\/actu.fr\/auvergne-rhone-alpes\/saint-pierre-de-chartreuse_38442\/pres-de-grenoble-c-est-quoi-ce-mysterieux-monastere-ou-il-est-impossible-d-entrer_59560604.html\" target=\"_blank\" rel=\"noopener\">ferm\u00e9 au public<\/a> \u2013 restera bien ouvert pendant l\u2019op\u00e9ration.<\/p>\n<p class=\" wall-content\">Suivez toute l\u2019actualit\u00e9 de vos villes et m\u00e9dias favoris en vous inscrivant \u00e0 <a href=\"https:\/\/moncompte.actu.fr\" title=\"D\u00e9couvez Mon Actu\" rel=\"nofollow noopener\" data-trk=\"{&quot;cta&quot;:{&quot;action&quot;:&quot;https:\\\/\\\/moncompte.actu.fr&quot;,&quot;category&quot;:&quot;mon compte&quot;,&quot;from&quot;:&quot;article footer&quot;,&quot;name&quot;:&quot;Mon actu&quot;,&quot;type&quot;:&quot;cta&quot;}}\" target=\"_blank\">Mon Actu<\/a>.<\/p>\n","protected":false},"excerpt":{"rendered":"Par Lisa Rodrigues Publi\u00e9 le 20 juil. 2025 \u00e0 6h42 D\u2019immenses arbres et sapins, parfois multicentenaires, bordent le&hellip;\n","protected":false},"author":2,"featured_media":260387,"comment_status":"","ping_status":"","sticky":false,"template":"","format":"standard","meta":{"footnotes":""},"categories":[9566],"tags":[1111,11,2430,436,1777,674,1011,27,2731,5324,12,52,25],"class_list":{"0":"post-260386","1":"post","2":"type-post","3":"status-publish","4":"format-standard","5":"has-post-thumbnail","7":"category-grenoble","8":"tag-actu","9":"tag-actualites","10":"tag-auvergne-rhone-alpes","11":"tag-environnement","12":"tag-eu","13":"tag-europe","14":"tag-fr","15":"tag-france","16":"tag-grenoble","17":"tag-montagne","18":"tag-news","19":"tag-planete","20":"tag-republique-francaise"},"share_on_mastodon":{"url":"https:\/\/pubeurope.com\/@fr\/114883870243648784","error":""},"_links":{"self":[{"href":"https:\/\/www.europesays.com\/fr\/wp-json\/wp\/v2\/posts\/260386","targetHints":{"allow":["GET"]}}],"collection":[{"href":"https:\/\/www.europesays.com\/fr\/wp-json\/wp\/v2\/posts"}],"about":[{"href":"https:\/\/www.europesays.com\/fr\/wp-json\/wp\/v2\/types\/post"}],"author":[{"embeddable":true,"href":"https:\/\/www.europesays.com\/fr\/wp-json\/wp\/v2\/users\/2"}],"replies":[{"embeddable":true,"href":"https:\/\/www.europesays.com\/fr\/wp-json\/wp\/v2\/comments?post=260386"}],"version-history":[{"count":0,"href":"https:\/\/www.europesays.com\/fr\/wp-json\/wp\/v2\/posts\/260386\/revisions"}],"wp:featuredmedia":[{"embeddable":true,"href":"https:\/\/www.europesays.com\/fr\/wp-json\/wp\/v2\/media\/260387"}],"wp:attachment":[{"href":"https:\/\/www.europesays.com\/fr\/wp-json\/wp\/v2\/media?parent=260386"}],"wp:term":[{"taxonomy":"category","embeddable":true,"href":"https:\/\/www.europesays.com\/fr\/wp-json\/wp\/v2\/categories?post=260386"},{"taxonomy":"post_tag","embeddable":true,"href":"https:\/\/www.europesays.com\/fr\/wp-json\/wp\/v2\/tags?post=260386"}],"curies":[{"name":"wp","href":"https:\/\/api.w.org\/{rel}","templated":true}]}}