{"id":260388,"date":"2025-07-20T05:19:27","date_gmt":"2025-07-20T05:19:27","guid":{"rendered":"https:\/\/www.europesays.com\/fr\/260388\/"},"modified":"2025-07-20T05:19:27","modified_gmt":"2025-07-20T05:19:27","slug":"un-homme-tue-a-coups-de-couteau-a-rennes-3","status":"publish","type":"post","link":"https:\/\/www.europesays.com\/fr\/260388\/","title":{"rendered":"Un homme tu\u00e9 \u00e0 coups de couteau \u00e0 Rennes"},"content":{"rendered":"<p>Un homme de 20 ans a \u00e9t\u00e9 poignard\u00e9 dans le quartier de Cleunay, \u00e0 Rennes (Ille-et-Vilaine), samedi 19\u00a0juillet 2025, vers 20h30.<\/p>\n<p>Le v\u00e9hicule intercept\u00e9<\/p>\n<p>Ses amis l\u2019ont conduit \u00e0 l\u2019h\u00f4pital le plus proche, o\u00f9 il n\u2019y avait pas d\u2019accueil d\u2019urgences. Ils sont alors rejoint un autre h\u00f4pital, mais quand ils sont arriv\u00e9s, la victime \u00e9tait d\u00e9c\u00e9d\u00e9e. Le v\u00e9hicule a \u00e9t\u00e9 intercept\u00e9 par la police.<\/p>\n<p>Une enqu\u00eate est ouverte pour retrouver l\u2019agresseur et d\u00e9terminer les circonstances de l\u2019attaque. Celle-ci a eu lieu rue Ferdinand-de-Lesseps, un lieu connu pour le <a href=\"https:\/\/brest.maville.com\/actu\/actudet_-enquete-video.-narcotrafic-dans-l-ouest-comment-en-est-on-arrive-la-_6-6721992_actu.Htm\" target=\"_blank\" rel=\"noopener\">trafic de stup\u00e9fiants<\/a> et <a href=\"https:\/\/rennes.maville.com\/actu\/actudet_-enquete.-a-rennes-l-inquietant-business-des-points-de-deal-et-sa-guerre-des-territoires-_7-6498235_actu.Htm\" target=\"_blank\" rel=\"noopener\">des r\u00e8glements de compte<\/a> qui s\u00e9vissent \u00e0 Rennes.<\/p>\n<p>\u00a0<\/p>\n","protected":false},"excerpt":{"rendered":"Un homme de 20 ans a \u00e9t\u00e9 poignard\u00e9 dans le quartier de Cleunay, \u00e0 Rennes (Ille-et-Vilaine), samedi 19\u00a0juillet&hellip;\n","protected":false},"author":2,"featured_media":260173,"comment_status":"","ping_status":"","sticky":false,"template":"","format":"standard","meta":{"footnotes":""},"categories":[2821],"tags":[1111,11,1438,829,854,5264,1777,674,1011,27,4933,12,584,25,5911],"class_list":{"0":"post-260388","1":"post","2":"type-post","3":"status-publish","4":"format-standard","5":"has-post-thumbnail","7":"category-rennes","8":"tag-actu","9":"tag-actualites","10":"tag-angers","11":"tag-bretagne","12":"tag-coups","13":"tag-couteau","14":"tag-eu","15":"tag-europe","16":"tag-fr","17":"tag-france","18":"tag-homme","19":"tag-news","20":"tag-rennes","21":"tag-republique-francaise","22":"tag-tue"},"share_on_mastodon":{"url":"https:\/\/pubeurope.com\/@fr\/114883878120923548","error":""},"_links":{"self":[{"href":"https:\/\/www.europesays.com\/fr\/wp-json\/wp\/v2\/posts\/260388","targetHints":{"allow":["GET"]}}],"collection":[{"href":"https:\/\/www.europesays.com\/fr\/wp-json\/wp\/v2\/posts"}],"about":[{"href":"https:\/\/www.europesays.com\/fr\/wp-json\/wp\/v2\/types\/post"}],"author":[{"embeddable":true,"href":"https:\/\/www.europesays.com\/fr\/wp-json\/wp\/v2\/users\/2"}],"replies":[{"embeddable":true,"href":"https:\/\/www.europesays.com\/fr\/wp-json\/wp\/v2\/comments?post=260388"}],"version-history":[{"count":0,"href":"https:\/\/www.europesays.com\/fr\/wp-json\/wp\/v2\/posts\/260388\/revisions"}],"wp:featuredmedia":[{"embeddable":true,"href":"https:\/\/www.europesays.com\/fr\/wp-json\/wp\/v2\/media\/260173"}],"wp:attachment":[{"href":"https:\/\/www.europesays.com\/fr\/wp-json\/wp\/v2\/media?parent=260388"}],"wp:term":[{"taxonomy":"category","embeddable":true,"href":"https:\/\/www.europesays.com\/fr\/wp-json\/wp\/v2\/categories?post=260388"},{"taxonomy":"post_tag","embeddable":true,"href":"https:\/\/www.europesays.com\/fr\/wp-json\/wp\/v2\/tags?post=260388"}],"curies":[{"name":"wp","href":"https:\/\/api.w.org\/{rel}","templated":true}]}}