{"id":260392,"date":"2025-07-20T05:22:10","date_gmt":"2025-07-20T05:22:10","guid":{"rendered":"https:\/\/www.europesays.com\/fr\/260392\/"},"modified":"2025-07-20T05:22:10","modified_gmt":"2025-07-20T05:22:10","slug":"a-la-rentree-42-etudiants-integreront-le-nouveau-departement-de-pharmacie-a-luniversite-de-nice","status":"publish","type":"post","link":"https:\/\/www.europesays.com\/fr\/260392\/","title":{"rendered":"\u00c0 la rentr\u00e9e, 42 \u00e9tudiants int\u00e9greront le nouveau d\u00e9partement de pharmacie \u00e0 l\u2019universit\u00e9 de Nice"},"content":{"rendered":"<p>De futurs pharmaciens form\u00e9s \u00e0 Nice. Le d\u00e9partement \u00e9tait attendu, alors que l\u2019Universit\u00e9 C\u00f4te d\u2019Azur ne disposait d\u2019aucune formation dans ce domaine. \u00ab\u00a0Il nous manquait \u00e7a. Les \u00e9tudiants Ni\u00e7ois partaient faire leurs \u00e9tudes \u00e0 Marseille et ne revenaient pas toujours chez nous\u00a0\u00bb, explique Christian Estrosi, le maire de Nice. Alors depuis 2014, le nombre de pharmacies dans les Alpes-Maritimes est en d\u00e9croissance.<\/p>\n<p>Pour rem\u00e9dier \u00e0 cela, 42 \u00e9tudiants, actuellement en premi\u00e8re ann\u00e9e de m\u00e9decine, int\u00e9greront \u00e0 la rentr\u00e9e ce tout nouveau d\u00e9partement de pharmacie pour passer le dipl\u00f4me de formation g\u00e9n\u00e9rale en sciences pharmaceutiques, dispens\u00e9 en deux ans. Apr\u00e8s quoi les jeunes devront encore suivre trois ans de formation pour obtenir leur dipl\u00f4me d\u2019\u00c9tat de docteur en pharmacie. Soient six ans d\u2019\u00e9tudes apr\u00e8s le bac, au minimum. \u00ab\u00a0Ensuite, ils ouvriront leurs officines dans nos quartiers\u00a0\u00bb, se r\u00e9jouit Christian Estrosi.<\/p>\n<p>Une \u00e9quipe p\u00e9dagogique en construction<\/p>\n<p>Des enseignants-chercheurs de Montpellier, Toulouse et Lille \u00ab\u00a0participeront \u00e0 la mise en place de l\u2019\u00e9quipe p\u00e9dagogique\u00a0\u00bb, a annonc\u00e9 le maire de Nice. D\u2019autres enseignants viendront d\u2019autres d\u00e9partements de l\u2019Universit\u00e9, comme celui de chimie. \u00ab\u00a0Il y aura aussi des enseignants hospitalo-universitaires et notre premier professeur des universit\u00e9s-praticien hospitalier (PU-PH) qui vient d\u2019\u00eatre nomm\u00e9\u00a0\u00bb, ajoute le pr\u00e9sident de l\u2019Universit\u00e9.<\/p>\n<p>\u00c0 terme, cette formation sera dispens\u00e9e <a href=\"https:\/\/www.nicematin.com\/sante\/ce-que-l-on-sait-du-campus-sante-qui-sera-construit-a-nice-816179\" target=\"_blank\" rel=\"noopener\">sur le nouveau campus sant\u00e9 de Saint-Jean d\u2019Angely, construit \u00e0 l\u2019horizon 2027<\/a>. En attendant, elle ouvrira sur le campus de Pasteur, o\u00f9 se d\u00e9roulent actuellement toutes les \u00e9tudes de m\u00e9decine.<\/p>\n","protected":false},"excerpt":{"rendered":"De futurs pharmaciens form\u00e9s \u00e0 Nice. Le d\u00e9partement \u00e9tait attendu, alors que l\u2019Universit\u00e9 C\u00f4te d\u2019Azur ne disposait d\u2019aucune&hellip;\n","protected":false},"author":2,"featured_media":260393,"comment_status":"","ping_status":"","sticky":false,"template":"","format":"standard","meta":{"footnotes":""},"categories":[2819],"tags":[1111,11,1057,1777,674,1011,27,4075,12,2401,882,25],"class_list":{"0":"post-260392","1":"post","2":"type-post","3":"status-publish","4":"format-standard","5":"has-post-thumbnail","7":"category-nice","8":"tag-actu","9":"tag-actualites","10":"tag-education","11":"tag-eu","12":"tag-europe","13":"tag-fr","14":"tag-france","15":"tag-jeunesse","16":"tag-news","17":"tag-nice","18":"tag-provence-alpes-cote-dazur","19":"tag-republique-francaise"},"share_on_mastodon":{"url":"https:\/\/pubeurope.com\/@fr\/114883890006367443","error":""},"_links":{"self":[{"href":"https:\/\/www.europesays.com\/fr\/wp-json\/wp\/v2\/posts\/260392","targetHints":{"allow":["GET"]}}],"collection":[{"href":"https:\/\/www.europesays.com\/fr\/wp-json\/wp\/v2\/posts"}],"about":[{"href":"https:\/\/www.europesays.com\/fr\/wp-json\/wp\/v2\/types\/post"}],"author":[{"embeddable":true,"href":"https:\/\/www.europesays.com\/fr\/wp-json\/wp\/v2\/users\/2"}],"replies":[{"embeddable":true,"href":"https:\/\/www.europesays.com\/fr\/wp-json\/wp\/v2\/comments?post=260392"}],"version-history":[{"count":0,"href":"https:\/\/www.europesays.com\/fr\/wp-json\/wp\/v2\/posts\/260392\/revisions"}],"wp:featuredmedia":[{"embeddable":true,"href":"https:\/\/www.europesays.com\/fr\/wp-json\/wp\/v2\/media\/260393"}],"wp:attachment":[{"href":"https:\/\/www.europesays.com\/fr\/wp-json\/wp\/v2\/media?parent=260392"}],"wp:term":[{"taxonomy":"category","embeddable":true,"href":"https:\/\/www.europesays.com\/fr\/wp-json\/wp\/v2\/categories?post=260392"},{"taxonomy":"post_tag","embeddable":true,"href":"https:\/\/www.europesays.com\/fr\/wp-json\/wp\/v2\/tags?post=260392"}],"curies":[{"name":"wp","href":"https:\/\/api.w.org\/{rel}","templated":true}]}}