{"id":26040,"date":"2025-04-15T06:34:14","date_gmt":"2025-04-15T06:34:14","guid":{"rendered":"https:\/\/www.europesays.com\/fr\/26040\/"},"modified":"2025-04-15T06:34:14","modified_gmt":"2025-04-15T06:34:14","slug":"un-mort-et-un-blesse-grave-dans-une-salle-de-sport-apres-une-fuite-dazote","status":"publish","type":"post","link":"https:\/\/www.europesays.com\/fr\/26040\/","title":{"rendered":"un mort et un bless\u00e9 grave dans une salle de sport apr\u00e8s une fuite d&rsquo;azote"},"content":{"rendered":"<p class=\"article-p mdl\">Deux victimes dans une salle de sport du XIe arrondissement de Paris.\u00a0<strong>Une employ\u00e9e est morte et une cliente a \u00e9t\u00e9 hospitalis\u00e9e dans un \u00e9tat grave<\/strong> lors d&rsquo;une s\u00e9ance de cryoth\u00e9rapie lundi 14 avril, a indiqu\u00e9 le parquet, sollicit\u00e9 par l&rsquo;Agence France Presse.<\/p>\n<p class=\"article-p mdl\">\u00ab\u00a0<strong>Une autopsie et des analyses toxicologiques<\/strong> ont \u00e9t\u00e9 ordonn\u00e9es pour d\u00e9terminer avec pr\u00e9cision la cause de la mort, laquelle serait survenue au cours d&rsquo;une s\u00e9ance de cryoth\u00e9rapie\u00a0\u00bb, a pr\u00e9cis\u00e9 le parquet.\u00a0D&rsquo;apr\u00e8s les premiers \u00e9l\u00e9ments, <strong>une fuite d&rsquo;azote de la cabine de cryoth\u00e9rapie<\/strong> serait \u00e0 l&rsquo;origine de l&rsquo;intoxication, selon une source proche de l&rsquo;enqu\u00eate.<\/p>\n<p class=\"article-p mdl\">Des policiers ainsi que des \u00e9quipes de secours ont \u00e9t\u00e9 d\u00e9p\u00each\u00e9s sur place, rapporte Le Parisien. <strong>Des services fun\u00e9raires se sont \u00e9galement rendus sur les lieux<\/strong>.\u00a0Trois autres personnes qui ont prodigu\u00e9 des soins aux deux victimes ont \u00e9t\u00e9 prises en charge en urgence relative, a pr\u00e9cis\u00e9 la source polici\u00e8re.\u00a0<strong>L&rsquo;azote est un gaz inodore<\/strong> qui provoque une diminution de l&rsquo;oxyg\u00e8ne dans l&rsquo;air et peut entrainer une intoxication.\u00a0Sur Instagram, la salle de sport a inform\u00e9 ses usagers que son club serait \u00ab\u00a0exceptionnellement ferm\u00e9\u00a0\u00bb ce mardi 15 avril.<\/p>\n<p>            La salle de sports \u00e9vacu\u00e9e apr\u00e8s les faits<\/p>\n<p class=\"article-p mdl\">\u00ab\u00a0J&rsquo;allais m&rsquo;entra\u00eener comme tous les soirs, j\u2019ai vu deux coll\u00e8gues de la salle qui m&rsquo;ont dit que la salle \u00e9tait ferm\u00e9e et (&#8230;)\u00a0 qu&rsquo;il y avait un d\u00e9c\u00e8s\u00a0\u00bb \u00e0 cause d&rsquo;<strong>une fuite d&rsquo;azote de la salle de cryoth\u00e9rapie<\/strong>, rapporte Diego Brisset, 26 ans.\u00a0Lui ne pratique pas cette technique par le froid : \u00ab\u00a0on m&rsquo;a toujours dit que c&rsquo;\u00e9tait dangereux\u00a0\u00bb, dit-il.<\/p>\n<p class=\"article-p mdl\">La cabine de cryoth\u00e9rapie aurait fait l&rsquo;objet d&rsquo;une r\u00e9paration lundi, a indiqu\u00e9 la source proche.<strong>\u00a0La salle de sport, qui comptait 150 personnes, a \u00e9t\u00e9 \u00e9vacu\u00e9e peu apr\u00e8s les faits<\/strong>, selon la source polici\u00e8re.<\/p>\n<p class=\"article-p mdl\">Des jeunes attabl\u00e9s en terrasse \u00e0 proximit\u00e9, boulevard Voltaire, racontent avoir vu vers 19 heures 30 trois camions de pompiers arriver. <strong>Des paravents ont \u00e9t\u00e9 install\u00e9s pour dissimuler ce qu&rsquo;il se passait devant la porte<\/strong> de la salle et le long du trottoir.<\/p>\n<p class=\"article-p mdl\">La cryoth\u00e9rapie est <strong>une \u00ab\u00a0th\u00e9rapie par le froid\u00a0\u00bb<\/strong> qui consiste \u00e0 placer une personne pendant 2 \u00e0 3 minutes dans des chambres ou des cabines dont la temp\u00e9rature peut descendre sous -110\u00b0C.\u00a0La personne est <strong>immerg\u00e9e dans des baignoires d&rsquo;eau glac\u00e9e ou des chambres \u00e0 azote<\/strong>.<\/p>\n<p class=\"article-p mdl\">Initialement destin\u00e9e aux sportifs de haut niveau afin de pr\u00e9venir ou traiter les douleurs musculaires apr\u00e8s l&rsquo;exercice, cette pratique est propos\u00e9e pour <strong>soulager des maladies inflammatoires ou neurologiques<\/strong>, et m\u00eame utilis\u00e9e en dehors de tout contexte pathologique.<br \/><strong\/><\/p>\n<p>    La r\u00e9daction vous recommande<\/p>\n<p class=\"s-newsletter__title\">\n                L\u2019actualit\u00e9 par la r\u00e9daction de RTL dans votre bo\u00eete mail.\n            <\/p>\n<p class=\"s-newsletter__subtitle\">\n                Gr\u00e2ce \u00e0 votre compte RTL abonnez-vous \u00e0 la newsletter RTL info pour suivre toute l&rsquo;actualit\u00e9 au quotidien\n            <\/p>\n<p>\n                                    Lire la suite\n                                <\/p>\n","protected":false},"excerpt":{"rendered":"Deux victimes dans une salle de sport du XIe arrondissement de Paris.\u00a0Une employ\u00e9e est morte et une cliente&hellip;\n","protected":false},"author":2,"featured_media":26041,"comment_status":"","ping_status":"","sticky":false,"template":"","format":"standard","meta":{"footnotes":""},"categories":[1888],"tags":[11,3983,1777,674,118,107,1011,27,12,626,25,517],"class_list":{"0":"post-26040","1":"post","2":"type-post","3":"status-publish","4":"format-standard","5":"has-post-thumbnail","7":"category-paris","8":"tag-actualites","9":"tag-deces","10":"tag-eu","11":"tag-europe","12":"tag-faits-divers","13":"tag-fil-info","14":"tag-fr","15":"tag-france","16":"tag-news","17":"tag-paris","18":"tag-republique-francaise","19":"tag-sport"},"share_on_mastodon":{"url":"https:\/\/pubeurope.com\/@fr\/114340591282562855","error":""},"_links":{"self":[{"href":"https:\/\/www.europesays.com\/fr\/wp-json\/wp\/v2\/posts\/26040","targetHints":{"allow":["GET"]}}],"collection":[{"href":"https:\/\/www.europesays.com\/fr\/wp-json\/wp\/v2\/posts"}],"about":[{"href":"https:\/\/www.europesays.com\/fr\/wp-json\/wp\/v2\/types\/post"}],"author":[{"embeddable":true,"href":"https:\/\/www.europesays.com\/fr\/wp-json\/wp\/v2\/users\/2"}],"replies":[{"embeddable":true,"href":"https:\/\/www.europesays.com\/fr\/wp-json\/wp\/v2\/comments?post=26040"}],"version-history":[{"count":0,"href":"https:\/\/www.europesays.com\/fr\/wp-json\/wp\/v2\/posts\/26040\/revisions"}],"wp:featuredmedia":[{"embeddable":true,"href":"https:\/\/www.europesays.com\/fr\/wp-json\/wp\/v2\/media\/26041"}],"wp:attachment":[{"href":"https:\/\/www.europesays.com\/fr\/wp-json\/wp\/v2\/media?parent=26040"}],"wp:term":[{"taxonomy":"category","embeddable":true,"href":"https:\/\/www.europesays.com\/fr\/wp-json\/wp\/v2\/categories?post=26040"},{"taxonomy":"post_tag","embeddable":true,"href":"https:\/\/www.europesays.com\/fr\/wp-json\/wp\/v2\/tags?post=26040"}],"curies":[{"name":"wp","href":"https:\/\/api.w.org\/{rel}","templated":true}]}}