{"id":260407,"date":"2025-07-20T05:33:15","date_gmt":"2025-07-20T05:33:15","guid":{"rendered":"https:\/\/www.europesays.com\/fr\/260407\/"},"modified":"2025-07-20T05:33:15","modified_gmt":"2025-07-20T05:33:15","slug":"retour-progressif-du-trafic-a-la-normale-sur-5-stations-de-la-ligne-de-tramway-t1-a-marseille","status":"publish","type":"post","link":"https:\/\/www.europesays.com\/fr\/260407\/","title":{"rendered":"\u00ab\u00a0Retour progressif du trafic \u00e0 la normale\u00a0\u00bb sur 5 stations de la ligne de tramway T1 \u00e0 Marseille"},"content":{"rendered":"<p>Si vous avez pris le tram ce matin \u00e0 <a href=\"https:\/\/www.laprovence.com\/bouches-du-rhone\/marseille-13055\" target=\"_blank\" rel=\"noopener\">Marseille<\/a>, vous avez probablement rencontr\u00e9 quelques difficult\u00e9s.<\/p>\n<p>Cinq stations de la ligne de tramway T1 ont \u00e9t\u00e9 non desservies, dans la matin\u00e9e de ce vendredi 18\u00a0juillet, en raison d\u2019une \u00ab\u00a0intervention technique\u00a0\u00bb en station Eug\u00e8ne Pierre, d\u2019apr\u00e8s <a href=\"https:\/\/www.rtm.fr\/infos-trafic\/1375993808767709531\" target=\"_blank\" rel=\"noopener\">les informations de la RTM<\/a> (R\u00e9gie des transports de Marseille).<\/p>\n<p>\u00ab\u00a0Fin de la perturbation\u00a0\u00bb<\/p>\n<p>Les stations qui ont \u00e9t\u00e9 non desservies sont les suivantes\u00a0: Noailles, Eug\u00e8ne Pierre, Camas, George et Jean Martin. La ligne circulait uniquement entre La Blancarde et Les Caillols.<\/p>\n<p>\u00ab\u00a0Fin de la perturbation, indique la RTM sur son site \u00e0 11h. Retour progressif du trafic \u00e0 la normale.\u00a0\u00bb<\/p>\n","protected":false},"excerpt":{"rendered":"Si vous avez pris le tram ce matin \u00e0 Marseille, vous avez probablement rencontr\u00e9 quelques difficult\u00e9s. Cinq stations&hellip;\n","protected":false},"author":2,"featured_media":260408,"comment_status":"","ping_status":"","sticky":false,"template":"","format":"standard","meta":{"footnotes":""},"categories":[2814],"tags":[17,1111,11,1102,1777,674,1011,27,3052,884,12,40047,40046,882,25,8133,104,8400,3356,1097],"class_list":{"0":"post-260407","1":"post","2":"type-post","3":"status-publish","4":"format-standard","5":"has-post-thumbnail","7":"category-marseille","8":"tag-17","9":"tag-actu","10":"tag-actualites","11":"tag-breakingnews","12":"tag-eu","13":"tag-europe","14":"tag-fr","15":"tag-france","16":"tag-ligne","17":"tag-marseille","18":"tag-news","19":"tag-normale","20":"tag-progressif","21":"tag-provence-alpes-cote-dazur","22":"tag-republique-francaise","23":"tag-retour","24":"tag-societe","25":"tag-stations","26":"tag-sur","27":"tag-trafic"},"share_on_mastodon":{"url":"https:\/\/pubeurope.com\/@fr\/114883933237915767","error":""},"_links":{"self":[{"href":"https:\/\/www.europesays.com\/fr\/wp-json\/wp\/v2\/posts\/260407","targetHints":{"allow":["GET"]}}],"collection":[{"href":"https:\/\/www.europesays.com\/fr\/wp-json\/wp\/v2\/posts"}],"about":[{"href":"https:\/\/www.europesays.com\/fr\/wp-json\/wp\/v2\/types\/post"}],"author":[{"embeddable":true,"href":"https:\/\/www.europesays.com\/fr\/wp-json\/wp\/v2\/users\/2"}],"replies":[{"embeddable":true,"href":"https:\/\/www.europesays.com\/fr\/wp-json\/wp\/v2\/comments?post=260407"}],"version-history":[{"count":0,"href":"https:\/\/www.europesays.com\/fr\/wp-json\/wp\/v2\/posts\/260407\/revisions"}],"wp:featuredmedia":[{"embeddable":true,"href":"https:\/\/www.europesays.com\/fr\/wp-json\/wp\/v2\/media\/260408"}],"wp:attachment":[{"href":"https:\/\/www.europesays.com\/fr\/wp-json\/wp\/v2\/media?parent=260407"}],"wp:term":[{"taxonomy":"category","embeddable":true,"href":"https:\/\/www.europesays.com\/fr\/wp-json\/wp\/v2\/categories?post=260407"},{"taxonomy":"post_tag","embeddable":true,"href":"https:\/\/www.europesays.com\/fr\/wp-json\/wp\/v2\/tags?post=260407"}],"curies":[{"name":"wp","href":"https:\/\/api.w.org\/{rel}","templated":true}]}}