{"id":260409,"date":"2025-07-20T05:34:10","date_gmt":"2025-07-20T05:34:10","guid":{"rendered":"https:\/\/www.europesays.com\/fr\/260409\/"},"modified":"2025-07-20T05:34:10","modified_gmt":"2025-07-20T05:34:10","slug":"aeroport-de-marseille-transavia-renforce-sa-liaison-vers-cette-ile-paradisiaque","status":"publish","type":"post","link":"https:\/\/www.europesays.com\/fr\/260409\/","title":{"rendered":"A\u00e9roport de Marseille. Transavia renforce sa liaison vers cette \u00eele paradisiaque"},"content":{"rendered":"<p>            Par<br \/>\n        <strong><br \/>\n            <a href=\"https:\/\/actu.fr\/auteur\/thibault-nadal-actu-fr\" title=\"Consulter tous les articles de Thibault Nadal\" target=\"_blank\" rel=\"noopener\">Thibault Nadal<\/a><br \/>\n        <\/strong><\/p>\n<p>        Publi\u00e9 le<\/p>\n<p>            20 juil. 2025 \u00e0 7h14        <\/p>\n<p>En qu\u00eate de soleil, alors que c\u2019est l\u2019hiver en France\u2009? <a href=\"https:\/\/actu.fr\/tag\/transavia\" target=\"_blank\" rel=\"noopener\">Transavia<\/a> a la solution pour vous. La compagnie, filiale low cost d\u2019<a href=\"https:\/\/actu.fr\/tag\/air-france\" target=\"_blank\" rel=\"noopener\">Air-France KLM<\/a>, a d\u00e9cid\u00e9 de renforcer les vols vers cette liaison d\u00e9j\u00e0 existante.<\/p>\n<p class=\" wall-content\">Au d\u00e9part de <a href=\"https:\/\/actu.fr\/tag\/aeroport-de-marseille-provence\" target=\"_blank\" rel=\"noopener\">l\u2019a\u00e9roport de Marseille-Provence<\/a>, situ\u00e9 \u00e0 <a href=\"https:\/\/actu.fr\/provence-alpes-cote-d-azur\/marignane_13054\" target=\"_blank\" rel=\"noopener\">Marignane<\/a> (<a href=\"https:\/\/actu.fr\/provence-alpes-cote-d-azur\/bouches-du-rhone_13\" target=\"_blank\" rel=\"noopener\">Bouches-du-Rh\u00f4ne<\/a>), il sera donc possible de s\u2019envoler toute la saison hivernale vers Djerba, \u00eele paradisiaque <strong>du sud de la Tunisie<\/strong>.<\/p>\n<p>Djerba pour profiter de la M\u00e9diterran\u00e9e<\/p>\n<p class=\" wall-content\">La destination semble avoir fait ses preuves. <a href=\"https:\/\/actu.fr\/provence-alpes-cote-d-azur\/marseille_13055\/marseille-transavia-lance-des-vols-a-prix-casses-vers-ces-trois-iles-de-reve_62017514.html\" target=\"_blank\" rel=\"noopener\">Lanc\u00e9e d\u00e9but 2025<\/a>, la liaison entre Marseille et Djerba a conquis les voyageurs. \u00c0 tel point que Transavia a d\u00e9cid\u00e9 de la renforcer et de la renouveler pour la p\u00e9riode hivernale 2025-2026.<\/p>\n<p class=\" wall-content\">\u00ab\u2009Entre plages de sable fin, mer turquoise et villages pittoresques, Djerba est <strong>une destination id\u00e9ale pour se ressourcer<\/strong> sous le soleil m\u00e9diterran\u00e9en tout au long de l\u2019ann\u00e9e\u2009\u00bb, promet la compagnie.<\/p>\n<p>    <a href=\"https:\/\/www.google.com\/maps\/embed?pb=!1m18!1m12!1m3!1d129860.35611174512!2d10.728964265984898!3d33.80390736270431!2m3!1f0!2f0!3f0!3m2!1i1024!2i768!4f13.1!3m3!1m2!1s0x13aabc09046e9991%3A0x6830d5301a39ca66!2sDjerba!5e0!3m2!1sfr!2sfr!4v1752678293925!5m2!1sfr!2sfr\" title=\"Ouvrie le lien\" target=\"_blank\" rel=\"noopener\">Cliquez ici pour visualiser le contenu<\/a><\/p>\n<p>Vid\u00e9os : en ce moment sur ActuUn vol par semaine pour 64\u00a0euros<\/p>\n<p class=\" wall-content\">D\u00e8s le 1er\u00a0novembre, <strong>un vol par semaine<\/strong> sera propos\u00e9 aux voyageurs. Alors que deux sont propos\u00e9s le reste de l\u2019ann\u00e9e. Il sera obligatoirement le <strong>samedi<\/strong> et <strong>co\u00fbtera a minima 64\u00a0euros<\/strong>.<\/p>\n<p class=\" wall-content\">\u00c0 l\u2019automne prochain, <a href=\"https:\/\/actu.fr\/provence-alpes-cote-d-azur\/marignane_13054\/marseille-transavia-ouvre-une-nouvelle-ligne-vers-cette-ville-prisee-du-maroc_62647572.html\" target=\"_blank\" rel=\"noopener\">Transavia doit ouvrir une nouvelle destination<\/a>. Vers le Maroc, \u00e0 Dakhla plus pr\u00e9cis\u00e9ment. Les premiers avions d\u00e9colleront du sol proven\u00e7al d\u00e8s le 28\u00a0octobre prochain.<\/p>\n<p class=\" wall-content\">Suivez toute l\u2019actualit\u00e9 de vos villes et m\u00e9dias favoris en vous inscrivant \u00e0 <a href=\"https:\/\/moncompte.actu.fr\" title=\"D\u00e9couvez Mon Actu\" rel=\"nofollow noopener\" data-trk=\"{&quot;cta&quot;:{&quot;action&quot;:&quot;https:\\\/\\\/moncompte.actu.fr&quot;,&quot;category&quot;:&quot;mon compte&quot;,&quot;from&quot;:&quot;article footer&quot;,&quot;name&quot;:&quot;Mon actu&quot;,&quot;type&quot;:&quot;cta&quot;}}\" target=\"_blank\">Mon Actu<\/a>.<\/p>\n<ul class=\"ac-article-tag wall-content\">\n<li><a href=\"https:\/\/actu.fr\/tag\/aeroport-de-marseille-provence\" data-trk=\"{&quot;cta&quot;:{&quot;action&quot;:&quot;A\\u00e9roport de Marseille-Provence&quot;,&quot;category&quot;:&quot;tag&quot;,&quot;from&quot;:&quot;article footer&quot;,&quot;name&quot;:&quot;A\\u00e9roport de Marseille-Provence&quot;,&quot;type&quot;:&quot;cta&quot;}}\" target=\"_blank\" rel=\"noopener\">#A\u00e9roport de Marseille-Provence<\/a><\/li>\n<li><a href=\"https:\/\/actu.fr\/tag\/transavia\" data-trk=\"{&quot;cta&quot;:{&quot;action&quot;:&quot;Transavia&quot;,&quot;category&quot;:&quot;tag&quot;,&quot;from&quot;:&quot;article footer&quot;,&quot;name&quot;:&quot;Transavia&quot;,&quot;type&quot;:&quot;cta&quot;}}\" target=\"_blank\" rel=\"noopener\">#Transavia<\/a><\/li>\n<\/ul>\n","protected":false},"excerpt":{"rendered":"Par Thibault Nadal Publi\u00e9 le 20 juil. 2025 \u00e0 7h14 En qu\u00eate de soleil, alors que c\u2019est l\u2019hiver&hellip;\n","protected":false},"author":2,"featured_media":193757,"comment_status":"","ping_status":"","sticky":false,"template":"","format":"standard","meta":{"footnotes":""},"categories":[2814],"tags":[1111,11,9404,1777,674,1011,27,884,12,882,25,104,756],"class_list":{"0":"post-260409","1":"post","2":"type-post","3":"status-publish","4":"format-standard","5":"has-post-thumbnail","7":"category-marseille","8":"tag-actu","9":"tag-actualites","10":"tag-aeroport-de-marseille-provence","11":"tag-eu","12":"tag-europe","13":"tag-fr","14":"tag-france","15":"tag-marseille","16":"tag-news","17":"tag-provence-alpes-cote-dazur","18":"tag-republique-francaise","19":"tag-societe","20":"tag-transavia"},"share_on_mastodon":{"url":"https:\/\/pubeurope.com\/@fr\/114883937163277654","error":""},"_links":{"self":[{"href":"https:\/\/www.europesays.com\/fr\/wp-json\/wp\/v2\/posts\/260409","targetHints":{"allow":["GET"]}}],"collection":[{"href":"https:\/\/www.europesays.com\/fr\/wp-json\/wp\/v2\/posts"}],"about":[{"href":"https:\/\/www.europesays.com\/fr\/wp-json\/wp\/v2\/types\/post"}],"author":[{"embeddable":true,"href":"https:\/\/www.europesays.com\/fr\/wp-json\/wp\/v2\/users\/2"}],"replies":[{"embeddable":true,"href":"https:\/\/www.europesays.com\/fr\/wp-json\/wp\/v2\/comments?post=260409"}],"version-history":[{"count":0,"href":"https:\/\/www.europesays.com\/fr\/wp-json\/wp\/v2\/posts\/260409\/revisions"}],"wp:featuredmedia":[{"embeddable":true,"href":"https:\/\/www.europesays.com\/fr\/wp-json\/wp\/v2\/media\/193757"}],"wp:attachment":[{"href":"https:\/\/www.europesays.com\/fr\/wp-json\/wp\/v2\/media?parent=260409"}],"wp:term":[{"taxonomy":"category","embeddable":true,"href":"https:\/\/www.europesays.com\/fr\/wp-json\/wp\/v2\/categories?post=260409"},{"taxonomy":"post_tag","embeddable":true,"href":"https:\/\/www.europesays.com\/fr\/wp-json\/wp\/v2\/tags?post=260409"}],"curies":[{"name":"wp","href":"https:\/\/api.w.org\/{rel}","templated":true}]}}