{"id":260412,"date":"2025-07-20T05:36:10","date_gmt":"2025-07-20T05:36:10","guid":{"rendered":"https:\/\/www.europesays.com\/fr\/260412\/"},"modified":"2025-07-20T05:36:10","modified_gmt":"2025-07-20T05:36:10","slug":"lyon-cette-exposition-inedite-propose-dembarquer-a-bord-du-titanic-tout-savoir","status":"publish","type":"post","link":"https:\/\/www.europesays.com\/fr\/260412\/","title":{"rendered":"Lyon. Cette exposition in\u00e9dite propose \u00ab\u00a0d&#8217;embarquer\u00a0\u00bb \u00e0 bord du Titanic : tout savoir"},"content":{"rendered":"<p>            Par<br \/>\n        <strong><br \/>\n            <a href=\"https:\/\/actu.fr\/auteur\/ludivine-caporal\" title=\"Consulter tous les articles de Ludivine Caporal\" target=\"_blank\" rel=\"noopener\">Ludivine Caporal<\/a><br \/>\n        <\/strong><\/p>\n<p>        Publi\u00e9 le<\/p>\n<p>            20 juil. 2025 \u00e0 7h30        <\/p>\n<p>\u00ab\u2009Plus de 110\u00a0ans apr\u00e8s son naufrage, le Titanic continue de fasciner\u2009\u00bb, pr\u00e9sentent les organisateurs.<\/p>\n<p class=\" wall-content\">D\u00e8s le 30\u00a0septembre 2025, <a href=\"https:\/\/actu.fr\/tag\/la-sucriere\" target=\"_blank\" rel=\"noopener\">La Sucri\u00e8re de Lyon<\/a>, dans le quartier de <a href=\"https:\/\/actu.fr\/tag\/confluence\" target=\"_blank\" rel=\"noopener\">Confluence<\/a>, accueillera une toute nouvelle exposition in\u00e9dite pr\u00e9sent\u00e9e pour la premi\u00e8re fois en France\u2009: \u00ab\u2009Titanic\u2009: un voyage immersif\u2009\u00bb. Une \u00ab\u2009exp\u00e9dition bouleversante\u2009\u00bb sur <strong>le plus c\u00e9l\u00e8bre paquebot de l\u2019histoire.<\/strong><\/p>\n<p>Pr\u00e9sence d\u2019objets originaux, exp\u00e9riences interactives\u2026<\/p>\n<p class=\" wall-content\">D\u2019une dur\u00e9e d\u20191h \u00e0 1h30, la visite permettra d\u2019observer \u00ab\u2009des reconstitutions grandeur nature, des objets originaux, des documents rares\u2009\u00bb et de s\u2019adonner \u00e0 \u00ab\u2009des exp\u00e9riences interactives et projections 3D\u2009\u00bb.<\/p>\n<p class=\" wall-content\">Billets d\u2019embarquement, effets personnels, lettres ou encore costumes et accessoires du <strong>film culte de James Cameron\u2026<\/strong> Les passionn\u00e9s d\u2019histoire et de cin\u00e9ma y trouveront largement leur compte.<\/p>\n<p class=\" wall-content\">\u00ab\u2009Gr\u00e2ce \u00e0 un parcours saisissant, le public sera plong\u00e9 dans l\u2019ambiance luxueuse du Titanic\u2009: des cabines de premi\u00e8re classe \u00e0 la \u00ab\u2009salle des op\u00e9rateurs radio\u2009\u00bb, en passant par son grand escalier embl\u00e9matique. Chaque \u00e9tape invitera \u00e0 revivre l\u2019\u00e9motion des derni\u00e8res heures du navire, jusqu\u2019\u00e0 son destin tragique. Les visiteurs embarqueront \u00e0 leur tour pour une travers\u00e9e entre euphorie, prouesse technique et drame historique. Une salle recr\u00e9era m\u00eame l\u2019ambiance d\u2019un canot de sauvetage\u2009\u00bb, expliquent les organisateurs.<\/p>\n<p>Vid\u00e9os : en ce moment sur Actu<\/p>\n<p class=\" wall-content\"><a href=\"https:\/\/www.instagram.com\/p\/DLaJ78ZuHZW\/embed\" title=\"Ouvrir le lien sur Instagram\" target=\"_blank\" rel=\"noopener\">Visualiser le contenu sur Instagram<\/a><\/p>\n<p class=\" wall-content\">\u00c0 la fin, une exp\u00e9rience en r\u00e9alit\u00e9 virtuelle transportera m\u00eame les visiteurs sur le site de l\u2019\u00e9pave.<\/p>\n<p>\u00c0 partir de 19,90\u00a0\u20ac<\/p>\n<p class=\" wall-content\">L\u2019exposition sera ouverte du mardi au vendredi de 10h \u00e0 18h et les week-ends, jours f\u00e9ri\u00e9s et lundis des vacances scolaires de la zone A aux m\u00eames horaires.\u00a0<\/p>\n<p class=\" wall-content\">Tous les publics sont les bienvenus. L\u2019entr\u00e9e sera propos\u00e9e \u00e0 partir de 19,90 \u20ac.<\/p>\n<p class=\" wall-content\">Suivez toute l\u2019actualit\u00e9 de vos villes et m\u00e9dias favoris en vous inscrivant \u00e0 <a href=\"https:\/\/moncompte.actu.fr\" title=\"D\u00e9couvez Mon Actu\" rel=\"nofollow noopener\" data-trk=\"{&quot;cta&quot;:{&quot;action&quot;:&quot;https:\\\/\\\/moncompte.actu.fr&quot;,&quot;category&quot;:&quot;mon compte&quot;,&quot;from&quot;:&quot;article footer&quot;,&quot;name&quot;:&quot;Mon actu&quot;,&quot;type&quot;:&quot;cta&quot;}}\" target=\"_blank\">Mon Actu<\/a>.<\/p>\n<p>                    <script async src=\"\/\/www.instagram.com\/embed.js\"><\/script><\/p>\n","protected":false},"excerpt":{"rendered":"Par Ludivine Caporal Publi\u00e9 le 20 juil. 2025 \u00e0 7h30 \u00ab\u2009Plus de 110\u00a0ans apr\u00e8s son naufrage, le Titanic&hellip;\n","protected":false},"author":2,"featured_media":260413,"comment_status":"","ping_status":"","sticky":false,"template":"","format":"standard","meta":{"footnotes":""},"categories":[1889],"tags":[1111,11,2430,3157,1777,674,1011,27,937,40048,1652,2428,12,25],"class_list":{"0":"post-260412","1":"post","2":"type-post","3":"status-publish","4":"format-standard","5":"has-post-thumbnail","7":"category-lyon","8":"tag-actu","9":"tag-actualites","10":"tag-auvergne-rhone-alpes","11":"tag-confluence","12":"tag-eu","13":"tag-europe","14":"tag-fr","15":"tag-france","16":"tag-histoire","17":"tag-la-sucriere","18":"tag-loisirs-culture","19":"tag-lyon","20":"tag-news","21":"tag-republique-francaise"},"share_on_mastodon":{"url":"https:\/\/pubeurope.com\/@fr\/114883944946039778","error":""},"_links":{"self":[{"href":"https:\/\/www.europesays.com\/fr\/wp-json\/wp\/v2\/posts\/260412","targetHints":{"allow":["GET"]}}],"collection":[{"href":"https:\/\/www.europesays.com\/fr\/wp-json\/wp\/v2\/posts"}],"about":[{"href":"https:\/\/www.europesays.com\/fr\/wp-json\/wp\/v2\/types\/post"}],"author":[{"embeddable":true,"href":"https:\/\/www.europesays.com\/fr\/wp-json\/wp\/v2\/users\/2"}],"replies":[{"embeddable":true,"href":"https:\/\/www.europesays.com\/fr\/wp-json\/wp\/v2\/comments?post=260412"}],"version-history":[{"count":0,"href":"https:\/\/www.europesays.com\/fr\/wp-json\/wp\/v2\/posts\/260412\/revisions"}],"wp:featuredmedia":[{"embeddable":true,"href":"https:\/\/www.europesays.com\/fr\/wp-json\/wp\/v2\/media\/260413"}],"wp:attachment":[{"href":"https:\/\/www.europesays.com\/fr\/wp-json\/wp\/v2\/media?parent=260412"}],"wp:term":[{"taxonomy":"category","embeddable":true,"href":"https:\/\/www.europesays.com\/fr\/wp-json\/wp\/v2\/categories?post=260412"},{"taxonomy":"post_tag","embeddable":true,"href":"https:\/\/www.europesays.com\/fr\/wp-json\/wp\/v2\/tags?post=260412"}],"curies":[{"name":"wp","href":"https:\/\/api.w.org\/{rel}","templated":true}]}}