{"id":260418,"date":"2025-07-20T05:41:19","date_gmt":"2025-07-20T05:41:19","guid":{"rendered":"https:\/\/www.europesays.com\/fr\/260418\/"},"modified":"2025-07-20T05:41:19","modified_gmt":"2025-07-20T05:41:19","slug":"decouvrez-les-plages-labellisees-pavillon-bleu-pres-de-chez-vous","status":"publish","type":"post","link":"https:\/\/www.europesays.com\/fr\/260418\/","title":{"rendered":"d\u00e9couvrez les plages labellis\u00e9es Pavillon bleu pr\u00e8s de chez vous"},"content":{"rendered":"<p>            Par<br \/>\n        <strong><br \/>\n            <a href=\"https:\/\/actu.fr\/auteur\/florian-tiercin\" title=\"Consulter tous les articles de Florian Tiercin\" target=\"_blank\" rel=\"noopener\">Florian Tiercin<\/a><br \/>\n        <\/strong><\/p>\n<p>        Publi\u00e9 le<\/p>\n<p>            19 juil. 2025 \u00e0 11h00        <\/p>\n<p>Les grandes vacances scolaires de l\u2019\u00e9t\u00e9 2025 ont d\u00e9but\u00e9 en <b>Bretagne<\/b>. Envie de vous baigner ? Cela tombe bien, car <a href=\"https:\/\/www.teragir.org\/projets\/pavillon-bleu\/\" target=\"_blank\" rel=\"noopener\">l\u2019association Teragir<\/a> vient de d\u00e9voiler sa liste des plages labellis\u00e9es <a href=\"https:\/\/pavillonbleu.org\/le-label\/\" target=\"_blank\" rel=\"noopener\">Pavillon bleu<\/a>. Un gage de qualit\u00e9 vieux de 40\u00a0ans pour ces <a href=\"https:\/\/actu.fr\/tag\/plages\" target=\"_blank\" rel=\"noopener\">plages<\/a> bordant des littoraux, des rivi\u00e8res ou des lacs, qui obtiennent donc le label historique de <a href=\"https:\/\/actu.fr\/tag\/tourisme\" target=\"_blank\" rel=\"noopener\">tourisme<\/a> durable.<\/p>\n<p>Neuf plages dans 4 communes dans le Morbihan<\/p>\n<p class=\" wall-content\">Ce label, une fois obtenu, octroie, pour un an, le droit de faire flotter un drapeau bleu, pour bien indiquer aux badauds que la plage qu\u2019ils fr\u00e9quentent est \u00e9co-responsable.<\/p>\n<p class=\" wall-content\">Plusieurs crit\u00e8res sont \u00e9tudi\u00e9s\u2009:<\/p>\n<ul class=\" wall-content\">\n<li>Eau et assainissement,<\/li>\n<li>Biodiversit\u00e9,<\/li>\n<li>Gestion des d\u00e9chets,<\/li>\n<li>Accessibilit\u00e9,<\/li>\n<li>\u00c9ducation et sensibilisation au d\u00e9veloppement durable,<\/li>\n<li>Sobri\u00e9t\u00e9.<\/li>\n<\/ul>\n<p class=\" wall-content\">Au total, ce sont<b> neuf plages dans quatre communes<\/b> qui sont list\u00e9es, dans le Morbihan. \u00c0 l\u2019international, 5\u2009200 ports et plages disposent du label Pavillon bleu.<\/p>\n<p class=\" wall-content\">Voici les sites dans le Morbihan\u2009:<\/p>\n<p>Vid\u00e9os : en ce moment sur Actu<\/p>\n<ul class=\" wall-content\">\n<li><b>Carnac<\/b>\u2009: Saint Colomban, Grande Plage<\/li>\n<li><b>Erdeven<\/b>\u2009: Kerouriec, Kerhillio<\/li>\n<li><b>Guidel<\/b>\u2009: La Falaise, Le Loc\u2019h, Pen er Malo<\/li>\n<li><b>Plouhinec<\/b>\u2009: Kervegant, Le Magouero<\/li>\n<\/ul>\n<p class=\" wall-content\">\n<p>Dans les autres d\u00e9partements bretons<\/p>\n<p class=\" wall-content\">En <b>Ille-et-Vilaine<\/b>, on trouve Port Hue et la Salinette \u00e0 Saint-Briac-sur-Mer ainsi que le lac de Tr\u00e9melin \u00e0 Iffendic.<\/p>\n<p class=\" wall-content\">\n<p class=\" wall-content\">Plusieurs plages sont concern\u00e9es dans le <b>Finist\u00e8re <\/b>:<\/p>\n<ul class=\" wall-content\">\n<li>Pol-de-L\u00e9on : Sainte-Anne<\/li>\n<li>Roscoff : Roc\u2019h Kroum<\/li>\n<li>Plouarzel : Porsmam<\/li>\n<li>Le Conquet : Blancs Savlons, Pors Liogan et Portez<\/li>\n<li>Audierne : plage de Trez Goarem, Trescadec<\/li>\n<li>Plouhinec : Mersperleuc et Gwendrez<\/li>\n<li>Pouldreuzic : Penhors<\/li>\n<li>Fouesnant-Les-Gl\u00e9nan : Kerler, Maner Coat Clevarec, Kerambigorn, Cap Coz (milieu)<\/li>\n<li>Benodet : plage du Trez<\/li>\n<li>Clohars-Carno\u00ebt : Kerrou, Bellangenet<\/li>\n<\/ul>\n<p class=\" wall-content\">Dans les <b>C\u00f4tes-d\u2019Armor,<\/b> il n\u2019y a pas de plages labellis\u00e9es.<\/p>\n<p class=\" wall-content\">Suivez toute l\u2019actualit\u00e9 de vos villes et m\u00e9dias favoris en vous inscrivant \u00e0 <a href=\"https:\/\/moncompte.actu.fr\" title=\"D\u00e9couvez Mon Actu\" rel=\"nofollow noopener\" data-trk=\"{&quot;cta&quot;:{&quot;action&quot;:&quot;https:\\\/\\\/moncompte.actu.fr&quot;,&quot;category&quot;:&quot;mon compte&quot;,&quot;from&quot;:&quot;article footer&quot;,&quot;name&quot;:&quot;Mon actu&quot;,&quot;type&quot;:&quot;cta&quot;}}\" target=\"_blank\">Mon Actu<\/a>.<\/p>\n","protected":false},"excerpt":{"rendered":"Par Florian Tiercin Publi\u00e9 le 19 juil. 2025 \u00e0 11h00 Les grandes vacances scolaires de l\u2019\u00e9t\u00e9 2025 ont&hellip;\n","protected":false},"author":2,"featured_media":260419,"comment_status":"","ping_status":"","sticky":false,"template":"","format":"standard","meta":{"footnotes":""},"categories":[1888],"tags":[11,26972,1777,674,1011,27,1652,6127,12,626,8302,25],"class_list":{"0":"post-260418","1":"post","2":"type-post","3":"status-publish","4":"format-standard","5":"has-post-thumbnail","7":"category-paris","8":"tag-actualites","9":"tag-bretagne-sud","10":"tag-eu","11":"tag-europe","12":"tag-fr","13":"tag-france","14":"tag-loisirs-culture","15":"tag-mer","16":"tag-news","17":"tag-paris","18":"tag-plages","19":"tag-republique-francaise"},"share_on_mastodon":{"url":"https:\/\/pubeurope.com\/@fr\/114883964662135973","error":""},"_links":{"self":[{"href":"https:\/\/www.europesays.com\/fr\/wp-json\/wp\/v2\/posts\/260418","targetHints":{"allow":["GET"]}}],"collection":[{"href":"https:\/\/www.europesays.com\/fr\/wp-json\/wp\/v2\/posts"}],"about":[{"href":"https:\/\/www.europesays.com\/fr\/wp-json\/wp\/v2\/types\/post"}],"author":[{"embeddable":true,"href":"https:\/\/www.europesays.com\/fr\/wp-json\/wp\/v2\/users\/2"}],"replies":[{"embeddable":true,"href":"https:\/\/www.europesays.com\/fr\/wp-json\/wp\/v2\/comments?post=260418"}],"version-history":[{"count":0,"href":"https:\/\/www.europesays.com\/fr\/wp-json\/wp\/v2\/posts\/260418\/revisions"}],"wp:featuredmedia":[{"embeddable":true,"href":"https:\/\/www.europesays.com\/fr\/wp-json\/wp\/v2\/media\/260419"}],"wp:attachment":[{"href":"https:\/\/www.europesays.com\/fr\/wp-json\/wp\/v2\/media?parent=260418"}],"wp:term":[{"taxonomy":"category","embeddable":true,"href":"https:\/\/www.europesays.com\/fr\/wp-json\/wp\/v2\/categories?post=260418"},{"taxonomy":"post_tag","embeddable":true,"href":"https:\/\/www.europesays.com\/fr\/wp-json\/wp\/v2\/tags?post=260418"}],"curies":[{"name":"wp","href":"https:\/\/api.w.org\/{rel}","templated":true}]}}