{"id":260422,"date":"2025-07-20T05:43:10","date_gmt":"2025-07-20T05:43:10","guid":{"rendered":"https:\/\/www.europesays.com\/fr\/260422\/"},"modified":"2025-07-20T05:43:10","modified_gmt":"2025-07-20T05:43:10","slug":"entretien-guerre-en-ukraine-en-enlevant-les-enfants-le-but-des-russes-est-deffacer-lidentite-ukrainienne","status":"publish","type":"post","link":"https:\/\/www.europesays.com\/fr\/260422\/","title":{"rendered":"ENTRETIEN. Guerre en Ukraine\u00a0: en enlevant les enfants, \u00ab\u00a0le but des Russes est d\u2019effacer l\u2019identit\u00e9 ukrainienne\u00a0\u00bb"},"content":{"rendered":"<p>\n                                                                    l&rsquo;essentiel<br \/>\n                                                                Pr\u00e8s de 20\u00a0000 enfants ukrainiens ont \u00e9t\u00e9 identifi\u00e9s comme d\u00e9port\u00e9s vers la Russie ou des territoires occup\u00e9s. Myroslava Kharchenko, cofondatrice de Save Ukraine, raconte comment son ONG brave la peur et les infiltrations pour les retrouver et les ramener chez eux.\n                            <\/p>\n<p class=\"txt-question\">Combien de mineurs sont concern\u00e9s par ces \u00ab\u00a0enl\u00e8vements\u00a0\u00bb\u00a0?<\/p>\n<p>Nous parlons de 1,6\u00a0million d\u2019enfants vivant en territoire occup\u00e9 ou en Russie. Mais cela ne signifie pas qu\u2019ils ont tous \u00e9t\u00e9 d\u00e9port\u00e9s. Cela inclut aussi les enfants rest\u00e9s avec leurs familles dans les territoires occup\u00e9s ou ceux dont les parents ont volontairement choisi de partir en Russie. Parmi eux, seuls 19\u00a0546 ont \u00e9t\u00e9 formellement identifi\u00e9s, c\u2019est-\u00e0-dire qu\u2019on conna\u00eet leur nom, leur date et lieu de naissance, les circonstances de leur d\u00e9part et l\u2019endroit o\u00f9 ils se trouvent aujourd\u2019hui.<\/p>\n<p class=\"std-elt__inline\">\n        <strong>\u00c0 lire aussi :<\/strong><br \/>\n        <a href=\"https:\/\/www.ladepeche.fr\/2025\/07\/20\/guerre-en-ukraine-enleves-puis-adoptes-en-russie-au-mepris-du-droit-international-que-deviennent-les-enfants-voles-ukrainiens-12834946.php\" rel=\"nofollow noopener\" target=\"_blank\">Guerre en Ukraine\u00a0: enlev\u00e9s puis adopt\u00e9s en Russie au m\u00e9pris du droit international, que deviennent les enfants vol\u00e9s ukrainiens\u00a0?<\/a>\n    <\/p>\n<p class=\"txt-question\">Comment les retrouvez-vous\u00a0?<\/p>\n<p>On vit en 2025\u00a0: cam\u00e9ras, t\u00e9l\u00e9phones, internet\u2026 Avec les bons outils, on peut retrouver n\u2019importe qui, m\u00eame \u00e0 l\u2019autre bout du monde\u2026 Le plus difficile, c\u2019est surtout la prise de contact. Les familles ont peur. On leur raconte que des agents les contactent pour les pi\u00e9ger et que le lendemain, les militaires russes d\u00e9barquent. Alors on passe par des proches, on se fait passer pour des b\u00e9n\u00e9voles \u00e9trangers, on invente des histoires. L\u2019enjeu, c\u2019est de cr\u00e9er un lien de confiance.<\/p>\n<p class=\"txt-question\">Comment se passe l\u2019exfiltration\u00a0?<\/p>\n<p>On les fait passer en petits groupes, discr\u00e8tement, pour \u00e9viter de trop attirer l\u2019attention, via un point de transit dans un autre pays. Une fois en territoire ukrainien seulement, on leur dit la v\u00e9rit\u00e9. Les Russes tentent r\u00e9guli\u00e8rement d\u2019infiltrer nos r\u00e9seaux, mais on est aid\u00e9 par les services de s\u00e9curit\u00e9 ukrainiens. Fin juin, on a pu faire revenir seize enfants, certains tr\u00e8s jeunes, d\u2019autres presque majeurs, certains avec un handicap.<\/p>\n<p class=\"std-elt__inline\">\n        <strong>\u00c0 lire aussi :<\/strong><br \/>\n        <a href=\"https:\/\/www.ladepeche.fr\/2025\/07\/19\/lancer-des-frappes-preventives-contre-loccident-lancien-president-russe-veut-lutter-contre-la-trahison-des-europeens-et-des-americains-12834598.php\" rel=\"nofollow noopener\" target=\"_blank\">\u00ab\u00a0Lancer des frappes pr\u00e9ventives\u00a0\u00bb contre l\u2019Occident\u2026 L\u2019ancien pr\u00e9sident russe veut lutter contre la \u00ab\u00a0trahison\u00a0\u00bb des Europ\u00e9ens et des Am\u00e9ricains<\/a>\n    <\/p>\n<p class=\"txt-question\">O\u00f9 vont les enfants une fois qu\u2019ils sont exfiltr\u00e9s\u00a0?<\/p>\n<p>Ils arrivent \u2013 souvent avec leur famille \u2013 dans des centres temporaires o\u00f9 on les accueille, on les soigne, on les \u00e9coute. Certains sont en \u00e9tat de choc, d\u2019autres ont \u00e9t\u00e9 endoctrin\u00e9s, on leur disait par exemple que l\u2019Ukraine \u00e9tait totalement d\u00e9truite ou que c\u2019est tr\u00e8s dangereux. On ne les brusque pas. On leur propose un suivi m\u00e9dical, psychologique, on cherche parfois leurs proches ou des familles d\u2019accueil.<\/p>\n<p class=\"txt-question\">Pourquoi la Russie enl\u00e8ve-t-elle ces enfants\u00a0?<\/p>\n<p>Le but est clair\u00a0: d\u00e9truire notre nation, effacer l\u2019identit\u00e9 ukrainienne des enfants et transformer nos enfants en Russes. La d\u00e9portation n\u2019est pas un effet secondaire de la guerre\u00a0: c\u2019est une strat\u00e9gie. Un outil de g\u00e9nocide culturel.<\/p>\n<p class=\"txt-question\">Est-ce possible de retrouver tous les enfants\u00a0?<\/p>\n<p>Non, il y a des enfants qu\u2019on ne retrouvera peut-\u00eatre jamais. Ceux dont les parents sont morts, ceux qu\u2019on a emmen\u00e9s b\u00e9b\u00e9s dans un orphelinat russe. Parfois, je me dis que seul un test ADN pourrait fonctionner. Mais il faut qu\u2019un membre de la famille le fasse pour pouvoir comparer.<\/p>\n<p>    Comment la Russie se justifie<\/p>\n<p>Des \u00ab\u00a0\u00e9vacuations\u00a0\u00bb, des \u00ab\u00a0op\u00e9rations de sauvetage\u00a0\u00bb, des \u00ab\u00a0gestes de compassion\u00a0\u00bb\u2026 : tel est le lexique utilis\u00e9 par les m\u00e9dias russes pour parler des enfants ukrainiens. Depuis le 24\u00a0f\u00e9vrier 2022, le Kremlin revendique avoir accueilli 4,8\u00a0millions de ressortissants ukrainiens, dont 700\u00a0000 mineurs. Selon la version officielle, la majorit\u00e9 d\u2019entre eux seraient venus accompagn\u00e9s de leurs parents. Les autres seraient orphelins ou abandonn\u00e9s, plac\u00e9s temporairement ou adopt\u00e9s par des familles russes.<br \/>Mais la r\u00e9alit\u00e9 reste difficile \u00e0 documenter. Orphelinats, camps militaires ou \u00e9tablissement \u00e9ducatifs, les services de renseignement ukrainiens affirment avoir identifi\u00e9 plus de 150 lieux \u00e0 travers la Russie ou les territoires occup\u00e9s, ainsi qu\u2019une quarantaine de familles impliqu\u00e9es dans des adoptions ill\u00e9gales.<br \/>Pour Kiev, ces centres sont avant tout des instruments de propagande, o\u00f9 les enfants seraient soumis \u00e0 une intense russification \u2013 endoctrinement, lavage de cerveau, changement de nom\u2026<br \/>Symbole de cette politique, Maria Lvova-Belova, la commissaire russe aux droits de l\u2019enfant. Elle revendique elle-m\u00eame l\u2019adoption d\u2019un adolescent originaire de Marioupol et en parle r\u00e9guli\u00e8rement sur les r\u00e9seaux sociaux.<br \/>Le 17\u00a0mars 2023, la Cour p\u00e9nale internationale a \u00e9mis un mandat d\u2019arr\u00eat \u00e0 son encontre, l\u2019accusant de crimes de guerre pour \u00ab\u00a0transfert ill\u00e9gal d\u2019enfants d\u2019un territoire occup\u00e9\u00a0\u00bb.<\/p>\n","protected":false},"excerpt":{"rendered":"l&rsquo;essentiel Pr\u00e8s de 20\u00a0000 enfants ukrainiens ont \u00e9t\u00e9 identifi\u00e9s comme d\u00e9port\u00e9s vers la Russie ou des territoires occup\u00e9s.&hellip;\n","protected":false},"author":2,"featured_media":260423,"comment_status":"","ping_status":"","sticky":false,"template":"","format":"standard","meta":{"footnotes":""},"categories":[1591],"tags":[11,1887,12,1885,1886,132],"class_list":{"0":"post-260422","1":"post","2":"type-post","3":"status-publish","4":"format-standard","5":"has-post-thumbnail","7":"category-russie","8":"tag-actualites","9":"tag-federation-de-russie","10":"tag-news","11":"tag-russia","12":"tag-russian-federation","13":"tag-russie"},"share_on_mastodon":{"url":"https:\/\/pubeurope.com\/@fr\/114883972478372258","error":""},"_links":{"self":[{"href":"https:\/\/www.europesays.com\/fr\/wp-json\/wp\/v2\/posts\/260422","targetHints":{"allow":["GET"]}}],"collection":[{"href":"https:\/\/www.europesays.com\/fr\/wp-json\/wp\/v2\/posts"}],"about":[{"href":"https:\/\/www.europesays.com\/fr\/wp-json\/wp\/v2\/types\/post"}],"author":[{"embeddable":true,"href":"https:\/\/www.europesays.com\/fr\/wp-json\/wp\/v2\/users\/2"}],"replies":[{"embeddable":true,"href":"https:\/\/www.europesays.com\/fr\/wp-json\/wp\/v2\/comments?post=260422"}],"version-history":[{"count":0,"href":"https:\/\/www.europesays.com\/fr\/wp-json\/wp\/v2\/posts\/260422\/revisions"}],"wp:featuredmedia":[{"embeddable":true,"href":"https:\/\/www.europesays.com\/fr\/wp-json\/wp\/v2\/media\/260423"}],"wp:attachment":[{"href":"https:\/\/www.europesays.com\/fr\/wp-json\/wp\/v2\/media?parent=260422"}],"wp:term":[{"taxonomy":"category","embeddable":true,"href":"https:\/\/www.europesays.com\/fr\/wp-json\/wp\/v2\/categories?post=260422"},{"taxonomy":"post_tag","embeddable":true,"href":"https:\/\/www.europesays.com\/fr\/wp-json\/wp\/v2\/tags?post=260422"}],"curies":[{"name":"wp","href":"https:\/\/api.w.org\/{rel}","templated":true}]}}