{"id":260432,"date":"2025-07-20T05:48:21","date_gmt":"2025-07-20T05:48:21","guid":{"rendered":"https:\/\/www.europesays.com\/fr\/260432\/"},"modified":"2025-07-20T05:48:21","modified_gmt":"2025-07-20T05:48:21","slug":"nos-bleus-sont-vice-champions-deurope","status":"publish","type":"post","link":"https:\/\/www.europesays.com\/fr\/260432\/","title":{"rendered":"NOS BLEUS SONT VICE-CHAMPIONS D\u2019EUROPE !"},"content":{"rendered":"<p>Ils y ont cru jusqu\u2019au bout. Nos franc\u0327ais se sont incline\u0301s en finale de l\u2019Euro face a\u0300 l\u2019Allemagne, au terme d\u2019un match intense et d\u2019une se\u0301ance de shoot-out haletante. Malgre\u0301 une performance remarquable tout au long de la compe\u0301tition, les Bleus doivent se contenter d\u2019une superbe me\u0301daille d\u2019argent&#8230; et du titre de vice-champions d\u2019Europe !<\/p>\n<p style=\"text-align: center;\"><img loading=\"lazy\" decoding=\"async\" src=\"https:\/\/www.europesays.com\/fr\/wp-content\/uploads\/2025\/07\/Unknown-2.jpeg\" alt=\"Unknown-2.jpeg\" width=\"429\" height=\"537\" style=\"display: block; margin-left: auto; margin-right: auto;\"\/><strong>(c) Lionel Bioret<\/strong><\/p>\n<p data-start=\"89\" data-end=\"439\">Le d\u00e9but de la rencontre a pourtant souri aux Fran\u00e7ais. Bien en place tactiquement, ils ont rapidement pris l\u2019avantage gr\u00e2ce \u00e0 un but de Luca Scholz, concr\u00e9tisant une domination d\u00e8s les premi\u00e8res minutes. Mais, apr\u00e8s la pause, les Allemands ont r\u00e9agi. Sur une belle action collective, ils ont r\u00e9ussi \u00e0 \u00e9galiser, relan\u00e7ant totalement la partie.<\/p>\n<p data-start=\"441\" data-end=\"914\">Port\u00e9s par cette \u00e9galisation, les Allemands ont ensuite impos\u00e9 un rythme soutenu, multipliant les offensives. Mais les Fran\u00e7ais n\u2019ont jamais c\u00e9d\u00e9. Solidaires, disciplin\u00e9s et courageux, ils ont tenu bon en d\u00e9fense jusqu\u2019au bout du temps r\u00e9glementaire, poussant leurs adversaires jusqu\u2019aux shoot-outs. Mention sp\u00e9ciale \u00e0 notre gardien L\u00e9on Herbaut, auteur de plusieurs arr\u00eats d\u00e9cisifs en fin de match, qui a maintenu les Bleus en vie dans les moments les plus importants.<\/p>\n<p data-start=\"916\" data-end=\"1232\">La s\u00e9ance de shoot-outs a \u00e9t\u00e9 \u00e0 l\u2019image du match : tendue, \u00e9quilibr\u00e9e et pleine de rebondissements. Il a fallu en arriver \u00e0 la mort subite pour d\u00e9partager les deux \u00e9quipes. Et c\u2019est finalement le gardien allemand, imp\u00e9rial sur sa ligne, qui a repouss\u00e9 le dernier tir fran\u00e7ais, offrant le sacre \u00e0 l\u2019Allemagne.<\/p>\n<p data-start=\"1234\" data-end=\"1562\">Une fin cruelle pour les Bleus, qui ont livr\u00e9 une comp\u00e9tition exceptionnelle, marqu\u00e9e notamment par deux magnifiques victoires face aux Pays-Bas en ouverture de tournoi et face \u00e0 l\u2019Espagne en demi-finale. S\u2019ils n\u2019ont pas d\u00e9croch\u00e9 l\u2019or, ils termine ce tournoi avec la t\u00eate haute, port\u00e9s par un collectif solide et des valeurs exemplaires.<\/p>\n<p data-start=\"1564\" data-end=\"1630\">Bravo et merci \u00e0 nos jeunes Bleus pour ce parcours historique !<\/p>\n<p data-start=\"1564\" data-end=\"1630\">Merci au club du Lille Hoc et \u00e0 tous ses b\u00e9n\u00e9voles pour la r\u00e9ception de ce superbe \u00e9v\u00e8nement sur le sol fran\u00e7ais.\u00a0<\/p>\n<p data-start=\"1632\" data-end=\"1667\">Article r\u00e9dig\u00e9 par Arthur Chailan<\/p>\n","protected":false},"excerpt":{"rendered":"Ils y ont cru jusqu\u2019au bout. Nos franc\u0327ais se sont incline\u0301s en finale de l\u2019Euro face a\u0300 l\u2019Allemagne,&hellip;\n","protected":false},"author":2,"featured_media":260433,"comment_status":"","ping_status":"","sticky":false,"template":"","format":"standard","meta":{"footnotes":""},"categories":[1586],"tags":[11,8882,37607,37608,1777,674,37605,22302,1011,26,27,37177,4488,12,12998,9640,704,37606,25,8878],"class_list":{"0":"post-260432","1":"post","2":"type-post","3":"status-publish","4":"format-standard","5":"has-post-thumbnail","7":"category-europe","8":"tag-actualites","9":"tag-developpement","10":"tag-diriger","11":"tag-encourager","12":"tag-eu","13":"tag-europe","14":"tag-fair-play","15":"tag-federation","16":"tag-fr","17":"tag-francaise","18":"tag-france","19":"tag-gazon","20":"tag-hockey","21":"tag-news","22":"tag-non-violence","23":"tag-organisation","24":"tag-promotion","25":"tag-reglementer","26":"tag-republique-francaise","27":"tag-salle"},"share_on_mastodon":{"url":"https:\/\/pubeurope.com\/@fr\/114883992315083715","error":""},"_links":{"self":[{"href":"https:\/\/www.europesays.com\/fr\/wp-json\/wp\/v2\/posts\/260432","targetHints":{"allow":["GET"]}}],"collection":[{"href":"https:\/\/www.europesays.com\/fr\/wp-json\/wp\/v2\/posts"}],"about":[{"href":"https:\/\/www.europesays.com\/fr\/wp-json\/wp\/v2\/types\/post"}],"author":[{"embeddable":true,"href":"https:\/\/www.europesays.com\/fr\/wp-json\/wp\/v2\/users\/2"}],"replies":[{"embeddable":true,"href":"https:\/\/www.europesays.com\/fr\/wp-json\/wp\/v2\/comments?post=260432"}],"version-history":[{"count":0,"href":"https:\/\/www.europesays.com\/fr\/wp-json\/wp\/v2\/posts\/260432\/revisions"}],"wp:featuredmedia":[{"embeddable":true,"href":"https:\/\/www.europesays.com\/fr\/wp-json\/wp\/v2\/media\/260433"}],"wp:attachment":[{"href":"https:\/\/www.europesays.com\/fr\/wp-json\/wp\/v2\/media?parent=260432"}],"wp:term":[{"taxonomy":"category","embeddable":true,"href":"https:\/\/www.europesays.com\/fr\/wp-json\/wp\/v2\/categories?post=260432"},{"taxonomy":"post_tag","embeddable":true,"href":"https:\/\/www.europesays.com\/fr\/wp-json\/wp\/v2\/tags?post=260432"}],"curies":[{"name":"wp","href":"https:\/\/api.w.org\/{rel}","templated":true}]}}